{"id":3477,"date":"2021-06-22T11:29:52","date_gmt":"2021-06-22T09:29:52","guid":{"rendered":"https:\/\/agora.xtec.cat\/ins-sagulla\/?p=3477"},"modified":"2021-06-22T11:29:52","modified_gmt":"2021-06-22T09:29:52","slug":"les-colonies-dels-alumnes-de-2n-eso-a-cantonigros","status":"publish","type":"post","link":"https:\/\/agora.xtec.cat\/ins-sagulla\/general\/les-colonies-dels-alumnes-de-2n-eso-a-cantonigros\/","title":{"rendered":"Les col\u00f2nies dels alumnes de 2n ESO a Cantonigr\u00f2s"},"content":{"rendered":"<p>Els alumnes de 2n ESO, acompanyats dels seus tutors i una quarta professora del centre, han passat tres dies de col\u00f2nies a Cantonigr\u00f2s.<\/p>\n<p><strong>Dimecres, 16 de juny<\/strong><\/p>\n<p>Van sortir amb autocar cap a Osona i, despr\u00e9s d&#8217;esmorzar i de deixar l&#8217;equipatge, van fer una ruta a peu fins al <strong>Santuari de Cabrera<\/strong> al <strong>Collsacabra.<\/strong><\/p>\n<p>All\u00e0 van dinar i, alliberats de m\u00f2bils, van poder gaudir d&#8217;una estona de conversa i bromes amb els companys.<\/p>\n<p>En acabar, van fer el cam\u00ed de tornada cap al poble per instal\u00b7lar-se per grups bombolla a les habitacions.<\/p>\n<p>A a la tarda, tres monitores els van preparar uns quants jocs. Despr\u00e9s de sopar, la primera jornada es va acabar amb un joc de nit al bosc.<\/p>\n<p><strong>Dijous, 17 de juny<\/strong><\/p>\n<p>La primera activitat del segon dia va ser caminar fins a <strong>La Foradada<\/strong>. Pel cam\u00ed va ploure, per\u00f2 igualment van fer una activitat de cerca i identificaci\u00f3 d&#8217;algunes plantes i arbres aut\u00f2ctons de la zona, mentre feien cam\u00ed.<\/p>\n<p>A causa de la meteorologia, despr\u00e9s de berenar, els jocs es van fer a la mateixa casa de col\u00f2nies, on tamb\u00e9 van fer tir amb arc.<\/p>\n<p>De nit, es va organitzar una competici\u00f3 de m\u00fasica i ball per grups. Abans d&#8217;anar a dormir, van tornar al bosc a fer un joc de nit inspirat en hist\u00f2ries de terror.<\/p>\n<p><strong>Divendres 18 de juny<\/strong><\/p>\n<p>Tocava fer l&#8217;equipatge i endre\u00e7ar les habitacions ben aviat per\u00f2, despr\u00e9s d&#8217;esmorzar, han fet jocs d&#8217;equilibri i d&#8217;escalada en els jardins de la casa de col\u00f2nies.<\/p>\n<p>Despr\u00e9s de dinar i de fer les darreres fotos, ha estat l&#8217;hora de tornar cap a l&#8217;institut carregats de maletes i de records d&#8217;aquests dies de <strong>conviv\u00e8ncia<\/strong>.<\/p>\n<p><a href=\"https:\/\/agora.xtec.cat\/ins-sagulla\/wp-content\/uploads\/usu2114\/2021\/06\/IMG-20210618-WA0043-1024x767-1.jpg\"><img loading=\"lazy\" decoding=\"async\" class=\"alignnone size-large wp-image-3486\" src=\"https:\/\/agora.xtec.cat\/ins-sagulla\/wp-content\/uploads\/usu2114\/2021\/06\/IMG-20210618-WA0043-1024x767-1-1024x535.jpg\" alt=\"\" width=\"1024\" height=\"535\" srcset=\"https:\/\/agora.xtec.cat\/ins-sagulla\/wp-content\/uploads\/usu2114\/2021\/06\/IMG-20210618-WA0043-1024x767-1.jpg 1024w, https:\/\/agora.xtec.cat\/ins-sagulla\/wp-content\/uploads\/usu2114\/2021\/06\/IMG-20210618-WA0043-1024x767-1-300x157.jpg 300w, https:\/\/agora.xtec.cat\/ins-sagulla\/wp-content\/uploads\/usu2114\/2021\/06\/IMG-20210618-WA0043-1024x767-1-768x401.jpg 768w\" sizes=\"auto, (max-width: 1024px) 100vw, 1024px\" \/><\/a><\/p>\n","protected":false},"excerpt":{"rendered":"<p>Els alumnes de 2n ESO, acompanyats dels seus tutors i una quarta professora del centre, han passat tres dies de col\u00f2nies a Cantonigr\u00f2s.<br \/>\nDimecres, 16 de juny<br \/>\nVan sortir amb autocar cap a Osona i, despr\u00e9s d&#8217;esmorzar i de deixar l&#8217;equipatge, van fer una ruta a peu&hellip;  <a href=\"https:\/\/agora.xtec.cat\/ins-sagulla\/general\/les-colonies-dels-alumnes-de-2n-eso-a-cantonigros\/\" title=\"Read Les col\u00f2nies dels alumnes de 2n ESO a Cantonigr\u00f2s\">Llegeix m\u00e9s\u00bb<\/a><\/p>\n","protected":false},"author":86,"featured_media":3486,"comment_status":"open","ping_status":"closed","sticky":false,"template":"","format":"standard","meta":{"_bbp_topic_count":0,"_bbp_reply_count":0,"_bbp_total_topic_count":0,"_bbp_total_reply_count":0,"_bbp_voice_count":0,"_bbp_anonymous_reply_count":0,"_bbp_topic_count_hidden":0,"_bbp_reply_count_hidden":0,"_bbp_forum_subforum_count":0,"footnotes":""},"categories":[3,5,1,29],"tags":[638,636,633,635,634,637],"class_list":["post-3477","post","type-post","status-publish","format-standard","has-post-thumbnail","hentry","category-eso","category-eso-2","category-general","category-portada","tag-collsacabra","tag-colonies","tag-convivencia","tag-equipatge","tag-histories-de-terror","tag-santuari-de-cabrera"],"post_mailing_queue_ids":[],"_links":{"self":[{"href":"https:\/\/agora.xtec.cat\/ins-sagulla\/wp-json\/wp\/v2\/posts\/3477","targetHints":{"allow":["GET"]}}],"collection":[{"href":"https:\/\/agora.xtec.cat\/ins-sagulla\/wp-json\/wp\/v2\/posts"}],"about":[{"href":"https:\/\/agora.xtec.cat\/ins-sagulla\/wp-json\/wp\/v2\/types\/post"}],"author":[{"embeddable":true,"href":"https:\/\/agora.xtec.cat\/ins-sagulla\/wp-json\/wp\/v2\/users\/86"}],"replies":[{"embeddable":true,"href":"https:\/\/agora.xtec.cat\/ins-sagulla\/wp-json\/wp\/v2\/comments?post=3477"}],"version-history":[{"count":3,"href":"https:\/\/agora.xtec.cat\/ins-sagulla\/wp-json\/wp\/v2\/posts\/3477\/revisions"}],"predecessor-version":[{"id":3487,"href":"https:\/\/agora.xtec.cat\/ins-sagulla\/wp-json\/wp\/v2\/posts\/3477\/revisions\/3487"}],"wp:featuredmedia":[{"embeddable":true,"href":"https:\/\/agora.xtec.cat\/ins-sagulla\/wp-json\/wp\/v2\/media\/3486"}],"wp:attachment":[{"href":"https:\/\/agora.xtec.cat\/ins-sagulla\/wp-json\/wp\/v2\/media?parent=3477"}],"wp:term":[{"taxonomy":"category","embeddable":true,"href":"https:\/\/agora.xtec.cat\/ins-sagulla\/wp-json\/wp\/v2\/categories?post=3477"},{"taxonomy":"post_tag","embeddable":true,"href":"https:\/\/agora.xtec.cat\/ins-sagulla\/wp-json\/wp\/v2\/tags?post=3477"}],"curies":[{"name":"wp","href":"https:\/\/api.w.org\/{rel}","templated":true}]}}