{"id":3399,"date":"2021-06-17T13:55:53","date_gmt":"2021-06-17T11:55:53","guid":{"rendered":"https:\/\/agora.xtec.cat\/ins-sagulla\/?p=3399"},"modified":"2021-09-09T13:53:49","modified_gmt":"2021-09-09T11:53:49","slug":"projecte-danimacio-sociocultural-al-sociosanitari-sant-jaume","status":"publish","type":"post","link":"https:\/\/agora.xtec.cat\/ins-sagulla\/portada\/projecte-danimacio-sociocultural-al-sociosanitari-sant-jaume\/","title":{"rendered":"Projecte d&#8217;animaci\u00f3 sociocultural al Sociosanitari Sant Jaume"},"content":{"rendered":"<p>L&#8217;alumnat de 1r del CFGM Atenci\u00f3 a persones en situaci\u00f3 de depend\u00e8ncia (TAPSD) ha realitzat un <strong>projecte d&#8217;animaci\u00f3 sociocultural<\/strong> entre el m\u00f2dul d&#8217;atenci\u00f3 i suport psicosocial i el m\u00f2dul destreses socials.<\/p>\n<p>Durant el mes de maig s&#8217;ha pogut realitzar una implementaci\u00f3 d&#8217;aquestes din\u00e0miques, despr\u00e9s d&#8217;un curs amb moltes restriccions a causa de la COVID.<\/p>\n<p>El professorat i l&#8217;alumnat ha quedat molt satisfet de l&#8217;experi\u00e8ncia i vol agrair a l&#8217;equip t\u00e8cnic del centre el suport i acompanyament que hem rebut en tot moment.<\/p>\n<p>A continuaci\u00f3 podreu veure diferents fotografies de la jornada:<\/p>\n<p><a href=\"https:\/\/agora.xtec.cat\/ins-sagulla\/wp-content\/uploads\/usu2114\/2021\/06\/david.jpg\"><img loading=\"lazy\" decoding=\"async\" class=\"alignnone size-large wp-image-3427\" src=\"https:\/\/agora.xtec.cat\/ins-sagulla\/wp-content\/uploads\/usu2114\/2021\/06\/david-1024x591.jpg\" alt=\"\" width=\"1024\" height=\"591\" srcset=\"https:\/\/agora.xtec.cat\/ins-sagulla\/wp-content\/uploads\/usu2114\/2021\/06\/david.jpg 1024w, https:\/\/agora.xtec.cat\/ins-sagulla\/wp-content\/uploads\/usu2114\/2021\/06\/david-300x173.jpg 300w, https:\/\/agora.xtec.cat\/ins-sagulla\/wp-content\/uploads\/usu2114\/2021\/06\/david-768x443.jpg 768w\" sizes=\"auto, (max-width: 1024px) 100vw, 1024px\" \/><\/a><\/p>\n<p><a href=\"https:\/\/agora.xtec.cat\/ins-sagulla\/wp-content\/uploads\/usu2114\/2021\/06\/photo5895623980436535060-1024x768-1.jpg\"><img loading=\"lazy\" decoding=\"async\" class=\"alignnone size-large wp-image-3438\" src=\"https:\/\/agora.xtec.cat\/ins-sagulla\/wp-content\/uploads\/usu2114\/2021\/06\/photo5895623980436535060-1024x768-1-1024x673.jpg\" alt=\"\" width=\"1024\" height=\"673\" srcset=\"https:\/\/agora.xtec.cat\/ins-sagulla\/wp-content\/uploads\/usu2114\/2021\/06\/photo5895623980436535060-1024x768-1.jpg 1024w, https:\/\/agora.xtec.cat\/ins-sagulla\/wp-content\/uploads\/usu2114\/2021\/06\/photo5895623980436535060-1024x768-1-300x197.jpg 300w, https:\/\/agora.xtec.cat\/ins-sagulla\/wp-content\/uploads\/usu2114\/2021\/06\/photo5895623980436535060-1024x768-1-768x505.jpg 768w\" sizes=\"auto, (max-width: 1024px) 100vw, 1024px\" \/><\/a><\/p>\n<p><a href=\"https:\/\/agora.xtec.cat\/ins-sagulla\/wp-content\/uploads\/usu2114\/2021\/06\/photo5895623980436535053-1-1024x768-1.jpg\"><img loading=\"lazy\" decoding=\"async\" class=\"alignnone size-large wp-image-3433\" src=\"https:\/\/agora.xtec.cat\/ins-sagulla\/wp-content\/uploads\/usu2114\/2021\/06\/photo5895623980436535053-1-1024x768-1-1024x521.jpg\" alt=\"\" width=\"1024\" height=\"521\" srcset=\"https:\/\/agora.xtec.cat\/ins-sagulla\/wp-content\/uploads\/usu2114\/2021\/06\/photo5895623980436535053-1-1024x768-1.jpg 1024w, https:\/\/agora.xtec.cat\/ins-sagulla\/wp-content\/uploads\/usu2114\/2021\/06\/photo5895623980436535053-1-1024x768-1-300x153.jpg 300w, https:\/\/agora.xtec.cat\/ins-sagulla\/wp-content\/uploads\/usu2114\/2021\/06\/photo5895623980436535053-1-1024x768-1-768x391.jpg 768w\" sizes=\"auto, (max-width: 1024px) 100vw, 1024px\" \/><\/a><\/p>\n","protected":false},"excerpt":{"rendered":"<p>L&#8217;alumnat de 1r del CFGM Atenci\u00f3 a persones en situaci\u00f3 de depend\u00e8ncia (TAPSD) ha realitzat un projecte d&#8217;animaci\u00f3 sociocultural entre el m\u00f2dul d&#8217;atenci\u00f3 i suport psicosocial i el m\u00f2dul destreses socials.<br \/>\nDurant el mes de maig s&#8217;ha pogut realitzar una implementaci\u00f3 d&#8217;aquestes din\u00e0miques, despr\u00e9s d&#8217;un curs&hellip;  <a href=\"https:\/\/agora.xtec.cat\/ins-sagulla\/portada\/projecte-danimacio-sociocultural-al-sociosanitari-sant-jaume\/\" title=\"Read Projecte d&#8217;animaci\u00f3 sociocultural al Sociosanitari Sant Jaume\">Llegeix m\u00e9s\u00bb<\/a><\/p>\n","protected":false},"author":97,"featured_media":3427,"comment_status":"closed","ping_status":"closed","sticky":false,"template":"","format":"standard","meta":{"_bbp_topic_count":0,"_bbp_reply_count":0,"_bbp_total_topic_count":0,"_bbp_total_reply_count":0,"_bbp_voice_count":0,"_bbp_anonymous_reply_count":0,"_bbp_topic_count_hidden":0,"_bbp_reply_count_hidden":0,"_bbp_forum_subforum_count":0,"footnotes":""},"categories":[296,150,209,322,213,29,336],"tags":[621,524,618,620,619,487,622,617],"class_list":["post-3399","post","type-post","status-publish","format-standard","has-post-thumbnail","hentry","category-1r-tapsd","category-cfgm-atencio-persones-situacio-dependencia","category-covid-19","category-fotos","category-grau-mitja","category-portada","category-serveis-a-la-comunitat","tag-animacio-sociocultural","tag-aprenentatge-servei","tag-dinamiques","tag-gent-gran","tag-implementacio","tag-projecte","tag-servei-comunitari","tag-sociosanitari"],"post_mailing_queue_ids":[],"_links":{"self":[{"href":"https:\/\/agora.xtec.cat\/ins-sagulla\/wp-json\/wp\/v2\/posts\/3399","targetHints":{"allow":["GET"]}}],"collection":[{"href":"https:\/\/agora.xtec.cat\/ins-sagulla\/wp-json\/wp\/v2\/posts"}],"about":[{"href":"https:\/\/agora.xtec.cat\/ins-sagulla\/wp-json\/wp\/v2\/types\/post"}],"author":[{"embeddable":true,"href":"https:\/\/agora.xtec.cat\/ins-sagulla\/wp-json\/wp\/v2\/users\/97"}],"replies":[{"embeddable":true,"href":"https:\/\/agora.xtec.cat\/ins-sagulla\/wp-json\/wp\/v2\/comments?post=3399"}],"version-history":[{"count":3,"href":"https:\/\/agora.xtec.cat\/ins-sagulla\/wp-json\/wp\/v2\/posts\/3399\/revisions"}],"predecessor-version":[{"id":3453,"href":"https:\/\/agora.xtec.cat\/ins-sagulla\/wp-json\/wp\/v2\/posts\/3399\/revisions\/3453"}],"wp:featuredmedia":[{"embeddable":true,"href":"https:\/\/agora.xtec.cat\/ins-sagulla\/wp-json\/wp\/v2\/media\/3427"}],"wp:attachment":[{"href":"https:\/\/agora.xtec.cat\/ins-sagulla\/wp-json\/wp\/v2\/media?parent=3399"}],"wp:term":[{"taxonomy":"category","embeddable":true,"href":"https:\/\/agora.xtec.cat\/ins-sagulla\/wp-json\/wp\/v2\/categories?post=3399"},{"taxonomy":"post_tag","embeddable":true,"href":"https:\/\/agora.xtec.cat\/ins-sagulla\/wp-json\/wp\/v2\/tags?post=3399"}],"curies":[{"name":"wp","href":"https:\/\/api.w.org\/{rel}","templated":true}]}}