{"id":3338,"date":"2021-06-15T13:39:53","date_gmt":"2021-06-15T11:39:53","guid":{"rendered":"https:\/\/agora.xtec.cat\/ins-sagulla\/?p=3338"},"modified":"2021-06-15T13:45:08","modified_gmt":"2021-06-15T11:45:08","slug":"acaben-els-treballs-a-lhort-de-linstitut","status":"publish","type":"post","link":"https:\/\/agora.xtec.cat\/ins-sagulla\/general\/acaben-els-treballs-a-lhort-de-linstitut\/","title":{"rendered":"Acaben els treballs a l&#8217;hort de l&#8217;institut"},"content":{"rendered":"<p>Des de l&#8217;inici del curs, l&#8217;alumnat de 3r i 4t del Projecte de Diversificaci\u00f3 Curricular (PDC), a trav\u00e9s de la mat\u00e8ria de tecnologia, ha treballat amb dedicaci\u00f3 i cura l&#8217;hort de l&#8217;institut.<\/p>\n<p>Ara, que aquesta feina arriba a la seva fi, tot coincidint amb el final de curs, \u00e9s temps de fer una petita valoraci\u00f3.<\/p>\n<p><iframe loading=\"lazy\" src=\"https:\/\/www.youtube.com\/embed\/5fw5qKCxBXs\" width=\"560\" height=\"315\" frameborder=\"0\"><\/iframe><\/p>\n<p>Durant aquests mesos, l&#8217;alumnat ha apr\u00e9s el nom de diferents eines, com la pala, l&#8217;aixada, la m\u00e0nega, etc&#8230;\u00a0I, el m\u00e9s important, ara tamb\u00e9 sap com utilitzar-les!<\/p>\n<p>A banda, ha apr\u00e8s a sembrar i a plantar faves, p\u00e8sols, cebes, alls, enciams, cols, bledes, carbassons, carbasses, maduixes,&#8230; i, sobretot, ha pogut veure com aquestes plantes creixien.<\/p>\n<p>Aquests nois i noies s&#8217;han familiaritzat amb altres tasques habituals de qualsevol hort, com arrencar males herbes, o regar, recollir,&#8230;<\/p>\n<p><a href=\"https:\/\/agora.xtec.cat\/ins-sagulla\/wp-content\/uploads\/usu2114\/2021\/06\/f3f65a25-fc4c-46e2-ba3b-78dfb390efed.jpg\"><img loading=\"lazy\" decoding=\"async\" class=\"alignnone wp-image-3377 size-large\" src=\"https:\/\/agora.xtec.cat\/ins-sagulla\/wp-content\/uploads\/usu2114\/2021\/06\/f3f65a25-fc4c-46e2-ba3b-78dfb390efed-767x1024.jpg\" alt=\"\" width=\"767\" height=\"1024\" srcset=\"https:\/\/agora.xtec.cat\/ins-sagulla\/wp-content\/uploads\/usu2114\/2021\/06\/f3f65a25-fc4c-46e2-ba3b-78dfb390efed-767x1024.jpg 767w, https:\/\/agora.xtec.cat\/ins-sagulla\/wp-content\/uploads\/usu2114\/2021\/06\/f3f65a25-fc4c-46e2-ba3b-78dfb390efed-225x300.jpg 225w, https:\/\/agora.xtec.cat\/ins-sagulla\/wp-content\/uploads\/usu2114\/2021\/06\/f3f65a25-fc4c-46e2-ba3b-78dfb390efed-768x1025.jpg 768w, https:\/\/agora.xtec.cat\/ins-sagulla\/wp-content\/uploads\/usu2114\/2021\/06\/f3f65a25-fc4c-46e2-ba3b-78dfb390efed.jpg 1504w\" sizes=\"auto, (max-width: 767px) 100vw, 767px\" \/><\/a><\/p>\n<p>Com podreu imaginar, l&#8217;activitat ha estat molt ben rebuda per tots els nois i noies!<\/p>\n<p><a href=\"https:\/\/agora.xtec.cat\/ins-sagulla\/wp-content\/uploads\/usu2114\/2021\/06\/4e95f745-2142-4513-9c65-1b3fe0d71b10.jpg\"><img loading=\"lazy\" decoding=\"async\" class=\"alignnone size-large wp-image-3378\" src=\"https:\/\/agora.xtec.cat\/ins-sagulla\/wp-content\/uploads\/usu2114\/2021\/06\/4e95f745-2142-4513-9c65-1b3fe0d71b10-767x1024.jpg\" alt=\"\" width=\"767\" height=\"1024\" \/><\/a><\/p>\n<p><a href=\"https:\/\/agora.xtec.cat\/ins-sagulla\/wp-content\/uploads\/usu2114\/2021\/06\/50c69f06-f015-4c31-85c2-2ad6b65daf31.jpg\"><img loading=\"lazy\" decoding=\"async\" class=\"alignnone wp-image-3380 \" src=\"https:\/\/agora.xtec.cat\/ins-sagulla\/wp-content\/uploads\/usu2114\/2021\/06\/50c69f06-f015-4c31-85c2-2ad6b65daf31-e1623755513968-1016x1024.jpg\" alt=\"\" width=\"767\" height=\"773\" srcset=\"https:\/\/agora.xtec.cat\/ins-sagulla\/wp-content\/uploads\/usu2114\/2021\/06\/50c69f06-f015-4c31-85c2-2ad6b65daf31-e1623755513968-1016x1024.jpg 1016w, https:\/\/agora.xtec.cat\/ins-sagulla\/wp-content\/uploads\/usu2114\/2021\/06\/50c69f06-f015-4c31-85c2-2ad6b65daf31-e1623755513968-150x150.jpg 150w, https:\/\/agora.xtec.cat\/ins-sagulla\/wp-content\/uploads\/usu2114\/2021\/06\/50c69f06-f015-4c31-85c2-2ad6b65daf31-e1623755513968-298x300.jpg 298w, https:\/\/agora.xtec.cat\/ins-sagulla\/wp-content\/uploads\/usu2114\/2021\/06\/50c69f06-f015-4c31-85c2-2ad6b65daf31-e1623755513968-768x774.jpg 768w, https:\/\/agora.xtec.cat\/ins-sagulla\/wp-content\/uploads\/usu2114\/2021\/06\/50c69f06-f015-4c31-85c2-2ad6b65daf31-e1623755513968.jpg 1504w\" sizes=\"auto, (max-width: 767px) 100vw, 767px\" \/><\/a><\/p>\n<p>A banda d&#8217;aprendre i descobrir un munt de coses noves, el projecte els ha perm\u00e8s fer setmanalment una sessi\u00f3 fora l&#8217;aula, en contacte amb la natura&#8230; tot un regal.<\/p>\n<p><a href=\"https:\/\/agora.xtec.cat\/ins-sagulla\/wp-content\/uploads\/usu2114\/2021\/06\/93c64622-dccb-4a64-b163-bacbea8b6357.jpg\"><img loading=\"lazy\" decoding=\"async\" class=\"alignnone wp-image-3383 \" src=\"https:\/\/agora.xtec.cat\/ins-sagulla\/wp-content\/uploads\/usu2114\/2021\/06\/93c64622-dccb-4a64-b163-bacbea8b6357-e1623755581806-1024x902.jpg\" alt=\"\" width=\"767\" height=\"676\" srcset=\"https:\/\/agora.xtec.cat\/ins-sagulla\/wp-content\/uploads\/usu2114\/2021\/06\/93c64622-dccb-4a64-b163-bacbea8b6357-e1623755581806-1024x902.jpg 1024w, https:\/\/agora.xtec.cat\/ins-sagulla\/wp-content\/uploads\/usu2114\/2021\/06\/93c64622-dccb-4a64-b163-bacbea8b6357-e1623755581806-300x264.jpg 300w, https:\/\/agora.xtec.cat\/ins-sagulla\/wp-content\/uploads\/usu2114\/2021\/06\/93c64622-dccb-4a64-b163-bacbea8b6357-e1623755581806-768x677.jpg 768w, https:\/\/agora.xtec.cat\/ins-sagulla\/wp-content\/uploads\/usu2114\/2021\/06\/93c64622-dccb-4a64-b163-bacbea8b6357-e1623755581806.jpg 1504w\" sizes=\"auto, (max-width: 767px) 100vw, 767px\" \/><\/a><\/p>\n","protected":false},"excerpt":{"rendered":"<p>Des de l&#8217;inici del curs, l&#8217;alumnat de 3r i 4t del Projecte de Diversificaci\u00f3 Curricular (PDC), a trav\u00e9s de la mat\u00e8ria de tecnologia, ha treballat amb dedicaci\u00f3 i cura l&#8217;hort de l&#8217;institut.<br \/>\nAra, que aquesta feina arriba a la seva fi, tot coincidint amb el final&hellip;  <a href=\"https:\/\/agora.xtec.cat\/ins-sagulla\/general\/acaben-els-treballs-a-lhort-de-linstitut\/\" title=\"Read Acaben els treballs a l&#8217;hort de l&#8217;institut\">Llegeix m\u00e9s\u00bb<\/a><\/p>\n","protected":false},"author":70,"featured_media":3395,"comment_status":"open","ping_status":"closed","sticky":false,"template":"","format":"standard","meta":{"_bbp_topic_count":0,"_bbp_reply_count":0,"_bbp_total_topic_count":0,"_bbp_total_reply_count":0,"_bbp_voice_count":0,"_bbp_anonymous_reply_count":0,"_bbp_topic_count_hidden":0,"_bbp_reply_count_hidden":0,"_bbp_forum_subforum_count":0,"footnotes":""},"categories":[6,7,1,317,29,159,308],"tags":[616,240],"class_list":["post-3338","post","type-post","status-publish","format-standard","has-post-thumbnail","hentry","category-eso-3","category-eso-4","category-general","category-lhort","category-portada","category-pdc","category-tecnologia","tag-eines","tag-hort"],"post_mailing_queue_ids":[],"_links":{"self":[{"href":"https:\/\/agora.xtec.cat\/ins-sagulla\/wp-json\/wp\/v2\/posts\/3338","targetHints":{"allow":["GET"]}}],"collection":[{"href":"https:\/\/agora.xtec.cat\/ins-sagulla\/wp-json\/wp\/v2\/posts"}],"about":[{"href":"https:\/\/agora.xtec.cat\/ins-sagulla\/wp-json\/wp\/v2\/types\/post"}],"author":[{"embeddable":true,"href":"https:\/\/agora.xtec.cat\/ins-sagulla\/wp-json\/wp\/v2\/users\/70"}],"replies":[{"embeddable":true,"href":"https:\/\/agora.xtec.cat\/ins-sagulla\/wp-json\/wp\/v2\/comments?post=3338"}],"version-history":[{"count":3,"href":"https:\/\/agora.xtec.cat\/ins-sagulla\/wp-json\/wp\/v2\/posts\/3338\/revisions"}],"predecessor-version":[{"id":3394,"href":"https:\/\/agora.xtec.cat\/ins-sagulla\/wp-json\/wp\/v2\/posts\/3338\/revisions\/3394"}],"wp:featuredmedia":[{"embeddable":true,"href":"https:\/\/agora.xtec.cat\/ins-sagulla\/wp-json\/wp\/v2\/media\/3395"}],"wp:attachment":[{"href":"https:\/\/agora.xtec.cat\/ins-sagulla\/wp-json\/wp\/v2\/media?parent=3338"}],"wp:term":[{"taxonomy":"category","embeddable":true,"href":"https:\/\/agora.xtec.cat\/ins-sagulla\/wp-json\/wp\/v2\/categories?post=3338"},{"taxonomy":"post_tag","embeddable":true,"href":"https:\/\/agora.xtec.cat\/ins-sagulla\/wp-json\/wp\/v2\/tags?post=3338"}],"curies":[{"name":"wp","href":"https:\/\/api.w.org\/{rel}","templated":true}]}}