{"id":3256,"date":"2021-06-07T08:30:40","date_gmt":"2021-06-07T06:30:40","guid":{"rendered":"https:\/\/agora.xtec.cat\/ins-sagulla\/?p=3256"},"modified":"2021-06-08T21:56:47","modified_gmt":"2021-06-08T19:56:47","slug":"coneixem-els-recursos-del-servei-dorientacio-de-lajuntament","status":"publish","type":"post","link":"https:\/\/agora.xtec.cat\/ins-sagulla\/portada\/coneixem-els-recursos-del-servei-dorientacio-de-lajuntament\/","title":{"rendered":"Coneixem els recursos del Servei d&#8217;Orientaci\u00f3 de l&#8217;Ajuntament"},"content":{"rendered":"<p>L&#8217;alumnat del Programa de diversificaci\u00f3 curricular (PDC) ha visitat el <strong>Servei d&#8217;Orientaci\u00f3 Laboral de l&#8217;Ajuntament de Blanes<\/strong> ubicat a l&#8217;Escola SAFA.<\/p>\n<p>All\u00ed, una de les t\u00e8cniques ens ha mostrat tots els <strong>serveis<\/strong> que ens poden oferir. Comen\u00e7ant pel suport m\u00e9s individual en la definici\u00f3 de l&#8217;<strong>objectiu professional<\/strong> i la creaci\u00f3 d&#8217;un <strong>curr\u00edculum<\/strong> personalitzat, fins als cursos de <strong>formaci\u00f3<\/strong> o la <strong>borsa de treball<\/strong>.<\/p>\n<p>Un ventall de recursos molt interessants per tots aquells alumnes que, al complir els 16 anys, busquin la primera <strong>feina d&#8217;estiu o de cap de setmana<\/strong>.<\/p>\n<p><strong>Projecte &#8216;Tinc 16 anys, vull treballar. Per on come<\/strong><strong>n\u00e7o?&#8217;<\/strong><\/p>\n<p>En el marc d&#8217;aquesta iniciativa, &#8216;<strong>Tinc 16 anys, vull treballar. Per on come<\/strong><strong>n\u00e7o?<\/strong>&#8216;, els nois i noies del (PDC) han aprofundit en aspectes relacionats amb la introducci\u00f3 al <strong>m\u00f3n laboral<\/strong> des de les diferents mat\u00e8ries, com catal\u00e0, castell\u00e0 i matem\u00e0tiques.<\/p>\n<p>L&#8217;objectiu d&#8217;aquest treball \u00e9s poder tenir els coneixements previs necessaris quan es plantegin buscar una ocupaci\u00f3.<\/p>\n<p><img loading=\"lazy\" decoding=\"async\" class=\"alignnone size-full wp-image-3277\" src=\"https:\/\/agora.xtec.cat\/ins-sagulla\/wp-content\/uploads\/usu2114\/2021\/06\/IMG-20210526-WA0004-768x1024-1.jpg\" alt=\"\" width=\"768\" height=\"771\" srcset=\"https:\/\/agora.xtec.cat\/ins-sagulla\/wp-content\/uploads\/usu2114\/2021\/06\/IMG-20210526-WA0004-768x1024-1.jpg 768w, https:\/\/agora.xtec.cat\/ins-sagulla\/wp-content\/uploads\/usu2114\/2021\/06\/IMG-20210526-WA0004-768x1024-1-150x150.jpg 150w, https:\/\/agora.xtec.cat\/ins-sagulla\/wp-content\/uploads\/usu2114\/2021\/06\/IMG-20210526-WA0004-768x1024-1-300x300.jpg 300w\" sizes=\"auto, (max-width: 768px) 100vw, 768px\" \/><\/p>\n","protected":false},"excerpt":{"rendered":"<p>L&#8217;alumnat del Programa de diversificaci\u00f3 curricular (PDC) ha visitat el Servei d&#8217;Orientaci\u00f3 Laboral de l&#8217;Ajuntament de Blanes ubicat a l&#8217;Escola SAFA.<br \/>\nAll\u00ed, una de les t\u00e8cniques ens ha mostrat tots els serveis que ens poden oferir. Comen\u00e7ant pel suport m\u00e9s individual en la definici\u00f3 de l&#8217;objectiu&hellip;  <a href=\"https:\/\/agora.xtec.cat\/ins-sagulla\/portada\/coneixem-els-recursos-del-servei-dorientacio-de-lajuntament\/\" title=\"Read Coneixem els recursos del Servei d&#8217;Orientaci\u00f3 de l&#8217;Ajuntament\">Llegeix m\u00e9s\u00bb<\/a><\/p>\n","protected":false},"author":76,"featured_media":3277,"comment_status":"open","ping_status":"closed","sticky":false,"template":"","format":"standard","meta":{"_bbp_topic_count":0,"_bbp_reply_count":0,"_bbp_total_topic_count":0,"_bbp_total_reply_count":0,"_bbp_voice_count":0,"_bbp_anonymous_reply_count":0,"_bbp_topic_count_hidden":0,"_bbp_reply_count_hidden":0,"_bbp_forum_subforum_count":0,"footnotes":""},"categories":[321,29,159],"tags":[253,173,441,605],"class_list":["post-3256","post","type-post","status-publish","format-standard","has-post-thumbnail","hentry","category-orientacio","category-portada","category-pdc","tag-blanes","tag-curs-2020-2021","tag-orientacio","tag-slo"],"post_mailing_queue_ids":[],"_links":{"self":[{"href":"https:\/\/agora.xtec.cat\/ins-sagulla\/wp-json\/wp\/v2\/posts\/3256","targetHints":{"allow":["GET"]}}],"collection":[{"href":"https:\/\/agora.xtec.cat\/ins-sagulla\/wp-json\/wp\/v2\/posts"}],"about":[{"href":"https:\/\/agora.xtec.cat\/ins-sagulla\/wp-json\/wp\/v2\/types\/post"}],"author":[{"embeddable":true,"href":"https:\/\/agora.xtec.cat\/ins-sagulla\/wp-json\/wp\/v2\/users\/76"}],"replies":[{"embeddable":true,"href":"https:\/\/agora.xtec.cat\/ins-sagulla\/wp-json\/wp\/v2\/comments?post=3256"}],"version-history":[{"count":3,"href":"https:\/\/agora.xtec.cat\/ins-sagulla\/wp-json\/wp\/v2\/posts\/3256\/revisions"}],"predecessor-version":[{"id":3317,"href":"https:\/\/agora.xtec.cat\/ins-sagulla\/wp-json\/wp\/v2\/posts\/3256\/revisions\/3317"}],"wp:featuredmedia":[{"embeddable":true,"href":"https:\/\/agora.xtec.cat\/ins-sagulla\/wp-json\/wp\/v2\/media\/3277"}],"wp:attachment":[{"href":"https:\/\/agora.xtec.cat\/ins-sagulla\/wp-json\/wp\/v2\/media?parent=3256"}],"wp:term":[{"taxonomy":"category","embeddable":true,"href":"https:\/\/agora.xtec.cat\/ins-sagulla\/wp-json\/wp\/v2\/categories?post=3256"},{"taxonomy":"post_tag","embeddable":true,"href":"https:\/\/agora.xtec.cat\/ins-sagulla\/wp-json\/wp\/v2\/tags?post=3256"}],"curies":[{"name":"wp","href":"https:\/\/api.w.org\/{rel}","templated":true}]}}