{"id":3203,"date":"2021-06-01T12:40:00","date_gmt":"2021-06-01T10:40:00","guid":{"rendered":"https:\/\/agora.xtec.cat\/ins-sagulla\/?p=3203"},"modified":"2021-06-01T12:45:38","modified_gmt":"2021-06-01T10:45:38","slug":"reptes-cientifics-per-lxprimenta","status":"publish","type":"post","link":"https:\/\/agora.xtec.cat\/ins-sagulla\/batxillerat\/reptes-cientifics-per-lxprimenta\/","title":{"rendered":"Reptes cient\u00edfics per l&#8217;X(p)rimenta"},"content":{"rendered":"<p>Des del departament de ci\u00e8ncies naturals, i m\u00e9s concretament els grups de primer de <strong>qu\u00edmica<\/strong> de <strong>batxillerat<\/strong>, aquest tercer trimestre ens hem presentat a la <strong>11a edici\u00f3 Concurs de v\u00eddeos cient\u00edfics X(p)rimenta!<\/strong><\/p>\n<p><img loading=\"lazy\" decoding=\"async\" class=\"alignnone size-large wp-image-3221\" src=\"https:\/\/agora.xtec.cat\/ins-sagulla\/wp-content\/uploads\/usu2114\/2021\/05\/IMG_20210504_104415-e1622481741243-1024x629.jpg\" alt=\"\" width=\"1024\" height=\"629\" srcset=\"https:\/\/agora.xtec.cat\/ins-sagulla\/wp-content\/uploads\/usu2114\/2021\/05\/IMG_20210504_104415-e1622481741243.jpg 1024w, https:\/\/agora.xtec.cat\/ins-sagulla\/wp-content\/uploads\/usu2114\/2021\/05\/IMG_20210504_104415-e1622481741243-300x184.jpg 300w, https:\/\/agora.xtec.cat\/ins-sagulla\/wp-content\/uploads\/usu2114\/2021\/05\/IMG_20210504_104415-e1622481741243-768x472.jpg 768w\" sizes=\"auto, (max-width: 1024px) 100vw, 1024px\" \/><\/p>\n<p>Per aquest motiu, hem organitzat sessions grupals on ha calgut dissenyar l&#8217;experiment, fer recerca, aprendre a crear el producte final (v\u00eddeo de m\u00e0xim tres minuts amb una s\u00e8rie de condicions formals i de contingut) i passar les revisions necess\u00e0ries per poder concursar.<\/p>\n<p><img loading=\"lazy\" decoding=\"async\" class=\"alignnone size-large wp-image-3247\" src=\"https:\/\/agora.xtec.cat\/ins-sagulla\/wp-content\/uploads\/usu2114\/2021\/06\/IMG_20210504_104428-766x1024.jpg\" alt=\"\" width=\"766\" height=\"1024\" srcset=\"https:\/\/agora.xtec.cat\/ins-sagulla\/wp-content\/uploads\/usu2114\/2021\/06\/IMG_20210504_104428-766x1024.jpg 766w, https:\/\/agora.xtec.cat\/ins-sagulla\/wp-content\/uploads\/usu2114\/2021\/06\/IMG_20210504_104428-224x300.jpg 224w, https:\/\/agora.xtec.cat\/ins-sagulla\/wp-content\/uploads\/usu2114\/2021\/06\/IMG_20210504_104428-768x1027.jpg 768w\" sizes=\"auto, (max-width: 766px) 100vw, 766px\" \/><\/p>\n<p>Aqu\u00ed teniu alguns dels exemples proposats: explicaci\u00f3 amb models de qu\u00e8 representa l&#8217;<strong>energia d&#8217;activaci\u00f3<\/strong> i de qu\u00e8 dep\u00e8n; com demostrar el contingut d&#8217;<strong>oxigen de l&#8217;aire<\/strong> i alhora fer una comparativa de dos experiments molt diferents; com reaccionen els <strong>hal\u00f2gens<\/strong> davant del clor a microescala; perqu\u00e8 \u00e9s important la no <strong>acidificaci\u00f3 dels oceans<\/strong>, i de quina manera amb un l\u00e0ser de tres colors i una mica de silicona podem explicar el color blau del cel o la posta de sol.<\/p>\n<p><img loading=\"lazy\" decoding=\"async\" class=\"alignnone wp-image-3222 size-full\" src=\"https:\/\/agora.xtec.cat\/ins-sagulla\/wp-content\/uploads\/usu2114\/2021\/05\/IMG_20210422_104500-e1622481722685.jpg\" alt=\"\" width=\"1024\" height=\"414\" srcset=\"https:\/\/agora.xtec.cat\/ins-sagulla\/wp-content\/uploads\/usu2114\/2021\/05\/IMG_20210422_104500-e1622481722685.jpg 1024w, https:\/\/agora.xtec.cat\/ins-sagulla\/wp-content\/uploads\/usu2114\/2021\/05\/IMG_20210422_104500-e1622481722685-300x121.jpg 300w, https:\/\/agora.xtec.cat\/ins-sagulla\/wp-content\/uploads\/usu2114\/2021\/05\/IMG_20210422_104500-e1622481722685-768x311.jpg 768w\" sizes=\"auto, (max-width: 1024px) 100vw, 1024px\" \/><\/p>\n<p><img loading=\"lazy\" decoding=\"async\" class=\"alignnone wp-image-3224 size-large\" src=\"https:\/\/agora.xtec.cat\/ins-sagulla\/wp-content\/uploads\/usu2114\/2021\/05\/IMG_20210504_100607-e1622481941293-1024x522.jpg\" alt=\"\" width=\"1024\" height=\"522\" srcset=\"https:\/\/agora.xtec.cat\/ins-sagulla\/wp-content\/uploads\/usu2114\/2021\/05\/IMG_20210504_100607-e1622481941293-1024x522.jpg 1024w, https:\/\/agora.xtec.cat\/ins-sagulla\/wp-content\/uploads\/usu2114\/2021\/05\/IMG_20210504_100607-e1622481941293-300x153.jpg 300w, https:\/\/agora.xtec.cat\/ins-sagulla\/wp-content\/uploads\/usu2114\/2021\/05\/IMG_20210504_100607-e1622481941293-768x391.jpg 768w, https:\/\/agora.xtec.cat\/ins-sagulla\/wp-content\/uploads\/usu2114\/2021\/05\/IMG_20210504_100607-e1622481941293.jpg 1368w\" sizes=\"auto, (max-width: 1024px) 100vw, 1024px\" \/><\/p>\n<p><img loading=\"lazy\" decoding=\"async\" class=\"alignnone wp-image-3223 size-full\" src=\"https:\/\/agora.xtec.cat\/ins-sagulla\/wp-content\/uploads\/usu2114\/2021\/05\/IMG_20210505_093219-e1622481860990.jpg\" alt=\"\" width=\"1024\" height=\"465\" srcset=\"https:\/\/agora.xtec.cat\/ins-sagulla\/wp-content\/uploads\/usu2114\/2021\/05\/IMG_20210505_093219-e1622481860990.jpg 1024w, https:\/\/agora.xtec.cat\/ins-sagulla\/wp-content\/uploads\/usu2114\/2021\/05\/IMG_20210505_093219-e1622481860990-300x136.jpg 300w, https:\/\/agora.xtec.cat\/ins-sagulla\/wp-content\/uploads\/usu2114\/2021\/05\/IMG_20210505_093219-e1622481860990-768x349.jpg 768w\" sizes=\"auto, (max-width: 1024px) 100vw, 1024px\" \/><\/p>\n<p>Els alumnes han treballat molt, <strong>volem felicitar-los<\/strong> pels v\u00eddeos i tamb\u00e9 per la seva <strong>implicaci\u00f3<\/strong>!<\/p>\n<p><img loading=\"lazy\" decoding=\"async\" class=\"alignnone wp-image-3219 size-full\" src=\"https:\/\/agora.xtec.cat\/ins-sagulla\/wp-content\/uploads\/usu2114\/2021\/05\/IMG_20210505_093028-e1622481798639.jpg\" alt=\"\" width=\"1022\" height=\"1166\" srcset=\"https:\/\/agora.xtec.cat\/ins-sagulla\/wp-content\/uploads\/usu2114\/2021\/05\/IMG_20210505_093028-e1622481798639.jpg 1022w, https:\/\/agora.xtec.cat\/ins-sagulla\/wp-content\/uploads\/usu2114\/2021\/05\/IMG_20210505_093028-e1622481798639-263x300.jpg 263w, https:\/\/agora.xtec.cat\/ins-sagulla\/wp-content\/uploads\/usu2114\/2021\/05\/IMG_20210505_093028-e1622481798639-768x876.jpg 768w, https:\/\/agora.xtec.cat\/ins-sagulla\/wp-content\/uploads\/usu2114\/2021\/05\/IMG_20210505_093028-e1622481798639-898x1024.jpg 898w\" sizes=\"auto, (max-width: 1022px) 100vw, 1022px\" \/><\/p>\n<p>&nbsp;<\/p>\n<p>Per cert! La <a href=\"https:\/\/www.fundaciorecerca.cat\/ca\/\">Fundaci\u00f3 Catalana per a la Recerca i la Innovaci\u00f3 (FCRI)<\/a> i l\u2019<a href=\"https:\/\/www.accc.cat\/\">Associaci\u00f3 Catalana de Comunicaci\u00f3 (ACCC)<\/a> ha fixat uns nous terminis i la publicaci\u00f3 dels finalistes: 18 de novembre de 2021.<\/p>\n<p>Gr\u00e0cies a totes i tots! Us deixem aqu\u00ed un <a href=\"https:\/\/photos.app.goo.gl\/EZaC7EXb1iopeXEBA\">enlla\u00e7<\/a> per veure fotos de tots aquest interessant projecte.<\/p>\n<p><img loading=\"lazy\" decoding=\"async\" class=\"alignnone wp-image-2786\" src=\"https:\/\/agora.xtec.cat\/ins-sagulla\/wp-content\/uploads\/usu2114\/2021\/04\/concurs-fotos.png\" alt=\"\" width=\"121\" height=\"151\" \/><\/p>\n<p>&nbsp;<\/p>\n<p>&nbsp;<\/p>\n<h2 id=\":nx\" class=\"hP\" data-thread-perm-id=\"thread-f:1700985341437145565\" data-legacy-thread-id=\"179b1d27e481f1dd\"><\/h2>\n<div id=\":o1\" class=\"pG\" role=\"img\" data-tooltip-contained=\"true\" data-tooltip-align=\"b,l\" data-tooltip-delay=\"1500\" aria-label=\"No important\"><\/div>\n<p>&nbsp;<\/p>\n","protected":false},"excerpt":{"rendered":"<p>Des del departament de ci\u00e8ncies naturals, i m\u00e9s concretament els grups de primer de qu\u00edmica de batxillerat, aquest tercer trimestre ens hem presentat a la 11a edici\u00f3 Concurs de v\u00eddeos cient\u00edfics X(p)rimenta!<\/p>\n<p>Per aquest motiu, hem organitzat sessions grupals on ha calgut dissenyar l&#8217;experiment, fer recerca,&hellip;  <a href=\"https:\/\/agora.xtec.cat\/ins-sagulla\/batxillerat\/reptes-cientifics-per-lxprimenta\/\" title=\"Read Reptes cient\u00edfics per l&#8217;X(p)rimenta\">Llegeix m\u00e9s\u00bb<\/a><\/p>\n","protected":false},"author":53,"featured_media":3241,"comment_status":"open","ping_status":"closed","sticky":false,"template":"","format":"standard","meta":{"_bbp_topic_count":0,"_bbp_reply_count":0,"_bbp_total_topic_count":0,"_bbp_total_reply_count":0,"_bbp_voice_count":0,"_bbp_anonymous_reply_count":0,"_bbp_topic_count_hidden":0,"_bbp_reply_count_hidden":0,"_bbp_forum_subforum_count":0,"footnotes":""},"categories":[337,8,312,305,322,29],"tags":[329,596,594,565,595],"class_list":["post-3203","post","type-post","status-publish","format-standard","has-post-thumbnail","hentry","category-batx-1","category-batxillerat","category-ciencies-naturals","category-departaments","category-fotos","category-portada","tag-concurs","tag-experiment","tag-experimenta2021","tag-quimica","tag-video-cientific"],"post_mailing_queue_ids":[],"_links":{"self":[{"href":"https:\/\/agora.xtec.cat\/ins-sagulla\/wp-json\/wp\/v2\/posts\/3203","targetHints":{"allow":["GET"]}}],"collection":[{"href":"https:\/\/agora.xtec.cat\/ins-sagulla\/wp-json\/wp\/v2\/posts"}],"about":[{"href":"https:\/\/agora.xtec.cat\/ins-sagulla\/wp-json\/wp\/v2\/types\/post"}],"author":[{"embeddable":true,"href":"https:\/\/agora.xtec.cat\/ins-sagulla\/wp-json\/wp\/v2\/users\/53"}],"replies":[{"embeddable":true,"href":"https:\/\/agora.xtec.cat\/ins-sagulla\/wp-json\/wp\/v2\/comments?post=3203"}],"version-history":[{"count":4,"href":"https:\/\/agora.xtec.cat\/ins-sagulla\/wp-json\/wp\/v2\/posts\/3203\/revisions"}],"predecessor-version":[{"id":3249,"href":"https:\/\/agora.xtec.cat\/ins-sagulla\/wp-json\/wp\/v2\/posts\/3203\/revisions\/3249"}],"wp:featuredmedia":[{"embeddable":true,"href":"https:\/\/agora.xtec.cat\/ins-sagulla\/wp-json\/wp\/v2\/media\/3241"}],"wp:attachment":[{"href":"https:\/\/agora.xtec.cat\/ins-sagulla\/wp-json\/wp\/v2\/media?parent=3203"}],"wp:term":[{"taxonomy":"category","embeddable":true,"href":"https:\/\/agora.xtec.cat\/ins-sagulla\/wp-json\/wp\/v2\/categories?post=3203"},{"taxonomy":"post_tag","embeddable":true,"href":"https:\/\/agora.xtec.cat\/ins-sagulla\/wp-json\/wp\/v2\/tags?post=3203"}],"curies":[{"name":"wp","href":"https:\/\/api.w.org\/{rel}","templated":true}]}}