{"id":3189,"date":"2021-05-27T13:38:22","date_gmt":"2021-05-27T11:38:22","guid":{"rendered":"https:\/\/agora.xtec.cat\/ins-sagulla\/?p=3189"},"modified":"2021-05-28T11:11:34","modified_gmt":"2021-05-28T09:11:34","slug":"aprendre-llatinismes-jugant-amb-el-pasapalabra","status":"publish","type":"post","link":"https:\/\/agora.xtec.cat\/ins-sagulla\/general\/aprendre-llatinismes-jugant-amb-el-pasapalabra\/","title":{"rendered":"Con\u00e8ixer els llatinismes jugant amb el Pasapalabra"},"content":{"rendered":"<p>Vull compartir-vos una petita reflexi\u00f3 escrita de manera conjunta per l&#8217;alumnat de llat\u00ed dels grups de 4t A i D, pel que fa a un projecte petit per\u00f2 que, gr\u00e0cies a la motivaci\u00f3 de tots plegats, ha acabat sent ben gran:<\/p>\n<p>&#8220;Durant el curs d\u2019aquesta nova assignatura, llat\u00ed, entre d\u2019altres temes hem treballat en un projecte per aprendre vocabulari i coneixements de la cultura llatina basat en les frases fetes i llatinismes.<\/p>\n<p><img loading=\"lazy\" decoding=\"async\" class=\"alignnone size-full wp-image-3198\" src=\"https:\/\/agora.xtec.cat\/ins-sagulla\/wp-content\/uploads\/usu2114\/2021\/05\/IMG_2420_.jpg\" alt=\"\" width=\"3390\" height=\"2912\" srcset=\"https:\/\/agora.xtec.cat\/ins-sagulla\/wp-content\/uploads\/usu2114\/2021\/05\/IMG_2420_.jpg 3390w, https:\/\/agora.xtec.cat\/ins-sagulla\/wp-content\/uploads\/usu2114\/2021\/05\/IMG_2420_-300x258.jpg 300w, https:\/\/agora.xtec.cat\/ins-sagulla\/wp-content\/uploads\/usu2114\/2021\/05\/IMG_2420_-768x660.jpg 768w, https:\/\/agora.xtec.cat\/ins-sagulla\/wp-content\/uploads\/usu2114\/2021\/05\/IMG_2420_-1024x880.jpg 1024w\" sizes=\"auto, (max-width: 3390px) 100vw, 3390px\" \/><\/p>\n<p>Ha sigut un forma divertida d\u2019aprendre d\u2019una manera pr\u00e0ctica, amb activitats i jocs amb els companys, l\u2019hem trobat molt \u00fatil per adquirir coneixements sobre la mat\u00e8ria, memoritzant vocabulari llat\u00ed i acabant fent un joc col\u00b7lectiu com el <a href=\"https:\/\/photos.app.goo.gl\/QDpikvutkD6Ws4gt7\">Pasapalabra.<\/a><\/p>\n<p><img loading=\"lazy\" decoding=\"async\" class=\"size-full wp-image-3190\" src=\"https:\/\/agora.xtec.cat\/ins-sagulla\/wp-content\/uploads\/usu2114\/2021\/05\/IMG_2450.jpg\" alt=\"\" width=\"2797\" height=\"2443\" srcset=\"https:\/\/agora.xtec.cat\/ins-sagulla\/wp-content\/uploads\/usu2114\/2021\/05\/IMG_2450.jpg 2797w, https:\/\/agora.xtec.cat\/ins-sagulla\/wp-content\/uploads\/usu2114\/2021\/05\/IMG_2450-300x262.jpg 300w, https:\/\/agora.xtec.cat\/ins-sagulla\/wp-content\/uploads\/usu2114\/2021\/05\/IMG_2450-768x671.jpg 768w, https:\/\/agora.xtec.cat\/ins-sagulla\/wp-content\/uploads\/usu2114\/2021\/05\/IMG_2450-1024x894.jpg 1024w\" sizes=\"auto, (max-width: 2797px) 100vw, 2797px\" \/><\/p>\n<p>A m\u00e9s a m\u00e9s, per\u00f2, ens ha servit per pujar la mitjana de la nota sense massa esfor\u00e7 i divertir-nos a l\u2019hora.<\/p>\n<p>El que menys ens ha agradat \u00e9s que s\u2019havia de ser molt constant i de vegades se\u2019ns oblidava. Cada setmana f\u00e8iem una frase en un format <em>power point<\/em> buscant informaci\u00f3 sobre els seu significat, la seva proced\u00e8ncia, l\u2019\u00fas actual, etc.<\/p>\n<p>El projecte ha acabat fent una exposici\u00f3 de les diapositives de cada una de les frases treballades que ens han semblat m\u00e9s curioses o impactants.<\/p>\n<p>Aix\u00ed hem donat per finalitzada l\u2019activitat amb aquesta reflexi\u00f3 final&#8221;.<\/p>\n<p><img loading=\"lazy\" decoding=\"async\" class=\"alignnone size-full wp-image-3199\" src=\"https:\/\/agora.xtec.cat\/ins-sagulla\/wp-content\/uploads\/usu2114\/2021\/05\/IMG_243.jpg\" alt=\"\" width=\"3150\" height=\"3023\" srcset=\"https:\/\/agora.xtec.cat\/ins-sagulla\/wp-content\/uploads\/usu2114\/2021\/05\/IMG_243.jpg 3150w, https:\/\/agora.xtec.cat\/ins-sagulla\/wp-content\/uploads\/usu2114\/2021\/05\/IMG_243-300x288.jpg 300w, https:\/\/agora.xtec.cat\/ins-sagulla\/wp-content\/uploads\/usu2114\/2021\/05\/IMG_243-768x737.jpg 768w, https:\/\/agora.xtec.cat\/ins-sagulla\/wp-content\/uploads\/usu2114\/2021\/05\/IMG_243-1024x983.jpg 1024w\" sizes=\"auto, (max-width: 3150px) 100vw, 3150px\" \/><\/p>\n","protected":false},"excerpt":{"rendered":"<p>Vull compartir-vos una petita reflexi\u00f3 escrita de manera conjunta per l&#8217;alumnat de llat\u00ed dels grups de 4t A i D, pel que fa a un projecte petit per\u00f2 que, gr\u00e0cies a la motivaci\u00f3 de tots plegats, ha acabat sent ben gran:<br \/>\n&#8220;Durant el curs d\u2019aquesta nova&hellip;  <a href=\"https:\/\/agora.xtec.cat\/ins-sagulla\/general\/aprendre-llatinismes-jugant-amb-el-pasapalabra\/\" title=\"Read Con\u00e8ixer els llatinismes jugant amb el Pasapalabra\">Llegeix m\u00e9s\u00bb<\/a><\/p>\n","protected":false},"author":88,"featured_media":3198,"comment_status":"open","ping_status":"closed","sticky":false,"template":"","format":"standard","meta":{"_bbp_topic_count":0,"_bbp_reply_count":0,"_bbp_total_topic_count":0,"_bbp_total_reply_count":0,"_bbp_voice_count":0,"_bbp_anonymous_reply_count":0,"_bbp_topic_count_hidden":0,"_bbp_reply_count_hidden":0,"_bbp_forum_subforum_count":0,"footnotes":""},"categories":[7,322,1,310,29],"tags":[588,376,585,584,587,583,586],"class_list":["post-3189","post","type-post","status-publish","format-standard","has-post-thumbnail","hentry","category-eso-4","category-fotos","category-general","category-llengua-castellana","category-portada","tag-classics","tag-creativitat","tag-frases-fetes","tag-llatinisme","tag-mon-classic","tag-pasapalabra","tag-treball-en-equip"],"post_mailing_queue_ids":[],"_links":{"self":[{"href":"https:\/\/agora.xtec.cat\/ins-sagulla\/wp-json\/wp\/v2\/posts\/3189","targetHints":{"allow":["GET"]}}],"collection":[{"href":"https:\/\/agora.xtec.cat\/ins-sagulla\/wp-json\/wp\/v2\/posts"}],"about":[{"href":"https:\/\/agora.xtec.cat\/ins-sagulla\/wp-json\/wp\/v2\/types\/post"}],"author":[{"embeddable":true,"href":"https:\/\/agora.xtec.cat\/ins-sagulla\/wp-json\/wp\/v2\/users\/88"}],"replies":[{"embeddable":true,"href":"https:\/\/agora.xtec.cat\/ins-sagulla\/wp-json\/wp\/v2\/comments?post=3189"}],"version-history":[{"count":3,"href":"https:\/\/agora.xtec.cat\/ins-sagulla\/wp-json\/wp\/v2\/posts\/3189\/revisions"}],"predecessor-version":[{"id":3205,"href":"https:\/\/agora.xtec.cat\/ins-sagulla\/wp-json\/wp\/v2\/posts\/3189\/revisions\/3205"}],"wp:featuredmedia":[{"embeddable":true,"href":"https:\/\/agora.xtec.cat\/ins-sagulla\/wp-json\/wp\/v2\/media\/3198"}],"wp:attachment":[{"href":"https:\/\/agora.xtec.cat\/ins-sagulla\/wp-json\/wp\/v2\/media?parent=3189"}],"wp:term":[{"taxonomy":"category","embeddable":true,"href":"https:\/\/agora.xtec.cat\/ins-sagulla\/wp-json\/wp\/v2\/categories?post=3189"},{"taxonomy":"post_tag","embeddable":true,"href":"https:\/\/agora.xtec.cat\/ins-sagulla\/wp-json\/wp\/v2\/tags?post=3189"}],"curies":[{"name":"wp","href":"https:\/\/api.w.org\/{rel}","templated":true}]}}