{"id":3137,"date":"2021-05-21T11:20:02","date_gmt":"2021-05-21T09:20:02","guid":{"rendered":"https:\/\/agora.xtec.cat\/ins-sagulla\/?p=3137"},"modified":"2021-05-21T11:31:36","modified_gmt":"2021-05-21T09:31:36","slug":"a-tapsd-posem-en-practica-lempatia","status":"publish","type":"post","link":"https:\/\/agora.xtec.cat\/ins-sagulla\/portada\/a-tapsd-posem-en-practica-lempatia\/","title":{"rendered":"A TAPSD, posem en pr\u00e0ctica l&#8217;empatia"},"content":{"rendered":"<p>Som conscients de com menjar un iogurt i beure un got d&#8217;aigua pot canviar segons el <strong>grau de depend\u00e8ncia<\/strong> de la persona?<\/p>\n<p><img loading=\"lazy\" decoding=\"async\" class=\"alignnone wp-image-3138 size-large\" src=\"https:\/\/agora.xtec.cat\/ins-sagulla\/wp-content\/uploads\/usu2114\/2021\/05\/IMG_20210514_191105-1024x768.jpg\" alt=\"\" width=\"1024\" height=\"768\" srcset=\"https:\/\/agora.xtec.cat\/ins-sagulla\/wp-content\/uploads\/usu2114\/2021\/05\/IMG_20210514_191105.jpg 1024w, https:\/\/agora.xtec.cat\/ins-sagulla\/wp-content\/uploads\/usu2114\/2021\/05\/IMG_20210514_191105-300x225.jpg 300w, https:\/\/agora.xtec.cat\/ins-sagulla\/wp-content\/uploads\/usu2114\/2021\/05\/IMG_20210514_191105-768x576.jpg 768w, https:\/\/agora.xtec.cat\/ins-sagulla\/wp-content\/uploads\/usu2114\/2021\/05\/IMG_20210514_191105-200x150.jpg 200w\" sizes=\"auto, (max-width: 1024px) 100vw, 1024px\" \/><\/p>\n<p>Per a percebre i ser conscients d&#8217;all\u00f2 que poden sentir els nostres usuaris, en el M\u00f2dul d&#8217;<strong>Atenci\u00f3 Sanit\u00e0ria<\/strong> del CFGM d&#8217;Atenci\u00f3 a Persones en Situaci\u00f3 de Depend\u00e8ncia, a banda d&#8217;<strong>empatia<\/strong>, posem en pr\u00e0ctica diferents habilitats i din\u00e0miques que ens hi acosten.<\/p>\n<p><img loading=\"lazy\" decoding=\"async\" class=\"alignnone wp-image-3146 size-full\" src=\"https:\/\/agora.xtec.cat\/ins-sagulla\/wp-content\/uploads\/usu2114\/2021\/05\/IMG_20210514_162554-1.jpg\" alt=\"\" width=\"1024\" height=\"567\" srcset=\"https:\/\/agora.xtec.cat\/ins-sagulla\/wp-content\/uploads\/usu2114\/2021\/05\/IMG_20210514_162554-1.jpg 1024w, https:\/\/agora.xtec.cat\/ins-sagulla\/wp-content\/uploads\/usu2114\/2021\/05\/IMG_20210514_162554-1-300x166.jpg 300w, https:\/\/agora.xtec.cat\/ins-sagulla\/wp-content\/uploads\/usu2114\/2021\/05\/IMG_20210514_162554-1-768x425.jpg 768w\" sizes=\"auto, (max-width: 1024px) 100vw, 1024px\" \/><\/p>\n<p>Com podreu veure en les imatges, els futurs <strong>t\u00e8cnics i t\u00e8cniques en atenci\u00f3 a persones en situaci\u00f3 de depend\u00e8ncia<\/strong> (alumnat de 1r de <strong>TAPSD<\/strong>) van realitzar la pr\u00e0ctica de la ingesta oral amb usuaris amb diversitat funcional visual.<\/p>\n<p><img loading=\"lazy\" decoding=\"async\" class=\"alignnone wp-image-3147\" src=\"https:\/\/agora.xtec.cat\/ins-sagulla\/wp-content\/uploads\/usu2114\/2021\/05\/IMG_20210514_162343-1.jpg\" alt=\"\" width=\"1024\" height=\"780\" srcset=\"https:\/\/agora.xtec.cat\/ins-sagulla\/wp-content\/uploads\/usu2114\/2021\/05\/IMG_20210514_162343-1.jpg 826w, https:\/\/agora.xtec.cat\/ins-sagulla\/wp-content\/uploads\/usu2114\/2021\/05\/IMG_20210514_162343-1-300x228.jpg 300w, https:\/\/agora.xtec.cat\/ins-sagulla\/wp-content\/uploads\/usu2114\/2021\/05\/IMG_20210514_162343-1-768x585.jpg 768w\" sizes=\"auto, (max-width: 1024px) 100vw, 1024px\" \/><\/p>\n<p><img loading=\"lazy\" decoding=\"async\" class=\"alignnone wp-image-3148\" src=\"https:\/\/agora.xtec.cat\/ins-sagulla\/wp-content\/uploads\/usu2114\/2021\/05\/IMG_20210514_191855-1.jpg\" alt=\"\" width=\"1024\" height=\"854\" srcset=\"https:\/\/agora.xtec.cat\/ins-sagulla\/wp-content\/uploads\/usu2114\/2021\/05\/IMG_20210514_191855-1.jpg 802w, https:\/\/agora.xtec.cat\/ins-sagulla\/wp-content\/uploads\/usu2114\/2021\/05\/IMG_20210514_191855-1-300x250.jpg 300w, https:\/\/agora.xtec.cat\/ins-sagulla\/wp-content\/uploads\/usu2114\/2021\/05\/IMG_20210514_191855-1-768x641.jpg 768w\" sizes=\"auto, (max-width: 1024px) 100vw, 1024px\" \/><\/p>\n<p><img loading=\"lazy\" decoding=\"async\" class=\"alignnone wp-image-3141 size-full\" src=\"https:\/\/agora.xtec.cat\/ins-sagulla\/wp-content\/uploads\/usu2114\/2021\/05\/IMG_20210514_162520.jpg\" alt=\"\" width=\"1024\" height=\"768\" srcset=\"https:\/\/agora.xtec.cat\/ins-sagulla\/wp-content\/uploads\/usu2114\/2021\/05\/IMG_20210514_162520.jpg 1024w, https:\/\/agora.xtec.cat\/ins-sagulla\/wp-content\/uploads\/usu2114\/2021\/05\/IMG_20210514_162520-300x225.jpg 300w, https:\/\/agora.xtec.cat\/ins-sagulla\/wp-content\/uploads\/usu2114\/2021\/05\/IMG_20210514_162520-768x576.jpg 768w, https:\/\/agora.xtec.cat\/ins-sagulla\/wp-content\/uploads\/usu2114\/2021\/05\/IMG_20210514_162520-200x150.jpg 200w\" sizes=\"auto, (max-width: 1024px) 100vw, 1024px\" \/><\/p>\n<p>&nbsp;<\/p>\n","protected":false},"excerpt":{"rendered":"<p>Som conscients de com menjar un iogurt i beure un got d&#8217;aigua pot canviar segons el grau de depend\u00e8ncia de la persona?<\/p>\n<p>Per a percebre i ser conscients d&#8217;all\u00f2 que poden sentir els nostres usuaris, en el M\u00f2dul d&#8217;Atenci\u00f3 Sanit\u00e0ria del CFGM d&#8217;Atenci\u00f3 a Persones en&hellip;  <a href=\"https:\/\/agora.xtec.cat\/ins-sagulla\/portada\/a-tapsd-posem-en-practica-lempatia\/\" title=\"Read A TAPSD, posem en pr\u00e0ctica l&#8217;empatia\">Llegeix m\u00e9s\u00bb<\/a><\/p>\n","protected":false},"author":1,"featured_media":3138,"comment_status":"open","ping_status":"closed","sticky":false,"template":"","format":"standard","meta":{"_bbp_topic_count":0,"_bbp_reply_count":0,"_bbp_total_topic_count":0,"_bbp_total_reply_count":0,"_bbp_voice_count":0,"_bbp_anonymous_reply_count":0,"_bbp_topic_count_hidden":0,"_bbp_reply_count_hidden":0,"_bbp_forum_subforum_count":0,"footnotes":""},"categories":[296,150,213,29],"tags":[570,572,573,568,571,569],"class_list":["post-3137","post","type-post","status-publish","format-standard","has-post-thumbnail","hentry","category-1r-tapsd","category-cfgm-atencio-persones-situacio-dependencia","category-grau-mitja","category-portada","tag-atencio-sanitaria","tag-diversitat-funcional","tag-empatia","tag-grau-de-dependencia","tag-habilitats","tag-practica"],"post_mailing_queue_ids":[],"_links":{"self":[{"href":"https:\/\/agora.xtec.cat\/ins-sagulla\/wp-json\/wp\/v2\/posts\/3137","targetHints":{"allow":["GET"]}}],"collection":[{"href":"https:\/\/agora.xtec.cat\/ins-sagulla\/wp-json\/wp\/v2\/posts"}],"about":[{"href":"https:\/\/agora.xtec.cat\/ins-sagulla\/wp-json\/wp\/v2\/types\/post"}],"author":[{"embeddable":true,"href":"https:\/\/agora.xtec.cat\/ins-sagulla\/wp-json\/wp\/v2\/users\/1"}],"replies":[{"embeddable":true,"href":"https:\/\/agora.xtec.cat\/ins-sagulla\/wp-json\/wp\/v2\/comments?post=3137"}],"version-history":[{"count":4,"href":"https:\/\/agora.xtec.cat\/ins-sagulla\/wp-json\/wp\/v2\/posts\/3137\/revisions"}],"predecessor-version":[{"id":3157,"href":"https:\/\/agora.xtec.cat\/ins-sagulla\/wp-json\/wp\/v2\/posts\/3137\/revisions\/3157"}],"wp:featuredmedia":[{"embeddable":true,"href":"https:\/\/agora.xtec.cat\/ins-sagulla\/wp-json\/wp\/v2\/media\/3138"}],"wp:attachment":[{"href":"https:\/\/agora.xtec.cat\/ins-sagulla\/wp-json\/wp\/v2\/media?parent=3137"}],"wp:term":[{"taxonomy":"category","embeddable":true,"href":"https:\/\/agora.xtec.cat\/ins-sagulla\/wp-json\/wp\/v2\/categories?post=3137"},{"taxonomy":"post_tag","embeddable":true,"href":"https:\/\/agora.xtec.cat\/ins-sagulla\/wp-json\/wp\/v2\/tags?post=3137"}],"curies":[{"name":"wp","href":"https:\/\/api.w.org\/{rel}","templated":true}]}}