{"id":3089,"date":"2021-05-20T21:45:13","date_gmt":"2021-05-20T19:45:13","guid":{"rendered":"https:\/\/agora.xtec.cat\/ins-sagulla\/?p=3089"},"modified":"2021-05-20T21:45:13","modified_gmt":"2021-05-20T19:45:13","slug":"reflexionem-sobre-la-mort-i-ens-apropem-a-altres-cultures","status":"publish","type":"post","link":"https:\/\/agora.xtec.cat\/ins-sagulla\/general\/reflexionem-sobre-la-mort-i-ens-apropem-a-altres-cultures\/","title":{"rendered":"Reflexionem sobre la mort i ens apropem a altres cultures"},"content":{"rendered":"<p>La darrera excursi\u00f3 quinzenal de l&#8217;alumnat de 1r d&#8217;ESO va ser especialment interessant. Dilluns 11 de maig, tot i no sortir de Blanes, van tenir l&#8217;oportunitat de visitar llocs nous i, sobretot, aprendre un munt de coses!<\/p>\n<p>Tot respectant els grups-bombolla, cada grup-classe va anar al <strong>teatre<\/strong>, a la <strong>mesquita<\/strong> i al <strong>cementiri<\/strong>. Despr\u00e9s, va gaudir del ja tradicional <strong>esmorzar saludable<\/strong>, en aquesta ocasi\u00f3 de maduixes de temporada comprades al mercat del passeig.<\/p>\n<p><img loading=\"lazy\" decoding=\"async\" class=\"alignnone wp-image-3098 size-large\" src=\"https:\/\/agora.xtec.cat\/ins-sagulla\/wp-content\/uploads\/usu2114\/2021\/05\/20210510_092554-e1621539168411-1024x459.jpg\" alt=\"\" width=\"1024\" height=\"459\" srcset=\"https:\/\/agora.xtec.cat\/ins-sagulla\/wp-content\/uploads\/usu2114\/2021\/05\/20210510_092554-e1621539168411-1024x459.jpg 1024w, https:\/\/agora.xtec.cat\/ins-sagulla\/wp-content\/uploads\/usu2114\/2021\/05\/20210510_092554-e1621539168411-300x135.jpg 300w, https:\/\/agora.xtec.cat\/ins-sagulla\/wp-content\/uploads\/usu2114\/2021\/05\/20210510_092554-e1621539168411-768x345.jpg 768w\" sizes=\"auto, (max-width: 1024px) 100vw, 1024px\" \/><\/p>\n<p>En arribar al <strong>teatre<\/strong> van poder con\u00e8ixer de primera m\u00e0, a c\u00e0rrec del t\u00e8cnic municipal, tot all\u00f2 que es pot intuir per\u00f2 que es no pot veure quan assisteixes com a p\u00fablic a una obra. Des d&#8217;aqu\u00ed li agra\u00efm la seva interessant xerrada!<\/p>\n<p>D&#8217;aquesta manera, els encuriosits nois i noies van descobrir tot un m\u00f3n nou: il\u00b7luminaci\u00f3, decorats, telons, m\u00fasica, ambients, etc.<\/p>\n<p><img loading=\"lazy\" decoding=\"async\" class=\"alignnone wp-image-3100 size-full\" src=\"https:\/\/agora.xtec.cat\/ins-sagulla\/wp-content\/uploads\/usu2114\/2021\/05\/IMG_7294-e1621539345963.jpg\" alt=\"\" width=\"1024\" height=\"376\" srcset=\"https:\/\/agora.xtec.cat\/ins-sagulla\/wp-content\/uploads\/usu2114\/2021\/05\/IMG_7294-e1621539345963.jpg 1024w, https:\/\/agora.xtec.cat\/ins-sagulla\/wp-content\/uploads\/usu2114\/2021\/05\/IMG_7294-e1621539345963-300x110.jpg 300w, https:\/\/agora.xtec.cat\/ins-sagulla\/wp-content\/uploads\/usu2114\/2021\/05\/IMG_7294-e1621539345963-768x282.jpg 768w\" sizes=\"auto, (max-width: 1024px) 100vw, 1024px\" \/><\/p>\n<p><img loading=\"lazy\" decoding=\"async\" class=\"alignnone wp-image-3101 size-full\" src=\"https:\/\/agora.xtec.cat\/ins-sagulla\/wp-content\/uploads\/usu2114\/2021\/05\/IMG_7287-e1621539363412.jpg\" alt=\"\" width=\"1024\" height=\"494\" srcset=\"https:\/\/agora.xtec.cat\/ins-sagulla\/wp-content\/uploads\/usu2114\/2021\/05\/IMG_7287-e1621539363412.jpg 1024w, https:\/\/agora.xtec.cat\/ins-sagulla\/wp-content\/uploads\/usu2114\/2021\/05\/IMG_7287-e1621539363412-300x145.jpg 300w, https:\/\/agora.xtec.cat\/ins-sagulla\/wp-content\/uploads\/usu2114\/2021\/05\/IMG_7287-e1621539363412-768x371.jpg 768w\" sizes=\"auto, (max-width: 1024px) 100vw, 1024px\" \/><\/p>\n<p>A la <strong>mesquita<\/strong>, els van explicar els punts m\u00e9s destacats de l&#8217;Islam aix\u00ed com les principals costums dels musulmans, especialment en aquests dies tan importants, del Ramad\u00e0.<\/p>\n<p>Per cert, van ser molt amables en convidar-los a un te verd amb pastes <em>handmade<\/em>. Moltes gr\u00e0cies!<\/p>\n<p><img loading=\"lazy\" decoding=\"async\" class=\"alignnone wp-image-3106 size-full\" src=\"https:\/\/agora.xtec.cat\/ins-sagulla\/wp-content\/uploads\/usu2114\/2021\/05\/IMG_8563-e1621539886906.jpg\" alt=\"\" width=\"1024\" height=\"550\" srcset=\"https:\/\/agora.xtec.cat\/ins-sagulla\/wp-content\/uploads\/usu2114\/2021\/05\/IMG_8563-e1621539886906.jpg 1024w, https:\/\/agora.xtec.cat\/ins-sagulla\/wp-content\/uploads\/usu2114\/2021\/05\/IMG_8563-e1621539886906-300x161.jpg 300w, https:\/\/agora.xtec.cat\/ins-sagulla\/wp-content\/uploads\/usu2114\/2021\/05\/IMG_8563-e1621539886906-768x413.jpg 768w\" sizes=\"auto, (max-width: 1024px) 100vw, 1024px\" \/><\/p>\n<p><img loading=\"lazy\" decoding=\"async\" class=\"alignnone wp-image-3104 size-full\" src=\"https:\/\/agora.xtec.cat\/ins-sagulla\/wp-content\/uploads\/usu2114\/2021\/05\/IMG_8568-e1621539755706.jpg\" alt=\"\" width=\"470\" height=\"589\" srcset=\"https:\/\/agora.xtec.cat\/ins-sagulla\/wp-content\/uploads\/usu2114\/2021\/05\/IMG_8568-e1621539755706.jpg 470w, https:\/\/agora.xtec.cat\/ins-sagulla\/wp-content\/uploads\/usu2114\/2021\/05\/IMG_8568-e1621539755706-239x300.jpg 239w\" sizes=\"auto, (max-width: 470px) 100vw, 470px\" \/><\/p>\n<p>Al <strong>cementiri<\/strong>, van visitar les tombes de dos personatges il\u00b7lustres de Blanes, <strong>Carles Faust<\/strong> i<strong> Joaquim Ruyra<\/strong>. I, tamb\u00e9, com una bonica manera de reflexionar sobre la mort i fer-ho d&#8217;una manera compartida, la d&#8217;aquells familiars d&#8217;alguns alumnes i professors que aix\u00ed ho van suggerir.<\/p>\n<p><img loading=\"lazy\" decoding=\"async\" class=\"alignnone wp-image-3105 size-full\" src=\"https:\/\/agora.xtec.cat\/ins-sagulla\/wp-content\/uploads\/usu2114\/2021\/05\/IMG_8573-e1621539905365.jpg\" alt=\"\" width=\"1023\" height=\"877\" srcset=\"https:\/\/agora.xtec.cat\/ins-sagulla\/wp-content\/uploads\/usu2114\/2021\/05\/IMG_8573-e1621539905365.jpg 1023w, https:\/\/agora.xtec.cat\/ins-sagulla\/wp-content\/uploads\/usu2114\/2021\/05\/IMG_8573-e1621539905365-300x257.jpg 300w, https:\/\/agora.xtec.cat\/ins-sagulla\/wp-content\/uploads\/usu2114\/2021\/05\/IMG_8573-e1621539905365-768x658.jpg 768w\" sizes=\"auto, (max-width: 1023px) 100vw, 1023px\" \/><\/p>\n<p>En definitiva, d&#8217;un costat a l&#8217;altre del municipi van fer salut, van menjar sa, i van aprendre sobre altres cultures.<\/p>\n<p>Si voleu veure m\u00e9s fotos de la sortida, nom\u00e9s heu de clicar al seg\u00fcent <a href=\"https:\/\/photos.app.goo.gl\/veuZLu7Bi4dJd1PG9\">enlla\u00e7<\/a>.<\/p>\n<p><img loading=\"lazy\" decoding=\"async\" class=\"alignnone wp-image-3107 size-full\" src=\"https:\/\/agora.xtec.cat\/ins-sagulla\/wp-content\/uploads\/usu2114\/2021\/05\/IMG_20210510_130932-e1621539784331.jpg\" alt=\"\" width=\"1024\" height=\"519\" srcset=\"https:\/\/agora.xtec.cat\/ins-sagulla\/wp-content\/uploads\/usu2114\/2021\/05\/IMG_20210510_130932-e1621539784331.jpg 1024w, https:\/\/agora.xtec.cat\/ins-sagulla\/wp-content\/uploads\/usu2114\/2021\/05\/IMG_20210510_130932-e1621539784331-300x152.jpg 300w, https:\/\/agora.xtec.cat\/ins-sagulla\/wp-content\/uploads\/usu2114\/2021\/05\/IMG_20210510_130932-e1621539784331-768x389.jpg 768w\" sizes=\"auto, (max-width: 1024px) 100vw, 1024px\" \/><\/p>\n<p>&nbsp;<\/p>\n","protected":false},"excerpt":{"rendered":"<p>La darrera excursi\u00f3 quinzenal de l&#8217;alumnat de 1r d&#8217;ESO va ser especialment interessant. Dilluns 11 de maig, tot i no sortir de Blanes, van tenir l&#8217;oportunitat de visitar llocs nous i, sobretot, aprendre un munt de coses!<br \/>\nTot respectant els grups-bombolla, cada grup-classe va anar al&hellip;  <a href=\"https:\/\/agora.xtec.cat\/ins-sagulla\/general\/reflexionem-sobre-la-mort-i-ens-apropem-a-altres-cultures\/\" title=\"Read Reflexionem sobre la mort i ens apropem a altres cultures\">Llegeix m\u00e9s\u00bb<\/a><\/p>\n","protected":false},"author":1,"featured_media":3103,"comment_status":"open","ping_status":"closed","sticky":false,"template":"","format":"standard","meta":{"_bbp_topic_count":0,"_bbp_reply_count":0,"_bbp_total_topic_count":0,"_bbp_total_reply_count":0,"_bbp_voice_count":0,"_bbp_anonymous_reply_count":0,"_bbp_topic_count_hidden":0,"_bbp_reply_count_hidden":0,"_bbp_forum_subforum_count":0,"footnotes":""},"categories":[3,313,4,1,309,29],"tags":[253,561,560,40,177],"class_list":["post-3089","post","type-post","status-publish","format-standard","has-post-thumbnail","hentry","category-eso","category-ciencies-socials","category-eso-1","category-general","category-llengua-catalana","category-portada","tag-blanes","tag-cementiri","tag-mesquita","tag-teatre","tag-tutoria"],"post_mailing_queue_ids":[],"_links":{"self":[{"href":"https:\/\/agora.xtec.cat\/ins-sagulla\/wp-json\/wp\/v2\/posts\/3089","targetHints":{"allow":["GET"]}}],"collection":[{"href":"https:\/\/agora.xtec.cat\/ins-sagulla\/wp-json\/wp\/v2\/posts"}],"about":[{"href":"https:\/\/agora.xtec.cat\/ins-sagulla\/wp-json\/wp\/v2\/types\/post"}],"author":[{"embeddable":true,"href":"https:\/\/agora.xtec.cat\/ins-sagulla\/wp-json\/wp\/v2\/users\/1"}],"replies":[{"embeddable":true,"href":"https:\/\/agora.xtec.cat\/ins-sagulla\/wp-json\/wp\/v2\/comments?post=3089"}],"version-history":[{"count":3,"href":"https:\/\/agora.xtec.cat\/ins-sagulla\/wp-json\/wp\/v2\/posts\/3089\/revisions"}],"predecessor-version":[{"id":3126,"href":"https:\/\/agora.xtec.cat\/ins-sagulla\/wp-json\/wp\/v2\/posts\/3089\/revisions\/3126"}],"wp:featuredmedia":[{"embeddable":true,"href":"https:\/\/agora.xtec.cat\/ins-sagulla\/wp-json\/wp\/v2\/media\/3103"}],"wp:attachment":[{"href":"https:\/\/agora.xtec.cat\/ins-sagulla\/wp-json\/wp\/v2\/media?parent=3089"}],"wp:term":[{"taxonomy":"category","embeddable":true,"href":"https:\/\/agora.xtec.cat\/ins-sagulla\/wp-json\/wp\/v2\/categories?post=3089"},{"taxonomy":"post_tag","embeddable":true,"href":"https:\/\/agora.xtec.cat\/ins-sagulla\/wp-json\/wp\/v2\/tags?post=3089"}],"curies":[{"name":"wp","href":"https:\/\/api.w.org\/{rel}","templated":true}]}}