{"id":3070,"date":"2021-05-14T12:36:40","date_gmt":"2021-05-14T10:36:40","guid":{"rendered":"https:\/\/agora.xtec.cat\/ins-sagulla\/?p=3070"},"modified":"2021-05-14T12:38:29","modified_gmt":"2021-05-14T10:38:29","slug":"el-teatre-com-a-prevencio-de-la-violencia-de-genere","status":"publish","type":"post","link":"https:\/\/agora.xtec.cat\/ins-sagulla\/general\/el-teatre-com-a-prevencio-de-la-violencia-de-genere\/","title":{"rendered":"El teatre com a prevenci\u00f3 de la viol\u00e8ncia de g\u00e8nere"},"content":{"rendered":"<p>Amb l\u2019objectiu de fomentar la reflexi\u00f3 sobre el <strong>rol social<\/strong> de les dones i els homes; <strong>sensibilitzar<\/strong> sobre un conflicte de <strong>viol\u00e8ncia de g\u00e8nere<\/strong>; i <strong>detectar<\/strong> les viol\u00e8ncies o <strong>micro-viol\u00e8ncies<\/strong> que exercim o de les que en som v\u00edctimes, per tal d\u2019<strong>evitar-les<\/strong>, neix el taller-espectacle <em>L\u2019equilibri \u00e9s cosa de dos<\/em>, a c\u00e0rrec de <a href=\"https:\/\/www.lanaveva.org\/\">La Nave Va<\/a>.<\/p>\n<p>Emmarcada en el programa <a href=\"https:\/\/www.siguestu.cat\/\">Sigues-tu<\/a>, aquesta iniciativa que incideix en la prevenci\u00f3 de la viol\u00e8ncia de g\u00e8nere ha tingut molt bona acollida per part dels nois i noies de 3r ESO. <a href=\"https:\/\/photos.app.goo.gl\/fZZ4JxS6QnsUHMsX6\">Aqu\u00ed<\/a> teniu les fotos.<\/p>\n<p>A partir de din\u00e0miques diverses i tot presentant una hist\u00f2ria teatralitzada de la relaci\u00f3 de dos personatges (Raquel i Marc), els participants han pogut interactuar i conduir la hist\u00f2ria.<\/p>\n<p><img loading=\"lazy\" decoding=\"async\" class=\"size-full wp-image-3075\" src=\"https:\/\/agora.xtec.cat\/ins-sagulla\/wp-content\/uploads\/usu2114\/2021\/05\/IMG_20210503_112139.jpg\" alt=\"\" width=\"3968\" height=\"2204\" srcset=\"https:\/\/agora.xtec.cat\/ins-sagulla\/wp-content\/uploads\/usu2114\/2021\/05\/IMG_20210503_112139.jpg 3968w, https:\/\/agora.xtec.cat\/ins-sagulla\/wp-content\/uploads\/usu2114\/2021\/05\/IMG_20210503_112139-300x167.jpg 300w, https:\/\/agora.xtec.cat\/ins-sagulla\/wp-content\/uploads\/usu2114\/2021\/05\/IMG_20210503_112139-768x427.jpg 768w, https:\/\/agora.xtec.cat\/ins-sagulla\/wp-content\/uploads\/usu2114\/2021\/05\/IMG_20210503_112139-1024x569.jpg 1024w\" sizes=\"auto, (max-width: 3968px) 100vw, 3968px\" \/><\/p>\n<p><em>Qu\u00e8 bonic \u00e9s estar enamorat&#8230;, per\u00f2 a vegades passa el temps i alguna cosa fa canviar la situaci\u00f3, pot n\u00e9ixer un \u201csilenci\u201d inc\u00f2mode, dif\u00edcil de manegar&#8230; Qu\u00e8 ha passat?<\/em><\/p>\n<p><em>Qui \u00e9s el responsable?&#8230;<\/em><br \/>\n<em>On estan els l\u00edmits?<\/em><br \/>\n<em>Qu\u00e8 significa viol\u00e8ncia?<\/em><br \/>\n<em>Tamb\u00e9 els atacs verbals ho s\u00f3n?<\/em><br \/>\n<em>En el dia a dia vivim petites viol\u00e8ncies?, com actuar?<\/em><br \/>\n<em>Qu\u00e8 dir per no acceptar-les sense produir un altra viol\u00e8ncia?<\/em><br \/>\n<em>De qu\u00e8 tinc por?<\/em><br \/>\n<em>Qu\u00e8 significa estimar a alg\u00fa?<\/em><\/p>\n","protected":false},"excerpt":{"rendered":"<p>Amb l\u2019objectiu de fomentar la reflexi\u00f3 sobre el rol social de les dones i els homes; sensibilitzar sobre un conflicte de viol\u00e8ncia de g\u00e8nere; i detectar les viol\u00e8ncies o micro-viol\u00e8ncies que exercim o de les que en som v\u00edctimes, per tal d\u2019evitar-les, neix el taller-espectacle&hellip;  <a href=\"https:\/\/agora.xtec.cat\/ins-sagulla\/general\/el-teatre-com-a-prevencio-de-la-violencia-de-genere\/\" title=\"Read El teatre com a prevenci\u00f3 de la viol\u00e8ncia de g\u00e8nere\">Llegeix m\u00e9s\u00bb<\/a><\/p>\n","protected":false},"author":37,"featured_media":3075,"comment_status":"open","ping_status":"closed","sticky":false,"template":"","format":"standard","meta":{"_bbp_topic_count":0,"_bbp_reply_count":0,"_bbp_total_topic_count":0,"_bbp_total_reply_count":0,"_bbp_voice_count":0,"_bbp_anonymous_reply_count":0,"_bbp_topic_count_hidden":0,"_bbp_reply_count_hidden":0,"_bbp_forum_subforum_count":0,"footnotes":""},"categories":[3,6,322,1,29],"tags":[376,554,553,390,40,552],"class_list":["post-3070","post","type-post","status-publish","format-standard","has-post-thumbnail","hentry","category-eso","category-eso-3","category-fotos","category-general","category-portada","tag-creativitat","tag-estimar","tag-micro-violencia","tag-no-violencia","tag-teatre","tag-violencia-de-genere"],"post_mailing_queue_ids":[],"_links":{"self":[{"href":"https:\/\/agora.xtec.cat\/ins-sagulla\/wp-json\/wp\/v2\/posts\/3070","targetHints":{"allow":["GET"]}}],"collection":[{"href":"https:\/\/agora.xtec.cat\/ins-sagulla\/wp-json\/wp\/v2\/posts"}],"about":[{"href":"https:\/\/agora.xtec.cat\/ins-sagulla\/wp-json\/wp\/v2\/types\/post"}],"author":[{"embeddable":true,"href":"https:\/\/agora.xtec.cat\/ins-sagulla\/wp-json\/wp\/v2\/users\/37"}],"replies":[{"embeddable":true,"href":"https:\/\/agora.xtec.cat\/ins-sagulla\/wp-json\/wp\/v2\/comments?post=3070"}],"version-history":[{"count":2,"href":"https:\/\/agora.xtec.cat\/ins-sagulla\/wp-json\/wp\/v2\/posts\/3070\/revisions"}],"predecessor-version":[{"id":3082,"href":"https:\/\/agora.xtec.cat\/ins-sagulla\/wp-json\/wp\/v2\/posts\/3070\/revisions\/3082"}],"wp:featuredmedia":[{"embeddable":true,"href":"https:\/\/agora.xtec.cat\/ins-sagulla\/wp-json\/wp\/v2\/media\/3075"}],"wp:attachment":[{"href":"https:\/\/agora.xtec.cat\/ins-sagulla\/wp-json\/wp\/v2\/media?parent=3070"}],"wp:term":[{"taxonomy":"category","embeddable":true,"href":"https:\/\/agora.xtec.cat\/ins-sagulla\/wp-json\/wp\/v2\/categories?post=3070"},{"taxonomy":"post_tag","embeddable":true,"href":"https:\/\/agora.xtec.cat\/ins-sagulla\/wp-json\/wp\/v2\/tags?post=3070"}],"curies":[{"name":"wp","href":"https:\/\/api.w.org\/{rel}","templated":true}]}}