{"id":3007,"date":"2021-05-07T11:13:00","date_gmt":"2021-05-07T09:13:00","guid":{"rendered":"https:\/\/agora.xtec.cat\/ins-sagulla\/?p=3007"},"modified":"2021-05-07T11:26:55","modified_gmt":"2021-05-07T09:26:55","slug":"oferta-places-cicles-formatius-grau-mitja","status":"publish","type":"post","link":"https:\/\/agora.xtec.cat\/ins-sagulla\/general\/oferta-places-cicles-formatius-grau-mitja\/","title":{"rendered":"Oferta places cicles formatius grau mitj\u00e0"},"content":{"rendered":"<p>En aquest document podreu consultar l\u2019<strong>oferta inicial de places<\/strong> pels estudis de <strong>cicles formatius de grau mitj\u00e0<\/strong> pel curs vinent:<\/p>\n<p><a href=\"https:\/\/agora.xtec.cat\/ins-sagulla\/wp-content\/uploads\/usu2114\/2021\/05\/2021-2022-Oferta-inicial-grau-mitj\u00e0.pdf\">2021-2022 Oferta inicial grau mitj\u00e0<\/a><\/p>\n<p><a href=\"https:\/\/agora.xtec.cat\/ins-sagulla\/wp-content\/uploads\/usu2114\/2021\/04\/CALENDAR-e1527854223549-1.png\"><img loading=\"lazy\" decoding=\"async\" class=\"alignnone size-thumbnail wp-image-2772\" src=\"https:\/\/agora.xtec.cat\/ins-sagulla\/wp-content\/uploads\/usu2114\/2021\/04\/CALENDAR-e1527854223549-1-150x150.png\" alt=\"\" width=\"150\" height=\"150\" srcset=\"https:\/\/agora.xtec.cat\/ins-sagulla\/wp-content\/uploads\/usu2114\/2021\/04\/CALENDAR-e1527854223549-1-150x150.png 150w, https:\/\/agora.xtec.cat\/ins-sagulla\/wp-content\/uploads\/usu2114\/2021\/04\/CALENDAR-e1527854223549-1-300x300.png 300w, https:\/\/agora.xtec.cat\/ins-sagulla\/wp-content\/uploads\/usu2114\/2021\/04\/CALENDAR-e1527854223549-1.png 400w\" sizes=\"auto, (max-width: 150px) 100vw, 150px\" \/><\/a><\/p>\n<p>De l\u201911 al 17 de maig s\u2019obre el <strong>per\u00edode de preinscripcions <\/strong>a trav\u00e9s del seg\u00fcent <a href=\"https:\/\/preinscripcio.gencat.cat\/ca\/estudis\/fp-grau-mitja\/inici\/\">enlla\u00e7<\/a><\/p>\n<p>&nbsp;<\/p>\n","protected":false},"excerpt":{"rendered":"<p>En aquest document podreu consultar l\u2019oferta inicial de places pels estudis de cicles formatius de grau mitj\u00e0 pel curs vinent:<br \/>\n<a href=\"https:\/\/agora.xtec.cat\/ins-sagulla\/wp-content\/uploads\/usu2114\/2021\/05\/2021-2022-Oferta-inicial-grau-mitj\u00e0.pdf\">2021-2022 Oferta inicial grau mitj\u00e0<\/a><br \/>\n<a href=\"https:\/\/agora.xtec.cat\/ins-sagulla\/wp-content\/uploads\/usu2114\/2021\/04\/CALENDAR-e1527854223549-1.png\"><\/a><br \/>\nDe l\u201911 al 17 de maig s\u2019obre el per\u00edode de preinscripcions a trav\u00e9s del seg\u00fcent <a href=\"https:\/\/preinscripcio.gencat.cat\/ca\/estudis\/fp-grau-mitja\/inici\/\">enlla\u00e7<\/a><br \/>\n&nbsp;<\/p>\n","protected":false},"author":1,"featured_media":3016,"comment_status":"open","ping_status":"closed","sticky":false,"template":"","format":"standard","meta":{"_bbp_topic_count":0,"_bbp_reply_count":0,"_bbp_total_topic_count":0,"_bbp_total_reply_count":0,"_bbp_voice_count":0,"_bbp_anonymous_reply_count":0,"_bbp_topic_count_hidden":0,"_bbp_reply_count_hidden":0,"_bbp_forum_subforum_count":0,"footnotes":""},"categories":[168,1,213,29,167],"tags":[231,208,217,407,446],"class_list":["post-3007","post","type-post","status-publish","format-standard","has-post-thumbnail","hentry","category-documents","category-general","category-grau-mitja","category-portada","category-secretaria","tag-cai","tag-cicles","tag-grau-mitja","tag-preinscripcions","tag-tapsd"],"post_mailing_queue_ids":[],"_links":{"self":[{"href":"https:\/\/agora.xtec.cat\/ins-sagulla\/wp-json\/wp\/v2\/posts\/3007","targetHints":{"allow":["GET"]}}],"collection":[{"href":"https:\/\/agora.xtec.cat\/ins-sagulla\/wp-json\/wp\/v2\/posts"}],"about":[{"href":"https:\/\/agora.xtec.cat\/ins-sagulla\/wp-json\/wp\/v2\/types\/post"}],"author":[{"embeddable":true,"href":"https:\/\/agora.xtec.cat\/ins-sagulla\/wp-json\/wp\/v2\/users\/1"}],"replies":[{"embeddable":true,"href":"https:\/\/agora.xtec.cat\/ins-sagulla\/wp-json\/wp\/v2\/comments?post=3007"}],"version-history":[{"count":3,"href":"https:\/\/agora.xtec.cat\/ins-sagulla\/wp-json\/wp\/v2\/posts\/3007\/revisions"}],"predecessor-version":[{"id":3021,"href":"https:\/\/agora.xtec.cat\/ins-sagulla\/wp-json\/wp\/v2\/posts\/3007\/revisions\/3021"}],"wp:featuredmedia":[{"embeddable":true,"href":"https:\/\/agora.xtec.cat\/ins-sagulla\/wp-json\/wp\/v2\/media\/3016"}],"wp:attachment":[{"href":"https:\/\/agora.xtec.cat\/ins-sagulla\/wp-json\/wp\/v2\/media?parent=3007"}],"wp:term":[{"taxonomy":"category","embeddable":true,"href":"https:\/\/agora.xtec.cat\/ins-sagulla\/wp-json\/wp\/v2\/categories?post=3007"},{"taxonomy":"post_tag","embeddable":true,"href":"https:\/\/agora.xtec.cat\/ins-sagulla\/wp-json\/wp\/v2\/tags?post=3007"}],"curies":[{"name":"wp","href":"https:\/\/api.w.org\/{rel}","templated":true}]}}