{"id":2927,"date":"2021-04-29T14:05:40","date_gmt":"2021-04-29T12:05:40","guid":{"rendered":"https:\/\/agora.xtec.cat\/ins-sagulla\/?p=2927"},"modified":"2021-04-29T14:05:40","modified_gmt":"2021-04-29T12:05:40","slug":"les-imatges-de-la-setmana-de-la-ciencia","status":"publish","type":"post","link":"https:\/\/agora.xtec.cat\/ins-sagulla\/eso\/les-imatges-de-la-setmana-de-la-ciencia\/","title":{"rendered":"Les imatges de la Setmana de la Ci\u00e8ncia"},"content":{"rendered":"<p>Aquests dies s&#8217;han donat a con\u00e8ixer l&#8217;alumnat guardonat amb els premis a les millors fotografies de la <strong>Setmana de la Ci\u00e8ncia<\/strong>.<\/p>\n<p><img loading=\"lazy\" decoding=\"async\" class=\"alignnone size-large wp-image-2934\" src=\"https:\/\/agora.xtec.cat\/ins-sagulla\/wp-content\/uploads\/usu2114\/2021\/04\/ikermiranda-1024x764.jpg\" alt=\"\" width=\"1024\" height=\"764\" srcset=\"https:\/\/agora.xtec.cat\/ins-sagulla\/wp-content\/uploads\/usu2114\/2021\/04\/ikermiranda-1024x764.jpg 1024w, https:\/\/agora.xtec.cat\/ins-sagulla\/wp-content\/uploads\/usu2114\/2021\/04\/ikermiranda-300x224.jpg 300w, https:\/\/agora.xtec.cat\/ins-sagulla\/wp-content\/uploads\/usu2114\/2021\/04\/ikermiranda-768x573.jpg 768w, https:\/\/agora.xtec.cat\/ins-sagulla\/wp-content\/uploads\/usu2114\/2021\/04\/ikermiranda-200x150.jpg 200w, https:\/\/agora.xtec.cat\/ins-sagulla\/wp-content\/uploads\/usu2114\/2021\/04\/ikermiranda.jpg 1132w\" sizes=\"auto, (max-width: 1024px) 100vw, 1024px\" \/><\/p>\n<p>Adre\u00e7at als nois i noies de l&#8217;ESO, aquest concurs vol destacar no nom\u00e9s la bellesa o l&#8217;impacte de les imatges, sin\u00f3 tamb\u00e9 el punt de vista, la den\u00fancia, etc. i tot plegat a partir del primer pas del m\u00e8tode cient\u00edfic: <strong>l&#8217;observaci\u00f3<\/strong>.<\/p>\n<p>La nostra enhorabona a tots i a totes:<\/p>\n<p><strong>1r ESO<\/strong><br \/>\nMarcos Sojo (1r B), Sofia Alcaide (1r C)<\/p>\n<p><strong>2n ESO<\/strong><br \/>\nOriol Sala (2n A), Ferran Tamayo (2n B), Joel Ruiz (2n C), Arnau G\u00f3mez (2n D)<\/p>\n<p><strong>3r ESO<\/strong><br \/>\nJan Losada (3r A), Zaynab Lahrach (3r B), Hajar El Mouddin (3r C), Hannah Moreno (3r D), Arnau Burjons (3r E).<\/p>\n<p><strong>4rt ESO<\/strong><br \/>\nIker Miranda (4r B) autor de la foto que il\u00b7lustra la not\u00edcia, Joel Gonz\u00e1lez (4rt C), Alex Mond\u00f3n (4rt D).<\/p>\n<p>Aqu\u00ed teniu <a href=\"https:\/\/photos.app.goo.gl\/MykK4jYabnwA3fTV8\"><strong>les fotos premiades<\/strong><\/a> a la Setmana de la Ci\u00e8ncia.<\/p>\n","protected":false},"excerpt":{"rendered":"<p>Aquests dies s&#8217;han donat a con\u00e8ixer l&#8217;alumnat guardonat amb els premis a les millors fotografies de la Setmana de la Ci\u00e8ncia.<\/p>\n<p>Adre\u00e7at als nois i noies de l&#8217;ESO, aquest concurs vol destacar no nom\u00e9s la bellesa o l&#8217;impacte de les imatges, sin\u00f3 tamb\u00e9 el punt de&hellip;  <a href=\"https:\/\/agora.xtec.cat\/ins-sagulla\/eso\/les-imatges-de-la-setmana-de-la-ciencia\/\" title=\"Read Les imatges de la Setmana de la Ci\u00e8ncia\">Llegeix m\u00e9s\u00bb<\/a><\/p>\n","protected":false},"author":1,"featured_media":2934,"comment_status":"open","ping_status":"closed","sticky":false,"template":"","format":"standard","meta":{"_bbp_topic_count":0,"_bbp_reply_count":0,"_bbp_total_topic_count":0,"_bbp_total_reply_count":0,"_bbp_voice_count":0,"_bbp_anonymous_reply_count":0,"_bbp_topic_count_hidden":0,"_bbp_reply_count_hidden":0,"_bbp_forum_subforum_count":0,"footnotes":""},"categories":[3,312,322,29,431],"tags":[432,376,291,529,292,530,119,332],"class_list":["post-2927","post","type-post","status-publish","format-standard","has-post-thumbnail","hentry","category-eso","category-ciencies-naturals","category-fotos","category-portada","category-reconeixements-i-concursos","tag-concurs-de-fotografia","tag-creativitat","tag-entorn","tag-metode-cientific","tag-natura","tag-observacio","tag-premis","tag-setmana-de-la-ciencia"],"post_mailing_queue_ids":[],"_links":{"self":[{"href":"https:\/\/agora.xtec.cat\/ins-sagulla\/wp-json\/wp\/v2\/posts\/2927","targetHints":{"allow":["GET"]}}],"collection":[{"href":"https:\/\/agora.xtec.cat\/ins-sagulla\/wp-json\/wp\/v2\/posts"}],"about":[{"href":"https:\/\/agora.xtec.cat\/ins-sagulla\/wp-json\/wp\/v2\/types\/post"}],"author":[{"embeddable":true,"href":"https:\/\/agora.xtec.cat\/ins-sagulla\/wp-json\/wp\/v2\/users\/1"}],"replies":[{"embeddable":true,"href":"https:\/\/agora.xtec.cat\/ins-sagulla\/wp-json\/wp\/v2\/comments?post=2927"}],"version-history":[{"count":1,"href":"https:\/\/agora.xtec.cat\/ins-sagulla\/wp-json\/wp\/v2\/posts\/2927\/revisions"}],"predecessor-version":[{"id":2935,"href":"https:\/\/agora.xtec.cat\/ins-sagulla\/wp-json\/wp\/v2\/posts\/2927\/revisions\/2935"}],"wp:featuredmedia":[{"embeddable":true,"href":"https:\/\/agora.xtec.cat\/ins-sagulla\/wp-json\/wp\/v2\/media\/2934"}],"wp:attachment":[{"href":"https:\/\/agora.xtec.cat\/ins-sagulla\/wp-json\/wp\/v2\/media?parent=2927"}],"wp:term":[{"taxonomy":"category","embeddable":true,"href":"https:\/\/agora.xtec.cat\/ins-sagulla\/wp-json\/wp\/v2\/categories?post=2927"},{"taxonomy":"post_tag","embeddable":true,"href":"https:\/\/agora.xtec.cat\/ins-sagulla\/wp-json\/wp\/v2\/tags?post=2927"}],"curies":[{"name":"wp","href":"https:\/\/api.w.org\/{rel}","templated":true}]}}