{"id":2924,"date":"2021-05-04T18:38:34","date_gmt":"2021-05-04T16:38:34","guid":{"rendered":"https:\/\/agora.xtec.cat\/ins-sagulla\/?p=2924"},"modified":"2021-05-07T11:38:18","modified_gmt":"2021-05-07T09:38:18","slug":"xerrada-dorientacio-a-les-families-de-4t-eso","status":"publish","type":"post","link":"https:\/\/agora.xtec.cat\/ins-sagulla\/general\/xerrada-dorientacio-a-les-families-de-4t-eso\/","title":{"rendered":"Xerrada d&#8217;orientaci\u00f3 a les fam\u00edlies de 4t ESO"},"content":{"rendered":"<p>Aquest dilluns 3 de maig ha tingut lloc la reuni\u00f3 d&#8217;orientaci\u00f3 adre\u00e7ada a les fam\u00edlies de l&#8217;alumnat de 4t ESO, que enguany ha comptat amb una cinquantena de participants.<\/p>\n<p>La trobada telem\u00e0tica ha constat d&#8217;una presentaci\u00f3 informativa sobre diferents itineraris postobligatoris aix\u00ed com les preinscripcions (que tindran lloc la propera setmana) a batxillerat, cicles formatius, programes de formaci\u00f3 i inserci\u00f3 (PFI) i altres estudis.<\/p>\n<p>Si voleu consultar la presentaci\u00f3 feta a la reuni\u00f3 podeu clicar al panell interactiu de la not\u00edcia:<\/p>\n<div style=\"width: 100%;\">\n<div style=\"padding-bottom: 56.25%; padding-top: 0; height: 0;\"><iframe loading=\"lazy\" src=\"https:\/\/view.genial.ly\/6014381adafa320d8b91029a\" width=\"1200\" height=\"675\" frameborder=\"0\"><\/iframe><\/div>\n<div><\/div>\n<\/div>\n<p>&nbsp;<\/p>\n","protected":false},"excerpt":{"rendered":"<p>Aquest dilluns 3 de maig ha tingut lloc la reuni\u00f3 d&#8217;orientaci\u00f3 adre\u00e7ada a les fam\u00edlies de l&#8217;alumnat de 4t ESO, que enguany ha comptat amb una cinquantena de participants.<br \/>\nLa trobada telem\u00e0tica ha constat d&#8217;una presentaci\u00f3 informativa sobre diferents itineraris postobligatoris aix\u00ed com les preinscripcions (que&hellip;  <a href=\"https:\/\/agora.xtec.cat\/ins-sagulla\/general\/xerrada-dorientacio-a-les-families-de-4t-eso\/\" title=\"Read Xerrada d&#8217;orientaci\u00f3 a les fam\u00edlies de 4t ESO\">Llegeix m\u00e9s\u00bb<\/a><\/p>\n","protected":false},"author":76,"featured_media":2959,"comment_status":"open","ping_status":"closed","sticky":false,"template":"","format":"standard","meta":{"_bbp_topic_count":0,"_bbp_reply_count":0,"_bbp_total_topic_count":0,"_bbp_total_reply_count":0,"_bbp_voice_count":0,"_bbp_anonymous_reply_count":0,"_bbp_topic_count_hidden":0,"_bbp_reply_count_hidden":0,"_bbp_forum_subforum_count":0,"footnotes":""},"categories":[362,8,30,7,1,321,29],"tags":[534,531,402,532],"class_list":["post-2924","post","type-post","status-publish","format-standard","has-post-thumbnail","hentry","category-afa","category-batxillerat","category-cicles-formatius","category-eso-4","category-general","category-orientacio","category-portada","tag-acces-a-la-universitat","tag-estudis-postobligatoris","tag-orientacio-academica","tag-programes-de-formacio-i-insercio"],"post_mailing_queue_ids":[],"_links":{"self":[{"href":"https:\/\/agora.xtec.cat\/ins-sagulla\/wp-json\/wp\/v2\/posts\/2924","targetHints":{"allow":["GET"]}}],"collection":[{"href":"https:\/\/agora.xtec.cat\/ins-sagulla\/wp-json\/wp\/v2\/posts"}],"about":[{"href":"https:\/\/agora.xtec.cat\/ins-sagulla\/wp-json\/wp\/v2\/types\/post"}],"author":[{"embeddable":true,"href":"https:\/\/agora.xtec.cat\/ins-sagulla\/wp-json\/wp\/v2\/users\/76"}],"replies":[{"embeddable":true,"href":"https:\/\/agora.xtec.cat\/ins-sagulla\/wp-json\/wp\/v2\/comments?post=2924"}],"version-history":[{"count":3,"href":"https:\/\/agora.xtec.cat\/ins-sagulla\/wp-json\/wp\/v2\/posts\/2924\/revisions"}],"predecessor-version":[{"id":2953,"href":"https:\/\/agora.xtec.cat\/ins-sagulla\/wp-json\/wp\/v2\/posts\/2924\/revisions\/2953"}],"wp:featuredmedia":[{"embeddable":true,"href":"https:\/\/agora.xtec.cat\/ins-sagulla\/wp-json\/wp\/v2\/media\/2959"}],"wp:attachment":[{"href":"https:\/\/agora.xtec.cat\/ins-sagulla\/wp-json\/wp\/v2\/media?parent=2924"}],"wp:term":[{"taxonomy":"category","embeddable":true,"href":"https:\/\/agora.xtec.cat\/ins-sagulla\/wp-json\/wp\/v2\/categories?post=2924"},{"taxonomy":"post_tag","embeddable":true,"href":"https:\/\/agora.xtec.cat\/ins-sagulla\/wp-json\/wp\/v2\/tags?post=2924"}],"curies":[{"name":"wp","href":"https:\/\/api.w.org\/{rel}","templated":true}]}}