{"id":2603,"date":"2021-03-26T16:15:00","date_gmt":"2021-03-26T15:15:00","guid":{"rendered":"https:\/\/agora.xtec.cat\/ins-sagulla\/?p=2603"},"modified":"2021-04-04T19:57:01","modified_gmt":"2021-04-04T17:57:01","slug":"engrescats-amb-el-treball-de-sintesi","status":"publish","type":"post","link":"https:\/\/agora.xtec.cat\/ins-sagulla\/general\/engrescats-amb-el-treball-de-sintesi\/","title":{"rendered":"Engrescats amb el Treball de S\u00edntesi"},"content":{"rendered":"<p>Aquesta setmana l&#8217;alumnat ha estat molt engrescat fent el <strong>Treball de S\u00edntesi<\/strong>. Uns dies per refor\u00e7ar el <strong>treball en equip<\/strong>, amb l&#8217;objectiu de desenvolupar un projecte per tal d&#8217;exposar-lo p\u00fablicament davant un tribunal.<\/p>\n<p>Els grups, formats per alumnes del mateix grup-bombolla i, les activitats i sortides, adaptades a l&#8217;entorn de Blanes. Un entorn ple d&#8217;encant i contrastos que tenim ben a tocar de l&#8217;institut.<\/p>\n<p>A <strong>1r d&#8217;ESO<\/strong> s&#8217;ha treballat el <strong>Blanes mariner<\/strong>. Aquest dilluns van gaudir d&#8217;una sortida al <strong>Port de Blanes<\/strong>, on van poder aprendre qu\u00e8 \u00e9s la <strong>pesca<\/strong> d&#8217;art menor i d&#8217;art major, entrevistar un <strong>pescador<\/strong>, i fer un <strong>dibuix urb\u00e0<\/strong> del port, entre d&#8217;altres activitats.<\/p>\n<p><a href=\"https:\/\/agora.xtec.cat\/ins-sagulla\/wp-content\/uploads\/usu2114\/2021\/03\/PHOTO-2021-03-23-09-58-56-1-1.jpg\"><img loading=\"lazy\" decoding=\"async\" class=\"alignnone size-large wp-image-2614\" src=\"https:\/\/agora.xtec.cat\/ins-sagulla\/wp-content\/uploads\/usu2114\/2021\/03\/PHOTO-2021-03-23-09-58-56-1-1-1024x768.jpg\" alt=\"\" width=\"1024\" height=\"768\" srcset=\"https:\/\/agora.xtec.cat\/ins-sagulla\/wp-content\/uploads\/usu2114\/2021\/03\/PHOTO-2021-03-23-09-58-56-1-1-1024x768.jpg 1024w, https:\/\/agora.xtec.cat\/ins-sagulla\/wp-content\/uploads\/usu2114\/2021\/03\/PHOTO-2021-03-23-09-58-56-1-1-300x225.jpg 300w, https:\/\/agora.xtec.cat\/ins-sagulla\/wp-content\/uploads\/usu2114\/2021\/03\/PHOTO-2021-03-23-09-58-56-1-1-768x576.jpg 768w, https:\/\/agora.xtec.cat\/ins-sagulla\/wp-content\/uploads\/usu2114\/2021\/03\/PHOTO-2021-03-23-09-58-56-1-1-200x150.jpg 200w, https:\/\/agora.xtec.cat\/ins-sagulla\/wp-content\/uploads\/usu2114\/2021\/03\/PHOTO-2021-03-23-09-58-56-1-1.jpg 2048w\" sizes=\"auto, (max-width: 1024px) 100vw, 1024px\" \/><\/a><\/p>\n<p><a href=\"https:\/\/agora.xtec.cat\/ins-sagulla\/wp-content\/uploads\/usu2114\/2021\/03\/IMG_4516.jpg\"><img loading=\"lazy\" decoding=\"async\" class=\"alignnone size-large wp-image-2613\" src=\"https:\/\/agora.xtec.cat\/ins-sagulla\/wp-content\/uploads\/usu2114\/2021\/03\/IMG_4516-768x1024.jpg\" alt=\"\" width=\"768\" height=\"1024\" srcset=\"https:\/\/agora.xtec.cat\/ins-sagulla\/wp-content\/uploads\/usu2114\/2021\/03\/IMG_4516-768x1024.jpg 768w, https:\/\/agora.xtec.cat\/ins-sagulla\/wp-content\/uploads\/usu2114\/2021\/03\/IMG_4516-225x300.jpg 225w, https:\/\/agora.xtec.cat\/ins-sagulla\/wp-content\/uploads\/usu2114\/2021\/03\/IMG_4516.jpg 1024w\" sizes=\"auto, (max-width: 768px) 100vw, 768px\" \/><\/a><\/p>\n<p>Vegeu aqu\u00ed m\u00e9s <strong>fotos<\/strong> d&#8217;aquesta sortida: <a href=\"https:\/\/photos.app.goo.gl\/ZrUxVUryms75X3GH7\"><img loading=\"lazy\" decoding=\"async\" class=\"alignnone wp-image-2589\" src=\"https:\/\/agora.xtec.cat\/ins-sagulla\/wp-content\/uploads\/usu2114\/2021\/03\/54d7495362311efaf52cb10aea9aa856-e1616619153611.png\" alt=\"\" width=\"103\" height=\"161\" \/><\/a><\/p>\n<p>Per la seva part, i des d&#8217;una altra perspectiva, l&#8217;alumnat de <strong>2n d&#8217;ESO<\/strong> s&#8217;ha apropat tamb\u00e9 al <strong>Blanes<\/strong> <strong>mariner<\/strong>. A trav\u00e9s de diverses<strong> sortides<\/strong>, han conegut els diferents tipus d&#8217;aus, roques, a banda de realitzar diferents activitats esportives.<\/p>\n<p>Els nois i noies de <strong>3r d&#8217;ESO<\/strong> i <strong>PDC, <\/strong>que altres anys havien treballat la Girona medieval (des de catal\u00e0 llegeixen la novel\u00b7la <strong>L&#8217;Esclau del Mercadal<\/strong>, de Dolors Garcia i Cornell\u00e0), enguany s&#8217;han endinsat al <strong>Blanes Medieval<\/strong>.<\/p>\n<p>A partir de la <strong>Ruta dels<\/strong> <strong>Vescomtes de Cabrera<\/strong>, han fet dues sortides que els han perm\u00e8s con\u00e8ixer la hist\u00f2ria de punts emblem\u00e0tics del centre de Blanes, el port, el Castell de Sant Joan i les ermites, entre d&#8217;altres.<\/p>\n<p>El producte final ha consistit en organitzar i presentar tots els detalls d&#8217;un<strong> viatge<\/strong> per donar a con\u00e8ixer, a uns turistes molt especials, els atractius que amaga el Blanes medieval.<\/p>\n<p><a href=\"https:\/\/agora.xtec.cat\/ins-sagulla\/wp-content\/uploads\/usu2114\/2021\/03\/IMG_20210319_105016-1.jpg\"><img loading=\"lazy\" decoding=\"async\" class=\"alignnone size-large wp-image-2638\" src=\"https:\/\/agora.xtec.cat\/ins-sagulla\/wp-content\/uploads\/usu2114\/2021\/03\/IMG_20210319_105016-1-1024x658.jpg\" alt=\"\" width=\"1024\" height=\"658\" srcset=\"https:\/\/agora.xtec.cat\/ins-sagulla\/wp-content\/uploads\/usu2114\/2021\/03\/IMG_20210319_105016-1-1024x658.jpg 1024w, https:\/\/agora.xtec.cat\/ins-sagulla\/wp-content\/uploads\/usu2114\/2021\/03\/IMG_20210319_105016-1-300x193.jpg 300w, https:\/\/agora.xtec.cat\/ins-sagulla\/wp-content\/uploads\/usu2114\/2021\/03\/IMG_20210319_105016-1-768x494.jpg 768w\" sizes=\"auto, (max-width: 1024px) 100vw, 1024px\" \/><\/a><\/p>\n<p><a href=\"https:\/\/agora.xtec.cat\/ins-sagulla\/wp-content\/uploads\/usu2114\/2021\/03\/IMG_20210325_093213.jpg\"><img loading=\"lazy\" decoding=\"async\" class=\"size-large wp-image-2636\" src=\"https:\/\/agora.xtec.cat\/ins-sagulla\/wp-content\/uploads\/usu2114\/2021\/03\/IMG_20210325_093213-1024x684.jpg\" alt=\"\" width=\"1024\" height=\"684\" srcset=\"https:\/\/agora.xtec.cat\/ins-sagulla\/wp-content\/uploads\/usu2114\/2021\/03\/IMG_20210325_093213-1024x684.jpg 1024w, https:\/\/agora.xtec.cat\/ins-sagulla\/wp-content\/uploads\/usu2114\/2021\/03\/IMG_20210325_093213-300x200.jpg 300w, https:\/\/agora.xtec.cat\/ins-sagulla\/wp-content\/uploads\/usu2114\/2021\/03\/IMG_20210325_093213-768x513.jpg 768w\" sizes=\"auto, (max-width: 1024px) 100vw, 1024px\" \/><\/a><\/p>\n<p>Vegeu aqu\u00ed m\u00e9s <strong>fotos<\/strong> del Treball de S\u00edntesi de 3r d&#8217;ESO: <a href=\"https:\/\/photos.app.goo.gl\/6LePBEtzP1j9Fg439\"><img loading=\"lazy\" decoding=\"async\" class=\"alignnone wp-image-2589\" src=\"https:\/\/agora.xtec.cat\/ins-sagulla\/wp-content\/uploads\/usu2114\/2021\/03\/54d7495362311efaf52cb10aea9aa856-e1616619153611.png\" alt=\"\" width=\"103\" height=\"161\" \/><\/a><\/p>\n<p>L&#8217;alumnat de 4rt d&#8217;ESO ha fet un <strong>Projecte de Recerca<\/strong>, similar al de Batxillerat per\u00f2 a petita escala. Han disposat d&#8217;unes hores per sortir a fer <strong>treball de camp<\/strong> per Blanes.<\/p>\n<p>Finalment, excepcionalment aquest curs, la <strong>SIEI<\/strong> ha realitzat tamb\u00e9 el Treball de S\u00edntesi. Els nois i noies han elaborat un treball anomenat <strong>Una volta al m\u00f3n, una nova mirada<\/strong>.<\/p>\n<p>El projecte ha consistit en aprofundir m\u00e9s en el coneixement del pa\u00eds que cada grup de treball ha escollit en funci\u00f3 de les seves prefer\u00e8ncies.\u00a0A m\u00e9s a m\u00e9s, s&#8217;ha incidit en la <strong>coneixen\u00e7a<\/strong> i <strong>promoci\u00f3 de l&#8217;entorn proper<\/strong>.<\/p>\n<p><a href=\"https:\/\/agora.xtec.cat\/ins-sagulla\/wp-content\/uploads\/usu2114\/2021\/03\/IMG-20210324-WA0006-1.jpg\"><img loading=\"lazy\" decoding=\"async\" class=\"alignnone size-large wp-image-2644\" src=\"https:\/\/agora.xtec.cat\/ins-sagulla\/wp-content\/uploads\/usu2114\/2021\/03\/IMG-20210324-WA0006-1-768x1024.jpg\" alt=\"\" width=\"768\" height=\"1024\" srcset=\"https:\/\/agora.xtec.cat\/ins-sagulla\/wp-content\/uploads\/usu2114\/2021\/03\/IMG-20210324-WA0006-1-768x1024.jpg 768w, https:\/\/agora.xtec.cat\/ins-sagulla\/wp-content\/uploads\/usu2114\/2021\/03\/IMG-20210324-WA0006-1-225x300.jpg 225w, https:\/\/agora.xtec.cat\/ins-sagulla\/wp-content\/uploads\/usu2114\/2021\/03\/IMG-20210324-WA0006-1.jpg 1512w\" sizes=\"auto, (max-width: 768px) 100vw, 768px\" \/><\/a><\/p>\n<p>El dossier amb el recull de les tasques, les gravacions individuals a l&#8217;exterior, la recepta de cuina (proposada, realitzada i, sobretot, gaudida!) i la presentaci\u00f3 per a l&#8217;exposici\u00f3 oral final, els ha motivat a treballar intensament durant tota la setmana.<\/p>\n<p><a href=\"https:\/\/agora.xtec.cat\/ins-sagulla\/wp-content\/uploads\/usu2114\/2021\/03\/IMG-20210323-WA0010-1.jpg\"><img loading=\"lazy\" decoding=\"async\" class=\"alignnone size-large wp-image-2643\" src=\"https:\/\/agora.xtec.cat\/ins-sagulla\/wp-content\/uploads\/usu2114\/2021\/03\/IMG-20210323-WA0010-1-768x1024.jpg\" alt=\"\" width=\"768\" height=\"1024\" srcset=\"https:\/\/agora.xtec.cat\/ins-sagulla\/wp-content\/uploads\/usu2114\/2021\/03\/IMG-20210323-WA0010-1-768x1024.jpg 768w, https:\/\/agora.xtec.cat\/ins-sagulla\/wp-content\/uploads\/usu2114\/2021\/03\/IMG-20210323-WA0010-1-225x300.jpg 225w, https:\/\/agora.xtec.cat\/ins-sagulla\/wp-content\/uploads\/usu2114\/2021\/03\/IMG-20210323-WA0010-1.jpg 1200w\" sizes=\"auto, (max-width: 768px) 100vw, 768px\" \/><\/a><\/p>\n<p>Molt bona feina a tothom! Aprofitem tamb\u00e9 per desitjar-vos una <strong>bona setmana santa<\/strong>!<\/p>\n<p>Ens veiem el dimecres 7 d&#8217;abril.<\/p>\n","protected":false},"excerpt":{"rendered":"<p>Aquesta setmana l&#8217;alumnat ha estat molt engrescat fent el Treball de S\u00edntesi. Uns dies per refor\u00e7ar el treball en equip, amb l&#8217;objectiu de desenvolupar un projecte per tal d&#8217;exposar-lo p\u00fablicament davant un tribunal.<br \/>\nEls grups, formats per alumnes del mateix grup-bombolla i, les activitats i sortides,&hellip;  <a href=\"https:\/\/agora.xtec.cat\/ins-sagulla\/general\/engrescats-amb-el-treball-de-sintesi\/\" title=\"Read Engrescats amb el Treball de S\u00edntesi\">Llegeix m\u00e9s\u00bb<\/a><\/p>\n","protected":false},"author":1,"featured_media":2623,"comment_status":"open","ping_status":"closed","sticky":false,"template":"","format":"standard","meta":{"_bbp_topic_count":0,"_bbp_reply_count":0,"_bbp_total_topic_count":0,"_bbp_total_reply_count":0,"_bbp_voice_count":0,"_bbp_anonymous_reply_count":0,"_bbp_topic_count_hidden":0,"_bbp_reply_count_hidden":0,"_bbp_forum_subforum_count":0,"footnotes":""},"categories":[4,5,6,7,322,1,29,159],"tags":[502,505,503,461,204,501,330,504],"class_list":["post-2603","post","type-post","status-publish","format-standard","has-post-thumbnail","hentry","category-eso-1","category-eso-2","category-eso-3","category-eso-4","category-fotos","category-general","category-portada","category-pdc","tag-blanes-mariner","tag-blanes-medieval","tag-port-de-blanes","tag-treball-dequip","tag-treball-de-recerca","tag-treball-de-sintesi","tag-urban-sketchers","tag-vescomtes-de-cabrera"],"post_mailing_queue_ids":[],"_links":{"self":[{"href":"https:\/\/agora.xtec.cat\/ins-sagulla\/wp-json\/wp\/v2\/posts\/2603","targetHints":{"allow":["GET"]}}],"collection":[{"href":"https:\/\/agora.xtec.cat\/ins-sagulla\/wp-json\/wp\/v2\/posts"}],"about":[{"href":"https:\/\/agora.xtec.cat\/ins-sagulla\/wp-json\/wp\/v2\/types\/post"}],"author":[{"embeddable":true,"href":"https:\/\/agora.xtec.cat\/ins-sagulla\/wp-json\/wp\/v2\/users\/1"}],"replies":[{"embeddable":true,"href":"https:\/\/agora.xtec.cat\/ins-sagulla\/wp-json\/wp\/v2\/comments?post=2603"}],"version-history":[{"count":4,"href":"https:\/\/agora.xtec.cat\/ins-sagulla\/wp-json\/wp\/v2\/posts\/2603\/revisions"}],"predecessor-version":[{"id":2645,"href":"https:\/\/agora.xtec.cat\/ins-sagulla\/wp-json\/wp\/v2\/posts\/2603\/revisions\/2645"}],"wp:featuredmedia":[{"embeddable":true,"href":"https:\/\/agora.xtec.cat\/ins-sagulla\/wp-json\/wp\/v2\/media\/2623"}],"wp:attachment":[{"href":"https:\/\/agora.xtec.cat\/ins-sagulla\/wp-json\/wp\/v2\/media?parent=2603"}],"wp:term":[{"taxonomy":"category","embeddable":true,"href":"https:\/\/agora.xtec.cat\/ins-sagulla\/wp-json\/wp\/v2\/categories?post=2603"},{"taxonomy":"post_tag","embeddable":true,"href":"https:\/\/agora.xtec.cat\/ins-sagulla\/wp-json\/wp\/v2\/tags?post=2603"}],"curies":[{"name":"wp","href":"https:\/\/api.w.org\/{rel}","templated":true}]}}