{"id":25987,"date":"2026-09-04T12:10:05","date_gmt":"2026-09-04T10:10:05","guid":{"rendered":"https:\/\/agora.xtec.cat\/ins-sagulla\/?p=25987"},"modified":"2026-09-04T12:19:02","modified_gmt":"2026-09-04T10:19:02","slug":"cua-virtual-de-places-vacants-cicles-formatius","status":"publish","type":"post","link":"https:\/\/agora.xtec.cat\/ins-sagulla\/general\/cua-virtual-de-places-vacants-cicles-formatius\/","title":{"rendered":"CUA VIRTUAL DE PLACES VACANTS CICLES FORMATIUS"},"content":{"rendered":"<div><\/div>\n<div>\n<p>El dia 7 de setembre, el Departament d&#8217;Educaci\u00f3 i Formaci\u00f3 Professional, publicar\u00e0 al web de\u00a0<a href=\"https:\/\/preinscripcio.gencat.cat\/ca\/inici\/\">preinscripci\u00f3<\/a> les places vacants, per centre educatiu. Per accedir a aquestes places,\u00a0<strong>caldr\u00e0 que t&#8217;apuntis al web del centre escollit (no hi vagis presencialment)<\/strong>\u00a0durant el dia 7 de setembre.<\/p>\n<p><strong>IMPORTANT: \u00a0La <span class=\"il\">Cua Virtual<\/span>\u00a0nom\u00e9s estar\u00e0 operativa el dia 7 de setembre de 9 a 23:59<\/strong><\/p>\n<\/div>\n<div><strong>Per apuntar-te segueix l&#8217;enlla\u00e7 seg\u00fcent:\u00a0 \u00a0\u00a0 <a href=\"https:\/\/aplicacions.gestioeducativa.gencat.cat\/ords\/pls\/apex\/f?p=20160079072543618:650:::NO:650:P650_CENTRE:C9D2077AD52DED629CDE6DF5302921B8A47088746151A1CE\">CUA VIRTUAL VANCANTS CF<\/a><\/strong><\/div>\n<div><\/div>\n<div>\n<hr \/>\n<\/div>\n<div><\/div>\n<div><\/div>\n<div>\n<p>Del 8 al 10 de setembre el centre es posar\u00e0 en contacte amb tu per gestionar la teva sol\u00b7licitud.<\/p>\n<p>El centre atendr\u00e0 l&#8217;alumnat seguint l&#8217;ordre assignat pel gestor de cues. Quan arribi el teu torn, podr\u00e0s optar a qualsevol de les vacants disponibles en aquell moment i dels cicles formatius per als quals compleixis els requisits d&#8217;acc\u00e9s.<\/p>\n<p>Per tant, la possibilitat d&#8217;obtenir pla\u00e7a dependr\u00e0 tant de la posici\u00f3 a la cua com de les vacants disponibles en cada cicle en el moment de l&#8217;atenci\u00f3.<\/p>\n<\/div>\n<div><\/div>\n<div><\/div>\n<div><\/div>\n<div><\/div>\n<div><\/div>\n<div><\/div>\n<div><\/div>\n<div><\/div>\n","protected":false},"excerpt":{"rendered":"<p>El dia 7 de setembre, el Departament d&#8217;Educaci\u00f3 i Formaci\u00f3 Professional, publicar\u00e0 al web de\u00a0<a href=\"https:\/\/preinscripcio.gencat.cat\/ca\/inici\/\">preinscripci\u00f3<\/a> les places vacants, per centre educatiu. Per accedir a aquestes places,\u00a0caldr\u00e0 que t&#8217;apuntis al web del centre escollit (no hi vagis presencialment)\u00a0durant el dia 7 de setembre.<br \/>\nIMPORTANT: \u00a0La Cua&hellip;  <a href=\"https:\/\/agora.xtec.cat\/ins-sagulla\/general\/cua-virtual-de-places-vacants-cicles-formatius\/\" title=\"Read CUA VIRTUAL DE PLACES VACANTS CICLES FORMATIUS\">Llegeix m\u00e9s\u00bb<\/a><\/p>\n","protected":false},"author":5,"featured_media":0,"comment_status":"open","ping_status":"open","sticky":true,"template":"","format":"standard","meta":{"_bbp_topic_count":0,"_bbp_reply_count":0,"_bbp_total_topic_count":0,"_bbp_total_reply_count":0,"_bbp_voice_count":0,"_bbp_anonymous_reply_count":0,"_bbp_topic_count_hidden":0,"_bbp_reply_count_hidden":0,"_bbp_forum_subforum_count":0,"footnotes":""},"categories":[30,1,29],"tags":[],"class_list":["post-25987","post","type-post","status-publish","format-standard","hentry","category-cicles-formatius","category-general","category-portada"],"post_mailing_queue_ids":[],"_links":{"self":[{"href":"https:\/\/agora.xtec.cat\/ins-sagulla\/wp-json\/wp\/v2\/posts\/25987","targetHints":{"allow":["GET"]}}],"collection":[{"href":"https:\/\/agora.xtec.cat\/ins-sagulla\/wp-json\/wp\/v2\/posts"}],"about":[{"href":"https:\/\/agora.xtec.cat\/ins-sagulla\/wp-json\/wp\/v2\/types\/post"}],"author":[{"embeddable":true,"href":"https:\/\/agora.xtec.cat\/ins-sagulla\/wp-json\/wp\/v2\/users\/5"}],"replies":[{"embeddable":true,"href":"https:\/\/agora.xtec.cat\/ins-sagulla\/wp-json\/wp\/v2\/comments?post=25987"}],"version-history":[{"count":6,"href":"https:\/\/agora.xtec.cat\/ins-sagulla\/wp-json\/wp\/v2\/posts\/25987\/revisions"}],"predecessor-version":[{"id":25993,"href":"https:\/\/agora.xtec.cat\/ins-sagulla\/wp-json\/wp\/v2\/posts\/25987\/revisions\/25993"}],"wp:attachment":[{"href":"https:\/\/agora.xtec.cat\/ins-sagulla\/wp-json\/wp\/v2\/media?parent=25987"}],"wp:term":[{"taxonomy":"category","embeddable":true,"href":"https:\/\/agora.xtec.cat\/ins-sagulla\/wp-json\/wp\/v2\/categories?post=25987"},{"taxonomy":"post_tag","embeddable":true,"href":"https:\/\/agora.xtec.cat\/ins-sagulla\/wp-json\/wp\/v2\/tags?post=25987"}],"curies":[{"name":"wp","href":"https:\/\/api.w.org\/{rel}","templated":true}]}}