{"id":2591,"date":"2021-03-24T12:37:40","date_gmt":"2021-03-24T11:37:40","guid":{"rendered":"https:\/\/agora.xtec.cat\/ins-sagulla\/?p=2591"},"modified":"2021-03-24T21:53:18","modified_gmt":"2021-03-24T20:53:18","slug":"alumnes-de-batxillerat-comparteixen-les-seves-experiencies","status":"publish","type":"post","link":"https:\/\/agora.xtec.cat\/ins-sagulla\/general\/alumnes-de-batxillerat-comparteixen-les-seves-experiencies\/","title":{"rendered":"Alumnes de batxillerat comparteixen les seves experi\u00e8ncies"},"content":{"rendered":"<p>Una representaci\u00f3 d&#8217;alumnes de segon de batxillerat ha donat un any m\u00e9s suport al departament d&#8217;orientaci\u00f3 a les sessions que es realitzen amb l&#8217;alumnat de 4t.<\/p>\n<p>Dins el marc de les xerrades d&#8217;orientaci\u00f3 acad\u00e8mica, l&#8217;alumnat ha explicat la seva experi\u00e8ncia. Aix\u00ed, des dels diferents itineraris, hem escoltat diverses <strong>viv\u00e8ncies, reptes, il\u00b7lusions, angoixes<\/strong> i ens han transm\u00e8s l&#8217;<strong>esfor\u00e7, la const\u00e0ncia, els dubtes <\/strong>en la presa de decisions.\u00a0Per sobre de tot, per\u00f2, les <strong>ganes de superaci\u00f3<\/strong>.<\/p>\n<p>Han mostrat les diferents cares del batxillerat i la implicaci\u00f3 de tothom en els estudis escollits. \u00c9s, sense cap mena de dubte, una bona manera de <strong>connectar amb les noies i nois de 4t<\/strong>.\u00a0En un moment en qu\u00e8 cal que valorin tots els aspectes per escollir el <strong>millor itinerari<\/strong> per aquesta nova etapa de formaci\u00f3 postobligat\u00f2ria.<\/p>\n<p>Enguany les xerrades han estat fetes al camp de futbol del Racing a les hores d&#8217;estudi. Un espai obert i dist\u00e8s que ha afavorit que els alumnes de 4t poguessin preguntar tots els dubtes i q\u00fcestions que els poden ajudar a decidir sobre el seu futur acad\u00e8mic m\u00e9s immediat.<\/p>\n<p>A tots els alumnes que han participat del projecte: Moltes gr\u00e0cies per la vostra col\u00b7laboraci\u00f3!<\/p>\n","protected":false},"excerpt":{"rendered":"<p>Una representaci\u00f3 d&#8217;alumnes de segon de batxillerat ha donat un any m\u00e9s suport al departament d&#8217;orientaci\u00f3 a les sessions que es realitzen amb l&#8217;alumnat de 4t.<br \/>\nDins el marc de les xerrades d&#8217;orientaci\u00f3 acad\u00e8mica, l&#8217;alumnat ha explicat la seva experi\u00e8ncia. Aix\u00ed, des dels diferents itineraris, hem&hellip;  <a href=\"https:\/\/agora.xtec.cat\/ins-sagulla\/general\/alumnes-de-batxillerat-comparteixen-les-seves-experiencies\/\" title=\"Read Alumnes de batxillerat comparteixen les seves experi\u00e8ncies\">Llegeix m\u00e9s\u00bb<\/a><\/p>\n","protected":false},"author":76,"featured_media":2598,"comment_status":"open","ping_status":"closed","sticky":false,"template":"","format":"standard","meta":{"_bbp_topic_count":0,"_bbp_reply_count":0,"_bbp_total_topic_count":0,"_bbp_total_reply_count":0,"_bbp_voice_count":0,"_bbp_anonymous_reply_count":0,"_bbp_topic_count_hidden":0,"_bbp_reply_count_hidden":0,"_bbp_forum_subforum_count":0,"footnotes":""},"categories":[338,7,1,321,29],"tags":[207,143,499,498,500,402,497,44],"class_list":["post-2591","post","type-post","status-publish","format-standard","has-post-thumbnail","hentry","category-batx-2","category-eso-4","category-general","category-orientacio","category-portada","tag-4t-eso","tag-batxillerat","tag-dubtes","tag-esforc","tag-millor-itinerari","tag-orientacio-academica","tag-reptes","tag-xerrades"],"post_mailing_queue_ids":[],"_links":{"self":[{"href":"https:\/\/agora.xtec.cat\/ins-sagulla\/wp-json\/wp\/v2\/posts\/2591","targetHints":{"allow":["GET"]}}],"collection":[{"href":"https:\/\/agora.xtec.cat\/ins-sagulla\/wp-json\/wp\/v2\/posts"}],"about":[{"href":"https:\/\/agora.xtec.cat\/ins-sagulla\/wp-json\/wp\/v2\/types\/post"}],"author":[{"embeddable":true,"href":"https:\/\/agora.xtec.cat\/ins-sagulla\/wp-json\/wp\/v2\/users\/76"}],"replies":[{"embeddable":true,"href":"https:\/\/agora.xtec.cat\/ins-sagulla\/wp-json\/wp\/v2\/comments?post=2591"}],"version-history":[{"count":3,"href":"https:\/\/agora.xtec.cat\/ins-sagulla\/wp-json\/wp\/v2\/posts\/2591\/revisions"}],"predecessor-version":[{"id":2600,"href":"https:\/\/agora.xtec.cat\/ins-sagulla\/wp-json\/wp\/v2\/posts\/2591\/revisions\/2600"}],"wp:featuredmedia":[{"embeddable":true,"href":"https:\/\/agora.xtec.cat\/ins-sagulla\/wp-json\/wp\/v2\/media\/2598"}],"wp:attachment":[{"href":"https:\/\/agora.xtec.cat\/ins-sagulla\/wp-json\/wp\/v2\/media?parent=2591"}],"wp:term":[{"taxonomy":"category","embeddable":true,"href":"https:\/\/agora.xtec.cat\/ins-sagulla\/wp-json\/wp\/v2\/categories?post=2591"},{"taxonomy":"post_tag","embeddable":true,"href":"https:\/\/agora.xtec.cat\/ins-sagulla\/wp-json\/wp\/v2\/tags?post=2591"}],"curies":[{"name":"wp","href":"https:\/\/api.w.org\/{rel}","templated":true}]}}