{"id":25776,"date":"2026-04-29T08:43:29","date_gmt":"2026-04-29T06:43:29","guid":{"rendered":"https:\/\/agora.xtec.cat\/ins-sagulla\/?p=25776"},"modified":"2026-04-29T08:43:29","modified_gmt":"2026-04-29T06:43:29","slug":"oriol-pons-de-2n-de-btx-guanya-el-primer-concurs-de-musica-urbana-en-catala","status":"publish","type":"post","link":"https:\/\/agora.xtec.cat\/ins-sagulla\/general\/oriol-pons-de-2n-de-btx-guanya-el-primer-concurs-de-musica-urbana-en-catala\/","title":{"rendered":"Oriol Pons de 2n de Btx guanya el primer concurs de m\u00fasica urbana en catal\u00e0"},"content":{"rendered":"<p>El passat divendres dia 24 d&#8217;abril es va celebrar a Blanes el primer concurs de m\u00fasica urbana en catal\u00e0, promogut per l&#8217;entitat cultural S&#8217;Espurna i en el que es podien presentar tots els instituts de secund\u00e0ria de Blanes.<\/p>\n<p>A l&#8217;acte, on hi van actuar alguns grups de m\u00fasica professionals, hi van participar sis alumnes del S&#8217;Agulla: Janat Berrohi, Kagno Ballo i Mohamed el Khdili, tots tres de 2n d&#8217;ESO, formaven un grup musical i van quedar segons. Amr el Boujnani i Musa Drammeh, juntament amb Mohamed, tamb\u00e9 de 2n d&#8217;ESO, van quedar tercers.<br \/>\nEl guanyador de la primera edici\u00f3 va ser l&#8217;Oriol Pons de 2n de Batxillerat.<br \/>\nV\u00eddeos de les actuacions: <a href=\"https:\/\/drive.google.com\/drive\/folders\/1kDq9_YFPTytuyi8CcwwaagrfnmwSApDL?usp=sharing\">https:\/\/drive.google.com\/drive\/folders\/1kDq9_YFPTytuyi8CcwwaagrfnmwSApDL?usp=sharing<\/a>Moltes gr\u00e0cies a S&#8217;Espurna per tota l&#8217;organitzaci\u00f3!<\/p>\n<p><a href=\"https:\/\/agora.xtec.cat\/ins-sagulla\/wp-content\/uploads\/usu2114\/2026\/04\/e3cb624e-2b3a-480e-bfcb-21c2390a3422.jpeg\"><img loading=\"lazy\" decoding=\"async\" class=\"alignleft size-medium wp-image-25777\" src=\"https:\/\/agora.xtec.cat\/ins-sagulla\/wp-content\/uploads\/usu2114\/2026\/04\/e3cb624e-2b3a-480e-bfcb-21c2390a3422-225x300.jpeg\" alt=\"\" width=\"225\" height=\"300\" srcset=\"https:\/\/agora.xtec.cat\/ins-sagulla\/wp-content\/uploads\/usu2114\/2026\/04\/e3cb624e-2b3a-480e-bfcb-21c2390a3422-225x300.jpeg 225w, https:\/\/agora.xtec.cat\/ins-sagulla\/wp-content\/uploads\/usu2114\/2026\/04\/e3cb624e-2b3a-480e-bfcb-21c2390a3422-768x1024.jpeg 768w, https:\/\/agora.xtec.cat\/ins-sagulla\/wp-content\/uploads\/usu2114\/2026\/04\/e3cb624e-2b3a-480e-bfcb-21c2390a3422-1152x1536.jpeg 1152w, https:\/\/agora.xtec.cat\/ins-sagulla\/wp-content\/uploads\/usu2114\/2026\/04\/e3cb624e-2b3a-480e-bfcb-21c2390a3422.jpeg 1536w\" sizes=\"auto, (max-width: 225px) 100vw, 225px\" \/><\/a> <a href=\"https:\/\/agora.xtec.cat\/ins-sagulla\/wp-content\/uploads\/usu2114\/2026\/04\/025620f1-5563-47e6-ba01-242f82360eed.jpeg\"><img loading=\"lazy\" decoding=\"async\" class=\"alignleft size-medium wp-image-25778\" src=\"https:\/\/agora.xtec.cat\/ins-sagulla\/wp-content\/uploads\/usu2114\/2026\/04\/025620f1-5563-47e6-ba01-242f82360eed-225x300.jpeg\" alt=\"\" width=\"225\" height=\"300\" srcset=\"https:\/\/agora.xtec.cat\/ins-sagulla\/wp-content\/uploads\/usu2114\/2026\/04\/025620f1-5563-47e6-ba01-242f82360eed-225x300.jpeg 225w, https:\/\/agora.xtec.cat\/ins-sagulla\/wp-content\/uploads\/usu2114\/2026\/04\/025620f1-5563-47e6-ba01-242f82360eed-768x1024.jpeg 768w, https:\/\/agora.xtec.cat\/ins-sagulla\/wp-content\/uploads\/usu2114\/2026\/04\/025620f1-5563-47e6-ba01-242f82360eed-1152x1536.jpeg 1152w, https:\/\/agora.xtec.cat\/ins-sagulla\/wp-content\/uploads\/usu2114\/2026\/04\/025620f1-5563-47e6-ba01-242f82360eed.jpeg 1536w\" sizes=\"auto, (max-width: 225px) 100vw, 225px\" \/><\/a> <a href=\"https:\/\/agora.xtec.cat\/ins-sagulla\/wp-content\/uploads\/usu2114\/2026\/04\/9e346208-296a-4f07-948b-d6ae0ca3c95a.jpeg\"><img loading=\"lazy\" decoding=\"async\" class=\"alignleft size-medium wp-image-25779\" src=\"https:\/\/agora.xtec.cat\/ins-sagulla\/wp-content\/uploads\/usu2114\/2026\/04\/9e346208-296a-4f07-948b-d6ae0ca3c95a-225x300.jpeg\" alt=\"\" width=\"225\" height=\"300\" srcset=\"https:\/\/agora.xtec.cat\/ins-sagulla\/wp-content\/uploads\/usu2114\/2026\/04\/9e346208-296a-4f07-948b-d6ae0ca3c95a-225x300.jpeg 225w, https:\/\/agora.xtec.cat\/ins-sagulla\/wp-content\/uploads\/usu2114\/2026\/04\/9e346208-296a-4f07-948b-d6ae0ca3c95a-768x1024.jpeg 768w, https:\/\/agora.xtec.cat\/ins-sagulla\/wp-content\/uploads\/usu2114\/2026\/04\/9e346208-296a-4f07-948b-d6ae0ca3c95a-1152x1536.jpeg 1152w, https:\/\/agora.xtec.cat\/ins-sagulla\/wp-content\/uploads\/usu2114\/2026\/04\/9e346208-296a-4f07-948b-d6ae0ca3c95a.jpeg 1536w\" sizes=\"auto, (max-width: 225px) 100vw, 225px\" \/><\/a> <a href=\"https:\/\/agora.xtec.cat\/ins-sagulla\/wp-content\/uploads\/usu2114\/2026\/04\/039a59cc-911a-4f73-a39f-2aee8c99a421.jpeg\"><img loading=\"lazy\" decoding=\"async\" class=\"alignleft size-medium wp-image-25780\" src=\"https:\/\/agora.xtec.cat\/ins-sagulla\/wp-content\/uploads\/usu2114\/2026\/04\/039a59cc-911a-4f73-a39f-2aee8c99a421-225x300.jpeg\" alt=\"\" width=\"225\" height=\"300\" srcset=\"https:\/\/agora.xtec.cat\/ins-sagulla\/wp-content\/uploads\/usu2114\/2026\/04\/039a59cc-911a-4f73-a39f-2aee8c99a421-225x300.jpeg 225w, https:\/\/agora.xtec.cat\/ins-sagulla\/wp-content\/uploads\/usu2114\/2026\/04\/039a59cc-911a-4f73-a39f-2aee8c99a421-768x1024.jpeg 768w, https:\/\/agora.xtec.cat\/ins-sagulla\/wp-content\/uploads\/usu2114\/2026\/04\/039a59cc-911a-4f73-a39f-2aee8c99a421-1152x1536.jpeg 1152w, https:\/\/agora.xtec.cat\/ins-sagulla\/wp-content\/uploads\/usu2114\/2026\/04\/039a59cc-911a-4f73-a39f-2aee8c99a421.jpeg 1536w\" sizes=\"auto, (max-width: 225px) 100vw, 225px\" \/><\/a> <a href=\"https:\/\/agora.xtec.cat\/ins-sagulla\/wp-content\/uploads\/usu2114\/2026\/04\/eb49e6b6-38ce-43c8-ac23-ccd3bdce5c53.jpeg\"><img loading=\"lazy\" decoding=\"async\" class=\"alignleft size-medium wp-image-25781\" src=\"https:\/\/agora.xtec.cat\/ins-sagulla\/wp-content\/uploads\/usu2114\/2026\/04\/eb49e6b6-38ce-43c8-ac23-ccd3bdce5c53-225x300.jpeg\" alt=\"\" width=\"225\" height=\"300\" srcset=\"https:\/\/agora.xtec.cat\/ins-sagulla\/wp-content\/uploads\/usu2114\/2026\/04\/eb49e6b6-38ce-43c8-ac23-ccd3bdce5c53-225x300.jpeg 225w, https:\/\/agora.xtec.cat\/ins-sagulla\/wp-content\/uploads\/usu2114\/2026\/04\/eb49e6b6-38ce-43c8-ac23-ccd3bdce5c53-768x1024.jpeg 768w, https:\/\/agora.xtec.cat\/ins-sagulla\/wp-content\/uploads\/usu2114\/2026\/04\/eb49e6b6-38ce-43c8-ac23-ccd3bdce5c53-1152x1536.jpeg 1152w, https:\/\/agora.xtec.cat\/ins-sagulla\/wp-content\/uploads\/usu2114\/2026\/04\/eb49e6b6-38ce-43c8-ac23-ccd3bdce5c53.jpeg 1536w\" sizes=\"auto, (max-width: 225px) 100vw, 225px\" \/><\/a><\/p>\n<p>&nbsp;<\/p>\n","protected":false},"excerpt":{"rendered":"<p>El passat divendres dia 24 d&#8217;abril es va celebrar a Blanes el primer concurs de m\u00fasica urbana en catal\u00e0, promogut per l&#8217;entitat cultural S&#8217;Espurna i en el que es podien presentar tots els instituts de secund\u00e0ria de Blanes.<br \/>\nA l&#8217;acte, on hi van actuar alguns grups&hellip;  <a href=\"https:\/\/agora.xtec.cat\/ins-sagulla\/general\/oriol-pons-de-2n-de-btx-guanya-el-primer-concurs-de-musica-urbana-en-catala\/\" title=\"Read Oriol Pons de 2n de Btx guanya el primer concurs de m\u00fasica urbana en catal\u00e0\">Llegeix m\u00e9s\u00bb<\/a><\/p>\n","protected":false},"author":1,"featured_media":25780,"comment_status":"open","ping_status":"open","sticky":false,"template":"","format":"standard","meta":{"_bbp_topic_count":0,"_bbp_reply_count":0,"_bbp_total_topic_count":0,"_bbp_total_reply_count":0,"_bbp_voice_count":0,"_bbp_anonymous_reply_count":0,"_bbp_topic_count_hidden":0,"_bbp_reply_count_hidden":0,"_bbp_forum_subforum_count":0,"footnotes":""},"categories":[8,3,1,29],"tags":[376,1285,237],"class_list":["post-25776","post","type-post","status-publish","format-standard","has-post-thumbnail","hentry","category-batxillerat","category-eso","category-general","category-portada","tag-creativitat","tag-curs-2025-2026","tag-sortida"],"post_mailing_queue_ids":[],"_links":{"self":[{"href":"https:\/\/agora.xtec.cat\/ins-sagulla\/wp-json\/wp\/v2\/posts\/25776","targetHints":{"allow":["GET"]}}],"collection":[{"href":"https:\/\/agora.xtec.cat\/ins-sagulla\/wp-json\/wp\/v2\/posts"}],"about":[{"href":"https:\/\/agora.xtec.cat\/ins-sagulla\/wp-json\/wp\/v2\/types\/post"}],"author":[{"embeddable":true,"href":"https:\/\/agora.xtec.cat\/ins-sagulla\/wp-json\/wp\/v2\/users\/1"}],"replies":[{"embeddable":true,"href":"https:\/\/agora.xtec.cat\/ins-sagulla\/wp-json\/wp\/v2\/comments?post=25776"}],"version-history":[{"count":1,"href":"https:\/\/agora.xtec.cat\/ins-sagulla\/wp-json\/wp\/v2\/posts\/25776\/revisions"}],"predecessor-version":[{"id":25782,"href":"https:\/\/agora.xtec.cat\/ins-sagulla\/wp-json\/wp\/v2\/posts\/25776\/revisions\/25782"}],"wp:featuredmedia":[{"embeddable":true,"href":"https:\/\/agora.xtec.cat\/ins-sagulla\/wp-json\/wp\/v2\/media\/25780"}],"wp:attachment":[{"href":"https:\/\/agora.xtec.cat\/ins-sagulla\/wp-json\/wp\/v2\/media?parent=25776"}],"wp:term":[{"taxonomy":"category","embeddable":true,"href":"https:\/\/agora.xtec.cat\/ins-sagulla\/wp-json\/wp\/v2\/categories?post=25776"},{"taxonomy":"post_tag","embeddable":true,"href":"https:\/\/agora.xtec.cat\/ins-sagulla\/wp-json\/wp\/v2\/tags?post=25776"}],"curies":[{"name":"wp","href":"https:\/\/api.w.org\/{rel}","templated":true}]}}