{"id":25751,"date":"2026-04-27T12:25:21","date_gmt":"2026-04-27T10:25:21","guid":{"rendered":"https:\/\/agora.xtec.cat\/ins-sagulla\/?p=25751"},"modified":"2026-04-27T12:25:21","modified_gmt":"2026-04-27T10:25:21","slug":"i-concurs-dscrabble-escolar-de-blanes","status":"publish","type":"post","link":"https:\/\/agora.xtec.cat\/ins-sagulla\/general\/i-concurs-dscrabble-escolar-de-blanes\/","title":{"rendered":"I Concurs d&#8217;Scrabble Escolar de Blanes"},"content":{"rendered":"<p>L&#8217;alumnat de 1r d&#8217;ESO de l&#8217;INS S&#8217;Agulla ha participat en el I Concurs d&#8217;Scrabble Escolar de Blanes que ha tingut lloc a l&#8217;INS Sa Palomera. L&#8217;Arnis Bana ha sigut el guanyador i en Yago Fern\u00e1ndez i l&#8217;Aaron Manzano s&#8217;han classificat en 5\u00e8 lloc. Tots ells passen a la final que tindr\u00e0 lloc el dimarts 28 d&#8217;abril a Barcelona. Enhorabona i molta sort!<\/p>\n<p><a href=\"https:\/\/agora.xtec.cat\/ins-sagulla\/wp-content\/uploads\/usu2114\/2026\/04\/IMG_6112.jpeg\"><img loading=\"lazy\" decoding=\"async\" class=\"alignleft size-medium wp-image-25752\" src=\"https:\/\/agora.xtec.cat\/ins-sagulla\/wp-content\/uploads\/usu2114\/2026\/04\/IMG_6112-300x225.jpeg\" alt=\"\" width=\"300\" height=\"225\" srcset=\"https:\/\/agora.xtec.cat\/ins-sagulla\/wp-content\/uploads\/usu2114\/2026\/04\/IMG_6112-300x225.jpeg 300w, https:\/\/agora.xtec.cat\/ins-sagulla\/wp-content\/uploads\/usu2114\/2026\/04\/IMG_6112-1024x768.jpeg 1024w, https:\/\/agora.xtec.cat\/ins-sagulla\/wp-content\/uploads\/usu2114\/2026\/04\/IMG_6112-768x576.jpeg 768w, https:\/\/agora.xtec.cat\/ins-sagulla\/wp-content\/uploads\/usu2114\/2026\/04\/IMG_6112-1536x1152.jpeg 1536w, https:\/\/agora.xtec.cat\/ins-sagulla\/wp-content\/uploads\/usu2114\/2026\/04\/IMG_6112-200x150.jpeg 200w, https:\/\/agora.xtec.cat\/ins-sagulla\/wp-content\/uploads\/usu2114\/2026\/04\/IMG_6112.jpeg 2016w\" sizes=\"auto, (max-width: 300px) 100vw, 300px\" \/><\/a> <a href=\"https:\/\/agora.xtec.cat\/ins-sagulla\/wp-content\/uploads\/usu2114\/2026\/04\/image6-1.jpeg\"><img loading=\"lazy\" decoding=\"async\" class=\"alignleft size-medium wp-image-25753\" src=\"https:\/\/agora.xtec.cat\/ins-sagulla\/wp-content\/uploads\/usu2114\/2026\/04\/image6-1-300x225.jpeg\" alt=\"\" width=\"300\" height=\"225\" srcset=\"https:\/\/agora.xtec.cat\/ins-sagulla\/wp-content\/uploads\/usu2114\/2026\/04\/image6-1-300x225.jpeg 300w, https:\/\/agora.xtec.cat\/ins-sagulla\/wp-content\/uploads\/usu2114\/2026\/04\/image6-1-1024x768.jpeg 1024w, https:\/\/agora.xtec.cat\/ins-sagulla\/wp-content\/uploads\/usu2114\/2026\/04\/image6-1-768x576.jpeg 768w, https:\/\/agora.xtec.cat\/ins-sagulla\/wp-content\/uploads\/usu2114\/2026\/04\/image6-1-1536x1152.jpeg 1536w, https:\/\/agora.xtec.cat\/ins-sagulla\/wp-content\/uploads\/usu2114\/2026\/04\/image6-1-200x150.jpeg 200w, https:\/\/agora.xtec.cat\/ins-sagulla\/wp-content\/uploads\/usu2114\/2026\/04\/image6-1.jpeg 2016w\" sizes=\"auto, (max-width: 300px) 100vw, 300px\" \/><\/a> <a href=\"https:\/\/agora.xtec.cat\/ins-sagulla\/wp-content\/uploads\/usu2114\/2026\/04\/image0-2-1.jpeg\"><img loading=\"lazy\" decoding=\"async\" class=\"alignleft size-medium wp-image-25754\" src=\"https:\/\/agora.xtec.cat\/ins-sagulla\/wp-content\/uploads\/usu2114\/2026\/04\/image0-2-1-300x225.jpeg\" alt=\"\" width=\"300\" height=\"225\" srcset=\"https:\/\/agora.xtec.cat\/ins-sagulla\/wp-content\/uploads\/usu2114\/2026\/04\/image0-2-1-300x225.jpeg 300w, https:\/\/agora.xtec.cat\/ins-sagulla\/wp-content\/uploads\/usu2114\/2026\/04\/image0-2-1-1024x768.jpeg 1024w, https:\/\/agora.xtec.cat\/ins-sagulla\/wp-content\/uploads\/usu2114\/2026\/04\/image0-2-1-768x576.jpeg 768w, https:\/\/agora.xtec.cat\/ins-sagulla\/wp-content\/uploads\/usu2114\/2026\/04\/image0-2-1-1536x1152.jpeg 1536w, https:\/\/agora.xtec.cat\/ins-sagulla\/wp-content\/uploads\/usu2114\/2026\/04\/image0-2-1-200x150.jpeg 200w, https:\/\/agora.xtec.cat\/ins-sagulla\/wp-content\/uploads\/usu2114\/2026\/04\/image0-2-1.jpeg 2016w\" sizes=\"auto, (max-width: 300px) 100vw, 300px\" \/><\/a> <a href=\"https:\/\/agora.xtec.cat\/ins-sagulla\/wp-content\/uploads\/usu2114\/2026\/04\/image1-5.jpeg\"><img loading=\"lazy\" decoding=\"async\" class=\"alignleft size-medium wp-image-25755\" src=\"https:\/\/agora.xtec.cat\/ins-sagulla\/wp-content\/uploads\/usu2114\/2026\/04\/image1-5-300x225.jpeg\" alt=\"\" width=\"300\" height=\"225\" srcset=\"https:\/\/agora.xtec.cat\/ins-sagulla\/wp-content\/uploads\/usu2114\/2026\/04\/image1-5-300x225.jpeg 300w, https:\/\/agora.xtec.cat\/ins-sagulla\/wp-content\/uploads\/usu2114\/2026\/04\/image1-5-1024x768.jpeg 1024w, https:\/\/agora.xtec.cat\/ins-sagulla\/wp-content\/uploads\/usu2114\/2026\/04\/image1-5-768x576.jpeg 768w, https:\/\/agora.xtec.cat\/ins-sagulla\/wp-content\/uploads\/usu2114\/2026\/04\/image1-5-1536x1152.jpeg 1536w, https:\/\/agora.xtec.cat\/ins-sagulla\/wp-content\/uploads\/usu2114\/2026\/04\/image1-5-200x150.jpeg 200w, https:\/\/agora.xtec.cat\/ins-sagulla\/wp-content\/uploads\/usu2114\/2026\/04\/image1-5.jpeg 2016w\" sizes=\"auto, (max-width: 300px) 100vw, 300px\" \/><\/a><\/p>\n","protected":false},"excerpt":{"rendered":"<p>L&#8217;alumnat de 1r d&#8217;ESO de l&#8217;INS S&#8217;Agulla ha participat en el I Concurs d&#8217;Scrabble Escolar de Blanes que ha tingut lloc a l&#8217;INS Sa Palomera. L&#8217;Arnis Bana ha sigut el guanyador i en Yago Fern\u00e1ndez i l&#8217;Aaron Manzano s&#8217;han classificat en 5\u00e8 lloc. Tots ells&hellip;  <a href=\"https:\/\/agora.xtec.cat\/ins-sagulla\/general\/i-concurs-dscrabble-escolar-de-blanes\/\" title=\"Read I Concurs d&#8217;Scrabble Escolar de Blanes\">Llegeix m\u00e9s\u00bb<\/a><\/p>\n","protected":false},"author":1,"featured_media":25755,"comment_status":"open","ping_status":"open","sticky":false,"template":"","format":"standard","meta":{"_bbp_topic_count":0,"_bbp_reply_count":0,"_bbp_total_topic_count":0,"_bbp_total_reply_count":0,"_bbp_voice_count":0,"_bbp_anonymous_reply_count":0,"_bbp_topic_count_hidden":0,"_bbp_reply_count_hidden":0,"_bbp_forum_subforum_count":0,"footnotes":""},"categories":[3,1,29],"tags":[205,253,376,1285,131],"class_list":["post-25751","post","type-post","status-publish","format-standard","has-post-thumbnail","hentry","category-eso","category-general","category-portada","tag-ajuntament-de-blanes","tag-blanes","tag-creativitat","tag-curs-2025-2026","tag-eso"],"post_mailing_queue_ids":[],"_links":{"self":[{"href":"https:\/\/agora.xtec.cat\/ins-sagulla\/wp-json\/wp\/v2\/posts\/25751","targetHints":{"allow":["GET"]}}],"collection":[{"href":"https:\/\/agora.xtec.cat\/ins-sagulla\/wp-json\/wp\/v2\/posts"}],"about":[{"href":"https:\/\/agora.xtec.cat\/ins-sagulla\/wp-json\/wp\/v2\/types\/post"}],"author":[{"embeddable":true,"href":"https:\/\/agora.xtec.cat\/ins-sagulla\/wp-json\/wp\/v2\/users\/1"}],"replies":[{"embeddable":true,"href":"https:\/\/agora.xtec.cat\/ins-sagulla\/wp-json\/wp\/v2\/comments?post=25751"}],"version-history":[{"count":1,"href":"https:\/\/agora.xtec.cat\/ins-sagulla\/wp-json\/wp\/v2\/posts\/25751\/revisions"}],"predecessor-version":[{"id":25756,"href":"https:\/\/agora.xtec.cat\/ins-sagulla\/wp-json\/wp\/v2\/posts\/25751\/revisions\/25756"}],"wp:featuredmedia":[{"embeddable":true,"href":"https:\/\/agora.xtec.cat\/ins-sagulla\/wp-json\/wp\/v2\/media\/25755"}],"wp:attachment":[{"href":"https:\/\/agora.xtec.cat\/ins-sagulla\/wp-json\/wp\/v2\/media?parent=25751"}],"wp:term":[{"taxonomy":"category","embeddable":true,"href":"https:\/\/agora.xtec.cat\/ins-sagulla\/wp-json\/wp\/v2\/categories?post=25751"},{"taxonomy":"post_tag","embeddable":true,"href":"https:\/\/agora.xtec.cat\/ins-sagulla\/wp-json\/wp\/v2\/tags?post=25751"}],"curies":[{"name":"wp","href":"https:\/\/api.w.org\/{rel}","templated":true}]}}