{"id":25729,"date":"2026-04-21T12:37:30","date_gmt":"2026-04-21T10:37:30","guid":{"rendered":"https:\/\/agora.xtec.cat\/ins-sagulla\/?p=25729"},"modified":"2026-04-21T12:37:30","modified_gmt":"2026-04-21T10:37:30","slug":"el-nostre-centre-participa-a-lexpojove-2026-per-donar-a-coneixer-la-familia-professional-de-serveis-socioculturals-i-a-la-comunitat","status":"publish","type":"post","link":"https:\/\/agora.xtec.cat\/ins-sagulla\/general\/el-nostre-centre-participa-a-lexpojove-2026-per-donar-a-coneixer-la-familia-professional-de-serveis-socioculturals-i-a-la-comunitat\/","title":{"rendered":"El nostre centre participa a l\u2019Expojove 2026 per donar a con\u00e8ixer la fam\u00edlia professional de Serveis Socioculturals i a la Comunitat"},"content":{"rendered":"<p data-start=\"870\" data-end=\"1103\">Aquest any, el nostre centre ha participat a l\u2019<strong data-start=\"917\" data-end=\"934\">Expojove 2026<\/strong> amb l\u2019objectiu d\u2019apropar la fam\u00edlia professional de <strong data-start=\"987\" data-end=\"1030\">Serveis Socioculturals i a la Comunitat<\/strong> a totes les persones joves amb inter\u00e8s per la <strong data-start=\"1077\" data-end=\"1102\">formaci\u00f3 professional<\/strong>.<\/p>\n<p data-start=\"1105\" data-end=\"1442\">La participaci\u00f3 en aquest esdeveniment ha estat una experi\u00e8ncia molt enriquidora, tant per al centre com per a l\u2019alumnat participant. En especial, les alumnes d\u2019Integraci\u00f3 Social<strong> Iris Massaguer i Luc\u00eda Amaya<\/strong> han pogut informar, orientar i transmetre la seva passi\u00f3 pels estudis i per la futura professi\u00f3 a les persones visitants.<\/p>\n<p data-start=\"1444\" data-end=\"1604\">Aquesta iniciativa ha perm\u00e8s visibilitzar la import\u00e0ncia de l\u2019\u00e0mbit sociocomunitari i acostar-lo als joves que busquen el seu itinerari formatiu i professional.<\/p>\n<p data-start=\"1444\" data-end=\"1604\"><a href=\"https:\/\/agora.xtec.cat\/ins-sagulla\/wp-content\/uploads\/usu2114\/2026\/04\/IMG_5162-2-scaled.jpeg\"><img loading=\"lazy\" decoding=\"async\" class=\"alignleft size-medium wp-image-25731\" src=\"https:\/\/agora.xtec.cat\/ins-sagulla\/wp-content\/uploads\/usu2114\/2026\/04\/IMG_5162-2-300x225.jpeg\" alt=\"\" width=\"300\" height=\"225\" srcset=\"https:\/\/agora.xtec.cat\/ins-sagulla\/wp-content\/uploads\/usu2114\/2026\/04\/IMG_5162-2-300x225.jpeg 300w, https:\/\/agora.xtec.cat\/ins-sagulla\/wp-content\/uploads\/usu2114\/2026\/04\/IMG_5162-2-1024x768.jpeg 1024w, https:\/\/agora.xtec.cat\/ins-sagulla\/wp-content\/uploads\/usu2114\/2026\/04\/IMG_5162-2-768x576.jpeg 768w, https:\/\/agora.xtec.cat\/ins-sagulla\/wp-content\/uploads\/usu2114\/2026\/04\/IMG_5162-2-1536x1152.jpeg 1536w, https:\/\/agora.xtec.cat\/ins-sagulla\/wp-content\/uploads\/usu2114\/2026\/04\/IMG_5162-2-2048x1536.jpeg 2048w, https:\/\/agora.xtec.cat\/ins-sagulla\/wp-content\/uploads\/usu2114\/2026\/04\/IMG_5162-2-200x150.jpeg 200w\" sizes=\"auto, (max-width: 300px) 100vw, 300px\" \/><\/a><\/p>\n<p><!--a=1--><\/p>\n","protected":false},"excerpt":{"rendered":"<p>Aquest any, el nostre centre ha participat a l\u2019Expojove 2026 amb l\u2019objectiu d\u2019apropar la fam\u00edlia professional de Serveis Socioculturals i a la Comunitat a totes les persones joves amb inter\u00e8s per la formaci\u00f3 professional.<br \/>\nLa participaci\u00f3 en aquest esdeveniment ha estat una experi\u00e8ncia molt enriquidora, tant&hellip;  <a href=\"https:\/\/agora.xtec.cat\/ins-sagulla\/general\/el-nostre-centre-participa-a-lexpojove-2026-per-donar-a-coneixer-la-familia-professional-de-serveis-socioculturals-i-a-la-comunitat\/\" title=\"Read El nostre centre participa a l\u2019Expojove 2026 per donar a con\u00e8ixer la fam\u00edlia professional de Serveis Socioculturals i a la Comunitat\">Llegeix m\u00e9s\u00bb<\/a><\/p>\n","protected":false},"author":1,"featured_media":25731,"comment_status":"open","ping_status":"open","sticky":false,"template":"","format":"standard","meta":{"_bbp_topic_count":0,"_bbp_reply_count":0,"_bbp_total_topic_count":0,"_bbp_total_reply_count":0,"_bbp_voice_count":0,"_bbp_anonymous_reply_count":0,"_bbp_topic_count_hidden":0,"_bbp_reply_count_hidden":0,"_bbp_forum_subforum_count":0,"footnotes":""},"categories":[30,322,1,153,507,29,336,856],"tags":[],"class_list":["post-25729","post","type-post","status-publish","format-standard","has-post-thumbnail","hentry","category-cicles-formatius","category-fotos","category-general","category-cfgs-integracio-social","category-integracio-social-i-comunitat","category-portada","category-serveis-a-la-comunitat","category-tis"],"post_mailing_queue_ids":[],"_links":{"self":[{"href":"https:\/\/agora.xtec.cat\/ins-sagulla\/wp-json\/wp\/v2\/posts\/25729","targetHints":{"allow":["GET"]}}],"collection":[{"href":"https:\/\/agora.xtec.cat\/ins-sagulla\/wp-json\/wp\/v2\/posts"}],"about":[{"href":"https:\/\/agora.xtec.cat\/ins-sagulla\/wp-json\/wp\/v2\/types\/post"}],"author":[{"embeddable":true,"href":"https:\/\/agora.xtec.cat\/ins-sagulla\/wp-json\/wp\/v2\/users\/1"}],"replies":[{"embeddable":true,"href":"https:\/\/agora.xtec.cat\/ins-sagulla\/wp-json\/wp\/v2\/comments?post=25729"}],"version-history":[{"count":1,"href":"https:\/\/agora.xtec.cat\/ins-sagulla\/wp-json\/wp\/v2\/posts\/25729\/revisions"}],"predecessor-version":[{"id":25732,"href":"https:\/\/agora.xtec.cat\/ins-sagulla\/wp-json\/wp\/v2\/posts\/25729\/revisions\/25732"}],"wp:featuredmedia":[{"embeddable":true,"href":"https:\/\/agora.xtec.cat\/ins-sagulla\/wp-json\/wp\/v2\/media\/25731"}],"wp:attachment":[{"href":"https:\/\/agora.xtec.cat\/ins-sagulla\/wp-json\/wp\/v2\/media?parent=25729"}],"wp:term":[{"taxonomy":"category","embeddable":true,"href":"https:\/\/agora.xtec.cat\/ins-sagulla\/wp-json\/wp\/v2\/categories?post=25729"},{"taxonomy":"post_tag","embeddable":true,"href":"https:\/\/agora.xtec.cat\/ins-sagulla\/wp-json\/wp\/v2\/tags?post=25729"}],"curies":[{"name":"wp","href":"https:\/\/api.w.org\/{rel}","templated":true}]}}