{"id":25718,"date":"2026-04-13T13:03:37","date_gmt":"2026-04-13T11:03:37","guid":{"rendered":"https:\/\/agora.xtec.cat\/ins-sagulla\/?p=25718"},"modified":"2026-04-13T13:03:37","modified_gmt":"2026-04-13T11:03:37","slug":"concurs-de-musica-urbana-en-catala","status":"publish","type":"post","link":"https:\/\/agora.xtec.cat\/ins-sagulla\/general\/concurs-de-musica-urbana-en-catala\/","title":{"rendered":"Concurs de m\u00fasica urbana en catal\u00e0"},"content":{"rendered":"<p><i>L&#8217;entitat cultural S&#8217;Espurna de Blanes organitza per primer cop un concurs de m\u00fasica urbana en catal\u00e0 per als joves de Blanes, i des de l&#8217;INS S&#8217;Agulla s&#8217;est\u00e0 treballant la participaci\u00f3, concretament a 2n d&#8217;ESO i des de les mat\u00e8ries de Llengua catalana i M\u00fasica. Tamb\u00e9 hi tindrem un participant de 2n de BTX.<\/i><\/p>\n<p><i>\u00c9s el primer\u00a0cop que es porta a terme aquest projecte, esperem que el primer de molts a m\u00e0 d&#8217;aquesta jove i prometedora entitat.<\/i><\/p>\n<p><i>L&#8217;INS S&#8217;Agulla est\u00e0 encantat de poder-hi participar.<\/i><\/p>\n<p><a href=\"https:\/\/agora.xtec.cat\/ins-sagulla\/wp-content\/uploads\/usu2114\/2026\/04\/dracs_i_espurnes.nou-2_page-0001-1.jpg\"><img loading=\"lazy\" decoding=\"async\" class=\"alignleft size-medium wp-image-25720\" src=\"https:\/\/agora.xtec.cat\/ins-sagulla\/wp-content\/uploads\/usu2114\/2026\/04\/dracs_i_espurnes.nou-2_page-0001-1-300x212.jpg\" alt=\"\" width=\"300\" height=\"212\" srcset=\"https:\/\/agora.xtec.cat\/ins-sagulla\/wp-content\/uploads\/usu2114\/2026\/04\/dracs_i_espurnes.nou-2_page-0001-1-300x212.jpg 300w, https:\/\/agora.xtec.cat\/ins-sagulla\/wp-content\/uploads\/usu2114\/2026\/04\/dracs_i_espurnes.nou-2_page-0001-1-1024x724.jpg 1024w, https:\/\/agora.xtec.cat\/ins-sagulla\/wp-content\/uploads\/usu2114\/2026\/04\/dracs_i_espurnes.nou-2_page-0001-1-768x543.jpg 768w, https:\/\/agora.xtec.cat\/ins-sagulla\/wp-content\/uploads\/usu2114\/2026\/04\/dracs_i_espurnes.nou-2_page-0001-1-1536x1086.jpg 1536w, https:\/\/agora.xtec.cat\/ins-sagulla\/wp-content\/uploads\/usu2114\/2026\/04\/dracs_i_espurnes.nou-2_page-0001-1-2048x1448.jpg 2048w\" sizes=\"auto, (max-width: 300px) 100vw, 300px\" \/><\/a><\/p>\n","protected":false},"excerpt":{"rendered":"<p>L&#8217;entitat cultural S&#8217;Espurna de Blanes organitza per primer cop un concurs de m\u00fasica urbana en catal\u00e0 per als joves de Blanes, i des de l&#8217;INS S&#8217;Agulla s&#8217;est\u00e0 treballant la participaci\u00f3, concretament a 2n d&#8217;ESO i des de les mat\u00e8ries de Llengua catalana i M\u00fasica. Tamb\u00e9&hellip;  <a href=\"https:\/\/agora.xtec.cat\/ins-sagulla\/general\/concurs-de-musica-urbana-en-catala\/\" title=\"Read Concurs de m\u00fasica urbana en catal\u00e0\">Llegeix m\u00e9s\u00bb<\/a><\/p>\n","protected":false},"author":1,"featured_media":25720,"comment_status":"open","ping_status":"open","sticky":false,"template":"","format":"standard","meta":{"_bbp_topic_count":0,"_bbp_reply_count":0,"_bbp_total_topic_count":0,"_bbp_total_reply_count":0,"_bbp_voice_count":0,"_bbp_anonymous_reply_count":0,"_bbp_topic_count_hidden":0,"_bbp_reply_count_hidden":0,"_bbp_forum_subforum_count":0,"footnotes":""},"categories":[3,1,29],"tags":[376,1285,131],"class_list":["post-25718","post","type-post","status-publish","format-standard","has-post-thumbnail","hentry","category-eso","category-general","category-portada","tag-creativitat","tag-curs-2025-2026","tag-eso"],"post_mailing_queue_ids":[],"_links":{"self":[{"href":"https:\/\/agora.xtec.cat\/ins-sagulla\/wp-json\/wp\/v2\/posts\/25718","targetHints":{"allow":["GET"]}}],"collection":[{"href":"https:\/\/agora.xtec.cat\/ins-sagulla\/wp-json\/wp\/v2\/posts"}],"about":[{"href":"https:\/\/agora.xtec.cat\/ins-sagulla\/wp-json\/wp\/v2\/types\/post"}],"author":[{"embeddable":true,"href":"https:\/\/agora.xtec.cat\/ins-sagulla\/wp-json\/wp\/v2\/users\/1"}],"replies":[{"embeddable":true,"href":"https:\/\/agora.xtec.cat\/ins-sagulla\/wp-json\/wp\/v2\/comments?post=25718"}],"version-history":[{"count":1,"href":"https:\/\/agora.xtec.cat\/ins-sagulla\/wp-json\/wp\/v2\/posts\/25718\/revisions"}],"predecessor-version":[{"id":25721,"href":"https:\/\/agora.xtec.cat\/ins-sagulla\/wp-json\/wp\/v2\/posts\/25718\/revisions\/25721"}],"wp:featuredmedia":[{"embeddable":true,"href":"https:\/\/agora.xtec.cat\/ins-sagulla\/wp-json\/wp\/v2\/media\/25720"}],"wp:attachment":[{"href":"https:\/\/agora.xtec.cat\/ins-sagulla\/wp-json\/wp\/v2\/media?parent=25718"}],"wp:term":[{"taxonomy":"category","embeddable":true,"href":"https:\/\/agora.xtec.cat\/ins-sagulla\/wp-json\/wp\/v2\/categories?post=25718"},{"taxonomy":"post_tag","embeddable":true,"href":"https:\/\/agora.xtec.cat\/ins-sagulla\/wp-json\/wp\/v2\/tags?post=25718"}],"curies":[{"name":"wp","href":"https:\/\/api.w.org\/{rel}","templated":true}]}}