{"id":25709,"date":"2026-04-10T12:03:44","date_gmt":"2026-04-10T10:03:44","guid":{"rendered":"https:\/\/agora.xtec.cat\/ins-sagulla\/?p=25709"},"modified":"2026-04-10T12:03:44","modified_gmt":"2026-04-10T10:03:44","slug":"xerrada-trencant-el-silenci-amb-rene-pacheco","status":"publish","type":"post","link":"https:\/\/agora.xtec.cat\/ins-sagulla\/general\/xerrada-trencant-el-silenci-amb-rene-pacheco\/","title":{"rendered":"Xerrada\u00a0Trencant el silenci amb Ren\u00e9 Pacheco"},"content":{"rendered":"<p>El passat 26 de mar\u00e7 vam tenir entre nosaltres a l&#8217;antrop\u00f2leg forense Ren\u00e9 Pacheco, que va presentar la xerrada\u00a0<i>Trencant el silenci\u00a0<\/i>sobre l&#8217;excavaci\u00f3 de fosses de la Guerra Civil i del Franquisme i la identificaci\u00f3 de les restes trobades. La confer\u00e8ncia va ser molt din\u00e0mica i interessant i va mostrar aspectes de la Hist\u00f2ria que cal no oblidar.<\/p>\n<p><a href=\"https:\/\/agora.xtec.cat\/ins-sagulla\/wp-content\/uploads\/usu2114\/2026\/04\/1774861134297-scaled.jpg\"><img loading=\"lazy\" decoding=\"async\" class=\"alignleft size-medium wp-image-25710\" src=\"https:\/\/agora.xtec.cat\/ins-sagulla\/wp-content\/uploads\/usu2114\/2026\/04\/1774861134297-300x225.jpg\" alt=\"\" width=\"300\" height=\"225\" srcset=\"https:\/\/agora.xtec.cat\/ins-sagulla\/wp-content\/uploads\/usu2114\/2026\/04\/1774861134297-300x225.jpg 300w, https:\/\/agora.xtec.cat\/ins-sagulla\/wp-content\/uploads\/usu2114\/2026\/04\/1774861134297-1024x768.jpg 1024w, https:\/\/agora.xtec.cat\/ins-sagulla\/wp-content\/uploads\/usu2114\/2026\/04\/1774861134297-768x576.jpg 768w, https:\/\/agora.xtec.cat\/ins-sagulla\/wp-content\/uploads\/usu2114\/2026\/04\/1774861134297-1536x1152.jpg 1536w, https:\/\/agora.xtec.cat\/ins-sagulla\/wp-content\/uploads\/usu2114\/2026\/04\/1774861134297-2048x1536.jpg 2048w, https:\/\/agora.xtec.cat\/ins-sagulla\/wp-content\/uploads\/usu2114\/2026\/04\/1774861134297-200x150.jpg 200w\" sizes=\"auto, (max-width: 300px) 100vw, 300px\" \/><\/a><a href=\"https:\/\/agora.xtec.cat\/ins-sagulla\/wp-content\/uploads\/usu2114\/2026\/04\/1774861134212.jpg\"><img loading=\"lazy\" decoding=\"async\" class=\"alignleft size-medium wp-image-25711\" src=\"https:\/\/agora.xtec.cat\/ins-sagulla\/wp-content\/uploads\/usu2114\/2026\/04\/1774861134212-300x225.jpg\" alt=\"\" width=\"300\" height=\"225\" srcset=\"https:\/\/agora.xtec.cat\/ins-sagulla\/wp-content\/uploads\/usu2114\/2026\/04\/1774861134212-300x225.jpg 300w, https:\/\/agora.xtec.cat\/ins-sagulla\/wp-content\/uploads\/usu2114\/2026\/04\/1774861134212-768x576.jpg 768w, https:\/\/agora.xtec.cat\/ins-sagulla\/wp-content\/uploads\/usu2114\/2026\/04\/1774861134212-200x150.jpg 200w, https:\/\/agora.xtec.cat\/ins-sagulla\/wp-content\/uploads\/usu2114\/2026\/04\/1774861134212.jpg 1000w\" sizes=\"auto, (max-width: 300px) 100vw, 300px\" \/><\/a> <a href=\"https:\/\/agora.xtec.cat\/ins-sagulla\/wp-content\/uploads\/usu2114\/2026\/04\/1774861134108.jpg\"><img loading=\"lazy\" decoding=\"async\" class=\"alignleft size-medium wp-image-25712\" src=\"https:\/\/agora.xtec.cat\/ins-sagulla\/wp-content\/uploads\/usu2114\/2026\/04\/1774861134108-300x225.jpg\" alt=\"\" width=\"300\" height=\"225\" srcset=\"https:\/\/agora.xtec.cat\/ins-sagulla\/wp-content\/uploads\/usu2114\/2026\/04\/1774861134108-300x225.jpg 300w, https:\/\/agora.xtec.cat\/ins-sagulla\/wp-content\/uploads\/usu2114\/2026\/04\/1774861134108-768x576.jpg 768w, https:\/\/agora.xtec.cat\/ins-sagulla\/wp-content\/uploads\/usu2114\/2026\/04\/1774861134108-200x150.jpg 200w, https:\/\/agora.xtec.cat\/ins-sagulla\/wp-content\/uploads\/usu2114\/2026\/04\/1774861134108.jpg 1000w\" sizes=\"auto, (max-width: 300px) 100vw, 300px\" \/><\/a><\/p>\n","protected":false},"excerpt":{"rendered":"<p>El passat 26 de mar\u00e7 vam tenir entre nosaltres a l&#8217;antrop\u00f2leg forense Ren\u00e9 Pacheco, que va presentar la xerrada\u00a0Trencant el silenci\u00a0sobre l&#8217;excavaci\u00f3 de fosses de la Guerra Civil i del Franquisme i la identificaci\u00f3 de les restes trobades. La confer\u00e8ncia va ser molt din\u00e0mica i&hellip;  <a href=\"https:\/\/agora.xtec.cat\/ins-sagulla\/general\/xerrada-trencant-el-silenci-amb-rene-pacheco\/\" title=\"Read Xerrada\u00a0Trencant el silenci amb Ren\u00e9 Pacheco\">Llegeix m\u00e9s\u00bb<\/a><\/p>\n","protected":false},"author":1,"featured_media":25712,"comment_status":"open","ping_status":"open","sticky":false,"template":"","format":"standard","meta":{"_bbp_topic_count":0,"_bbp_reply_count":0,"_bbp_total_topic_count":0,"_bbp_total_reply_count":0,"_bbp_voice_count":0,"_bbp_anonymous_reply_count":0,"_bbp_topic_count_hidden":0,"_bbp_reply_count_hidden":0,"_bbp_forum_subforum_count":0,"footnotes":""},"categories":[8,3,1,29],"tags":[143,376,1285],"class_list":["post-25709","post","type-post","status-publish","format-standard","has-post-thumbnail","hentry","category-batxillerat","category-eso","category-general","category-portada","tag-batxillerat","tag-creativitat","tag-curs-2025-2026"],"post_mailing_queue_ids":[],"_links":{"self":[{"href":"https:\/\/agora.xtec.cat\/ins-sagulla\/wp-json\/wp\/v2\/posts\/25709","targetHints":{"allow":["GET"]}}],"collection":[{"href":"https:\/\/agora.xtec.cat\/ins-sagulla\/wp-json\/wp\/v2\/posts"}],"about":[{"href":"https:\/\/agora.xtec.cat\/ins-sagulla\/wp-json\/wp\/v2\/types\/post"}],"author":[{"embeddable":true,"href":"https:\/\/agora.xtec.cat\/ins-sagulla\/wp-json\/wp\/v2\/users\/1"}],"replies":[{"embeddable":true,"href":"https:\/\/agora.xtec.cat\/ins-sagulla\/wp-json\/wp\/v2\/comments?post=25709"}],"version-history":[{"count":1,"href":"https:\/\/agora.xtec.cat\/ins-sagulla\/wp-json\/wp\/v2\/posts\/25709\/revisions"}],"predecessor-version":[{"id":25713,"href":"https:\/\/agora.xtec.cat\/ins-sagulla\/wp-json\/wp\/v2\/posts\/25709\/revisions\/25713"}],"wp:featuredmedia":[{"embeddable":true,"href":"https:\/\/agora.xtec.cat\/ins-sagulla\/wp-json\/wp\/v2\/media\/25712"}],"wp:attachment":[{"href":"https:\/\/agora.xtec.cat\/ins-sagulla\/wp-json\/wp\/v2\/media?parent=25709"}],"wp:term":[{"taxonomy":"category","embeddable":true,"href":"https:\/\/agora.xtec.cat\/ins-sagulla\/wp-json\/wp\/v2\/categories?post=25709"},{"taxonomy":"post_tag","embeddable":true,"href":"https:\/\/agora.xtec.cat\/ins-sagulla\/wp-json\/wp\/v2\/tags?post=25709"}],"curies":[{"name":"wp","href":"https:\/\/api.w.org\/{rel}","templated":true}]}}