{"id":25700,"date":"2026-04-10T09:42:15","date_gmt":"2026-04-10T07:42:15","guid":{"rendered":"https:\/\/agora.xtec.cat\/ins-sagulla\/?p=25700"},"modified":"2026-04-10T09:45:05","modified_gmt":"2026-04-10T07:45:05","slug":"programacio-nau-4-i-sant-jordi","status":"publish","type":"post","link":"https:\/\/agora.xtec.cat\/ins-sagulla\/general\/programacio-nau-4-i-sant-jordi\/","title":{"rendered":"Programaci\u00f3 NAU 4 i Sant Jordi"},"content":{"rendered":"<p>Aquesta primavera des de la NAU4 ofereixen una proposta variada d\u2019activitats que combinen \u00e0mbits com l\u2019art, el moviment, el circ i la creaci\u00f3 audiovisual. L\u2019objectiu \u00e9s generar espais on els i les joves puguin expressar-se, aprendre noves habilitats i gaudir del seu temps lliure en un entorn segur i enriquidor.<br \/>\nLes activitats s\u00f3n gratu\u00eftes i amb places limitades, per la qual cosa cal inscripci\u00f3 pr\u00e8via.<br \/>\nA m\u00e9s, aprofiten per fer difusi\u00f3 d\u2019una activitat especial vinculada a Sant Jordi: un taller de creaci\u00f3 de roses a trav\u00e9s de manualitats, amb finalitat solid\u00e0ria. Les roses es destinaran a la seva venda durant Sant Jordi, en benefici de joves en situaci\u00f3 de vulnerabilitat.<br \/>\nEls dies s\u00f3n 13, 14, 15 i 21 d\u2019abril de 17 a 20 h a la Nau 4 Espai Jove.<\/p>\n<p><a href=\"https:\/\/agora.xtec.cat\/ins-sagulla\/wp-content\/uploads\/usu2114\/2026\/04\/Taller-de-roses-artesanals-Sant-Jordi_page-0001.jpg\"><img loading=\"lazy\" decoding=\"async\" class=\"alignleft size-medium wp-image-25704\" src=\"https:\/\/agora.xtec.cat\/ins-sagulla\/wp-content\/uploads\/usu2114\/2026\/04\/Taller-de-roses-artesanals-Sant-Jordi_page-0001-212x300.jpg\" alt=\"\" width=\"212\" height=\"300\" srcset=\"https:\/\/agora.xtec.cat\/ins-sagulla\/wp-content\/uploads\/usu2114\/2026\/04\/Taller-de-roses-artesanals-Sant-Jordi_page-0001-212x300.jpg 212w, https:\/\/agora.xtec.cat\/ins-sagulla\/wp-content\/uploads\/usu2114\/2026\/04\/Taller-de-roses-artesanals-Sant-Jordi_page-0001-724x1024.jpg 724w, https:\/\/agora.xtec.cat\/ins-sagulla\/wp-content\/uploads\/usu2114\/2026\/04\/Taller-de-roses-artesanals-Sant-Jordi_page-0001-768x1086.jpg 768w, https:\/\/agora.xtec.cat\/ins-sagulla\/wp-content\/uploads\/usu2114\/2026\/04\/Taller-de-roses-artesanals-Sant-Jordi_page-0001-1086x1536.jpg 1086w, https:\/\/agora.xtec.cat\/ins-sagulla\/wp-content\/uploads\/usu2114\/2026\/04\/Taller-de-roses-artesanals-Sant-Jordi_page-0001.jpg 1241w\" sizes=\"auto, (max-width: 212px) 100vw, 212px\" \/><\/a> <a href=\"https:\/\/agora.xtec.cat\/ins-sagulla\/wp-content\/uploads\/usu2114\/2026\/04\/Programacio-3r-trimestre_page-0001.jpg\"><img loading=\"lazy\" decoding=\"async\" class=\"alignleft size-medium wp-image-25705\" src=\"https:\/\/agora.xtec.cat\/ins-sagulla\/wp-content\/uploads\/usu2114\/2026\/04\/Programacio-3r-trimestre_page-0001-212x300.jpg\" alt=\"\" width=\"212\" height=\"300\" srcset=\"https:\/\/agora.xtec.cat\/ins-sagulla\/wp-content\/uploads\/usu2114\/2026\/04\/Programacio-3r-trimestre_page-0001-212x300.jpg 212w, https:\/\/agora.xtec.cat\/ins-sagulla\/wp-content\/uploads\/usu2114\/2026\/04\/Programacio-3r-trimestre_page-0001-724x1024.jpg 724w, https:\/\/agora.xtec.cat\/ins-sagulla\/wp-content\/uploads\/usu2114\/2026\/04\/Programacio-3r-trimestre_page-0001-768x1086.jpg 768w, https:\/\/agora.xtec.cat\/ins-sagulla\/wp-content\/uploads\/usu2114\/2026\/04\/Programacio-3r-trimestre_page-0001-1086x1536.jpg 1086w, https:\/\/agora.xtec.cat\/ins-sagulla\/wp-content\/uploads\/usu2114\/2026\/04\/Programacio-3r-trimestre_page-0001.jpg 1241w\" sizes=\"auto, (max-width: 212px) 100vw, 212px\" \/><\/a><\/p>\n","protected":false},"excerpt":{"rendered":"<p>Aquesta primavera des de la NAU4 ofereixen una proposta variada d\u2019activitats que combinen \u00e0mbits com l\u2019art, el moviment, el circ i la creaci\u00f3 audiovisual. L\u2019objectiu \u00e9s generar espais on els i les joves puguin expressar-se, aprendre noves habilitats i gaudir del seu temps lliure en&hellip;  <a href=\"https:\/\/agora.xtec.cat\/ins-sagulla\/general\/programacio-nau-4-i-sant-jordi\/\" title=\"Read Programaci\u00f3 NAU 4 i Sant Jordi\">Llegeix m\u00e9s\u00bb<\/a><\/p>\n","protected":false},"author":1,"featured_media":25705,"comment_status":"open","ping_status":"open","sticky":false,"template":"","format":"standard","meta":{"_bbp_topic_count":0,"_bbp_reply_count":0,"_bbp_total_topic_count":0,"_bbp_total_reply_count":0,"_bbp_voice_count":0,"_bbp_anonymous_reply_count":0,"_bbp_topic_count_hidden":0,"_bbp_reply_count_hidden":0,"_bbp_forum_subforum_count":0,"footnotes":""},"categories":[8,3,1,29],"tags":[205,143,376,1285,131],"class_list":["post-25700","post","type-post","status-publish","format-standard","has-post-thumbnail","hentry","category-batxillerat","category-eso","category-general","category-portada","tag-ajuntament-de-blanes","tag-batxillerat","tag-creativitat","tag-curs-2025-2026","tag-eso"],"post_mailing_queue_ids":[],"_links":{"self":[{"href":"https:\/\/agora.xtec.cat\/ins-sagulla\/wp-json\/wp\/v2\/posts\/25700","targetHints":{"allow":["GET"]}}],"collection":[{"href":"https:\/\/agora.xtec.cat\/ins-sagulla\/wp-json\/wp\/v2\/posts"}],"about":[{"href":"https:\/\/agora.xtec.cat\/ins-sagulla\/wp-json\/wp\/v2\/types\/post"}],"author":[{"embeddable":true,"href":"https:\/\/agora.xtec.cat\/ins-sagulla\/wp-json\/wp\/v2\/users\/1"}],"replies":[{"embeddable":true,"href":"https:\/\/agora.xtec.cat\/ins-sagulla\/wp-json\/wp\/v2\/comments?post=25700"}],"version-history":[{"count":3,"href":"https:\/\/agora.xtec.cat\/ins-sagulla\/wp-json\/wp\/v2\/posts\/25700\/revisions"}],"predecessor-version":[{"id":25708,"href":"https:\/\/agora.xtec.cat\/ins-sagulla\/wp-json\/wp\/v2\/posts\/25700\/revisions\/25708"}],"wp:featuredmedia":[{"embeddable":true,"href":"https:\/\/agora.xtec.cat\/ins-sagulla\/wp-json\/wp\/v2\/media\/25705"}],"wp:attachment":[{"href":"https:\/\/agora.xtec.cat\/ins-sagulla\/wp-json\/wp\/v2\/media?parent=25700"}],"wp:term":[{"taxonomy":"category","embeddable":true,"href":"https:\/\/agora.xtec.cat\/ins-sagulla\/wp-json\/wp\/v2\/categories?post=25700"},{"taxonomy":"post_tag","embeddable":true,"href":"https:\/\/agora.xtec.cat\/ins-sagulla\/wp-json\/wp\/v2\/tags?post=25700"}],"curies":[{"name":"wp","href":"https:\/\/api.w.org\/{rel}","templated":true}]}}