{"id":25692,"date":"2026-04-09T08:34:11","date_gmt":"2026-04-09T06:34:11","guid":{"rendered":"https:\/\/agora.xtec.cat\/ins-sagulla\/?p=25692"},"modified":"2026-04-09T08:34:32","modified_gmt":"2026-04-09T06:34:32","slug":"mou-te-1r-deso","status":"publish","type":"post","link":"https:\/\/agora.xtec.cat\/ins-sagulla\/general\/mou-te-1r-deso\/","title":{"rendered":"Mou-te 1r d&#8217;ESO"},"content":{"rendered":"<p><i>El passat 27 de Mar\u00e7, l&#8217;alumnat de 1r d&#8217;ESO van anar d&#8217;excursi\u00f3 al Castell de Palafolls. Es tracta del &#8220;Mou-te&#8221; una excursi\u00f3 que cada trimestre per\u00f2 que, aquesta vegada va ser molt especial. Ens van acompanyar els nostres amics de l&#8217;associaci\u00f3 &#8220;Rodapeus&#8221;. Aquests ens van cedir una cadira Joelette, una cadira adaptada perqu\u00e8 les persones amb discapacitat motora puguin fer excursions per la muntanya. En aquest cas, la nostra alumna va poder gaudir de la natura i compartir aquest dia amb la seva classe. Els voluntaris que portaven la cadira, ho van fer encara m\u00e9s agradable i divertit. Van ensenyar als companys de classe a fer-la anar i van anar fent torns per portar i acompanyar a la seva companya. Va ser una jornada molt enriquidora.<\/i><\/p>\n<p><i>Volem agrair\u00a0als companys de l&#8217;associaci\u00f3 &#8220;Rodapeus&#8221; per haver-ho fet possible i per la tasca tan important que fan.<\/i><\/p>\n<div><a href=\"https:\/\/agora.xtec.cat\/ins-sagulla\/wp-content\/uploads\/usu2114\/2026\/04\/b877adb1-cb0c-4a42-ac26-5f071003727e.jpg\"><img loading=\"lazy\" decoding=\"async\" class=\"alignleft size-medium wp-image-25693\" src=\"https:\/\/agora.xtec.cat\/ins-sagulla\/wp-content\/uploads\/usu2114\/2026\/04\/b877adb1-cb0c-4a42-ac26-5f071003727e-225x300.jpg\" alt=\"\" width=\"225\" height=\"300\" srcset=\"https:\/\/agora.xtec.cat\/ins-sagulla\/wp-content\/uploads\/usu2114\/2026\/04\/b877adb1-cb0c-4a42-ac26-5f071003727e-225x300.jpg 225w, https:\/\/agora.xtec.cat\/ins-sagulla\/wp-content\/uploads\/usu2114\/2026\/04\/b877adb1-cb0c-4a42-ac26-5f071003727e-768x1024.jpg 768w, https:\/\/agora.xtec.cat\/ins-sagulla\/wp-content\/uploads\/usu2114\/2026\/04\/b877adb1-cb0c-4a42-ac26-5f071003727e-1152x1536.jpg 1152w, https:\/\/agora.xtec.cat\/ins-sagulla\/wp-content\/uploads\/usu2114\/2026\/04\/b877adb1-cb0c-4a42-ac26-5f071003727e.jpg 1200w\" sizes=\"auto, (max-width: 225px) 100vw, 225px\" \/><\/a> <a href=\"https:\/\/agora.xtec.cat\/ins-sagulla\/wp-content\/uploads\/usu2114\/2026\/04\/bcc20dbc-58be-4ae4-b95a-0666d15522d5.jpg\"><img loading=\"lazy\" decoding=\"async\" class=\"alignleft size-medium wp-image-25694\" src=\"https:\/\/agora.xtec.cat\/ins-sagulla\/wp-content\/uploads\/usu2114\/2026\/04\/bcc20dbc-58be-4ae4-b95a-0666d15522d5-225x300.jpg\" alt=\"\" width=\"225\" height=\"300\" srcset=\"https:\/\/agora.xtec.cat\/ins-sagulla\/wp-content\/uploads\/usu2114\/2026\/04\/bcc20dbc-58be-4ae4-b95a-0666d15522d5-225x300.jpg 225w, https:\/\/agora.xtec.cat\/ins-sagulla\/wp-content\/uploads\/usu2114\/2026\/04\/bcc20dbc-58be-4ae4-b95a-0666d15522d5-768x1024.jpg 768w, https:\/\/agora.xtec.cat\/ins-sagulla\/wp-content\/uploads\/usu2114\/2026\/04\/bcc20dbc-58be-4ae4-b95a-0666d15522d5-1152x1536.jpg 1152w, https:\/\/agora.xtec.cat\/ins-sagulla\/wp-content\/uploads\/usu2114\/2026\/04\/bcc20dbc-58be-4ae4-b95a-0666d15522d5.jpg 1200w\" sizes=\"auto, (max-width: 225px) 100vw, 225px\" \/><\/a> <a href=\"https:\/\/agora.xtec.cat\/ins-sagulla\/wp-content\/uploads\/usu2114\/2026\/04\/d7c4a4e7-3a01-4c06-af87-8e0c0d610014.jpg\"><img loading=\"lazy\" decoding=\"async\" class=\"alignleft size-medium wp-image-25695\" src=\"https:\/\/agora.xtec.cat\/ins-sagulla\/wp-content\/uploads\/usu2114\/2026\/04\/d7c4a4e7-3a01-4c06-af87-8e0c0d610014-169x300.jpg\" alt=\"\" width=\"169\" height=\"300\" srcset=\"https:\/\/agora.xtec.cat\/ins-sagulla\/wp-content\/uploads\/usu2114\/2026\/04\/d7c4a4e7-3a01-4c06-af87-8e0c0d610014-169x300.jpg 169w, https:\/\/agora.xtec.cat\/ins-sagulla\/wp-content\/uploads\/usu2114\/2026\/04\/d7c4a4e7-3a01-4c06-af87-8e0c0d610014-576x1024.jpg 576w, https:\/\/agora.xtec.cat\/ins-sagulla\/wp-content\/uploads\/usu2114\/2026\/04\/d7c4a4e7-3a01-4c06-af87-8e0c0d610014-768x1365.jpg 768w, https:\/\/agora.xtec.cat\/ins-sagulla\/wp-content\/uploads\/usu2114\/2026\/04\/d7c4a4e7-3a01-4c06-af87-8e0c0d610014-864x1536.jpg 864w, https:\/\/agora.xtec.cat\/ins-sagulla\/wp-content\/uploads\/usu2114\/2026\/04\/d7c4a4e7-3a01-4c06-af87-8e0c0d610014.jpg 900w\" sizes=\"auto, (max-width: 169px) 100vw, 169px\" \/><\/a><\/div>\n","protected":false},"excerpt":{"rendered":"<p>El passat 27 de Mar\u00e7, l&#8217;alumnat de 1r d&#8217;ESO van anar d&#8217;excursi\u00f3 al Castell de Palafolls. Es tracta del &#8220;Mou-te&#8221; una excursi\u00f3 que cada trimestre per\u00f2 que, aquesta vegada va ser molt especial. Ens van acompanyar els nostres amics de l&#8217;associaci\u00f3 &#8220;Rodapeus&#8221;. Aquests ens van&hellip;  <a href=\"https:\/\/agora.xtec.cat\/ins-sagulla\/general\/mou-te-1r-deso\/\" title=\"Read Mou-te 1r d&#8217;ESO\">Llegeix m\u00e9s\u00bb<\/a><\/p>\n","protected":false},"author":1,"featured_media":25694,"comment_status":"open","ping_status":"open","sticky":false,"template":"","format":"standard","meta":{"_bbp_topic_count":0,"_bbp_reply_count":0,"_bbp_total_topic_count":0,"_bbp_total_reply_count":0,"_bbp_voice_count":0,"_bbp_anonymous_reply_count":0,"_bbp_topic_count_hidden":0,"_bbp_reply_count_hidden":0,"_bbp_forum_subforum_count":0,"footnotes":""},"categories":[3,4,322,1,29],"tags":[253,387,1285,131,366],"class_list":["post-25692","post","type-post","status-publish","format-standard","has-post-thumbnail","hentry","category-eso","category-eso-1","category-fotos","category-general","category-portada","tag-blanes","tag-cohesio-de-grup","tag-curs-2025-2026","tag-eso","tag-mou-te"],"post_mailing_queue_ids":[],"_links":{"self":[{"href":"https:\/\/agora.xtec.cat\/ins-sagulla\/wp-json\/wp\/v2\/posts\/25692","targetHints":{"allow":["GET"]}}],"collection":[{"href":"https:\/\/agora.xtec.cat\/ins-sagulla\/wp-json\/wp\/v2\/posts"}],"about":[{"href":"https:\/\/agora.xtec.cat\/ins-sagulla\/wp-json\/wp\/v2\/types\/post"}],"author":[{"embeddable":true,"href":"https:\/\/agora.xtec.cat\/ins-sagulla\/wp-json\/wp\/v2\/users\/1"}],"replies":[{"embeddable":true,"href":"https:\/\/agora.xtec.cat\/ins-sagulla\/wp-json\/wp\/v2\/comments?post=25692"}],"version-history":[{"count":2,"href":"https:\/\/agora.xtec.cat\/ins-sagulla\/wp-json\/wp\/v2\/posts\/25692\/revisions"}],"predecessor-version":[{"id":25697,"href":"https:\/\/agora.xtec.cat\/ins-sagulla\/wp-json\/wp\/v2\/posts\/25692\/revisions\/25697"}],"wp:featuredmedia":[{"embeddable":true,"href":"https:\/\/agora.xtec.cat\/ins-sagulla\/wp-json\/wp\/v2\/media\/25694"}],"wp:attachment":[{"href":"https:\/\/agora.xtec.cat\/ins-sagulla\/wp-json\/wp\/v2\/media?parent=25692"}],"wp:term":[{"taxonomy":"category","embeddable":true,"href":"https:\/\/agora.xtec.cat\/ins-sagulla\/wp-json\/wp\/v2\/categories?post=25692"},{"taxonomy":"post_tag","embeddable":true,"href":"https:\/\/agora.xtec.cat\/ins-sagulla\/wp-json\/wp\/v2\/tags?post=25692"}],"curies":[{"name":"wp","href":"https:\/\/api.w.org\/{rel}","templated":true}]}}