{"id":25535,"date":"2026-02-23T10:14:05","date_gmt":"2026-02-23T09:14:05","guid":{"rendered":"https:\/\/agora.xtec.cat\/ins-sagulla\/?p=25535"},"modified":"2026-02-23T10:14:05","modified_gmt":"2026-02-23T09:14:05","slug":"representacio-de-linstitut-sagulla-a-la-jornada-de-delegats-de-2n-deso-de-la-comarca-ds-la-selva","status":"publish","type":"post","link":"https:\/\/agora.xtec.cat\/ins-sagulla\/general\/representacio-de-linstitut-sagulla-a-la-jornada-de-delegats-de-2n-deso-de-la-comarca-ds-la-selva\/","title":{"rendered":"Representaci\u00f3 de l\u2019Institut s\u2019Agulla a la Jornada de delegats de 2n d\u2019ESO de la Comarca ds la Selva"},"content":{"rendered":"<div dir=\"auto\">Vuit alumnes i dos docents han participat a la Jornada de delegats de 2n d\u2019ESO de la Selva, organitzada per l\u2019Oficina Jove del Consell Comarcal de la Selva, amb l\u2019objectiu de treballar habilitats i compet\u00e8ncies a l\u2019aula.<\/div>\n<div dir=\"auto\">La jornada s\u2019ha dut a terme el dia 20 de febrer al municipi de Massanet de la Selva.<\/div>\n<div dir=\"auto\">Ha estat una experi\u00e8ncia molt positiva que ha perm\u00e8s posar en com\u00fa din\u00e0miques, reflexionar i adquirir eines pr\u00e0ctiques que facilitin el desenvolupament de les funcions dels delegats.<\/div>\n<div dir=\"auto\"><a href=\"https:\/\/agora.xtec.cat\/ins-sagulla\/wp-content\/uploads\/usu2114\/2026\/02\/7f285c80-1b6e-4c28-a542-ee426d3812a9.jpeg\"><img loading=\"lazy\" decoding=\"async\" class=\"alignleft size-large wp-image-25536\" src=\"https:\/\/agora.xtec.cat\/ins-sagulla\/wp-content\/uploads\/usu2114\/2026\/02\/7f285c80-1b6e-4c28-a542-ee426d3812a9-1024x768.jpeg\" alt=\"\" width=\"1024\" height=\"768\" srcset=\"https:\/\/agora.xtec.cat\/ins-sagulla\/wp-content\/uploads\/usu2114\/2026\/02\/7f285c80-1b6e-4c28-a542-ee426d3812a9-1024x768.jpeg 1024w, https:\/\/agora.xtec.cat\/ins-sagulla\/wp-content\/uploads\/usu2114\/2026\/02\/7f285c80-1b6e-4c28-a542-ee426d3812a9-300x225.jpeg 300w, https:\/\/agora.xtec.cat\/ins-sagulla\/wp-content\/uploads\/usu2114\/2026\/02\/7f285c80-1b6e-4c28-a542-ee426d3812a9-768x576.jpeg 768w, https:\/\/agora.xtec.cat\/ins-sagulla\/wp-content\/uploads\/usu2114\/2026\/02\/7f285c80-1b6e-4c28-a542-ee426d3812a9-1536x1152.jpeg 1536w, https:\/\/agora.xtec.cat\/ins-sagulla\/wp-content\/uploads\/usu2114\/2026\/02\/7f285c80-1b6e-4c28-a542-ee426d3812a9-200x150.jpeg 200w, https:\/\/agora.xtec.cat\/ins-sagulla\/wp-content\/uploads\/usu2114\/2026\/02\/7f285c80-1b6e-4c28-a542-ee426d3812a9.jpeg 1746w\" sizes=\"auto, (max-width: 1024px) 100vw, 1024px\" \/><\/a><\/div>\n<div dir=\"auto\"><\/div>\n","protected":false},"excerpt":{"rendered":"<p>Vuit alumnes i dos docents han participat a la Jornada de delegats de 2n d\u2019ESO de la Selva, organitzada per l\u2019Oficina Jove del Consell Comarcal de la Selva, amb l\u2019objectiu de treballar habilitats i compet\u00e8ncies a l\u2019aula.<br \/>\nLa jornada s\u2019ha dut a terme el dia 20&hellip;  <a href=\"https:\/\/agora.xtec.cat\/ins-sagulla\/general\/representacio-de-linstitut-sagulla-a-la-jornada-de-delegats-de-2n-deso-de-la-comarca-ds-la-selva\/\" title=\"Read Representaci\u00f3 de l\u2019Institut s\u2019Agulla a la Jornada de delegats de 2n d\u2019ESO de la Comarca ds la Selva\">Llegeix m\u00e9s\u00bb<\/a><\/p>\n","protected":false},"author":1,"featured_media":0,"comment_status":"open","ping_status":"open","sticky":false,"template":"","format":"standard","meta":{"_bbp_topic_count":0,"_bbp_reply_count":0,"_bbp_total_topic_count":0,"_bbp_total_reply_count":0,"_bbp_voice_count":0,"_bbp_anonymous_reply_count":0,"_bbp_topic_count_hidden":0,"_bbp_reply_count_hidden":0,"_bbp_forum_subforum_count":0,"footnotes":""},"categories":[3,5,1,29],"tags":[387,1285],"class_list":["post-25535","post","type-post","status-publish","format-standard","hentry","category-eso","category-eso-2","category-general","category-portada","tag-cohesio-de-grup","tag-curs-2025-2026"],"post_mailing_queue_ids":[],"_links":{"self":[{"href":"https:\/\/agora.xtec.cat\/ins-sagulla\/wp-json\/wp\/v2\/posts\/25535","targetHints":{"allow":["GET"]}}],"collection":[{"href":"https:\/\/agora.xtec.cat\/ins-sagulla\/wp-json\/wp\/v2\/posts"}],"about":[{"href":"https:\/\/agora.xtec.cat\/ins-sagulla\/wp-json\/wp\/v2\/types\/post"}],"author":[{"embeddable":true,"href":"https:\/\/agora.xtec.cat\/ins-sagulla\/wp-json\/wp\/v2\/users\/1"}],"replies":[{"embeddable":true,"href":"https:\/\/agora.xtec.cat\/ins-sagulla\/wp-json\/wp\/v2\/comments?post=25535"}],"version-history":[{"count":1,"href":"https:\/\/agora.xtec.cat\/ins-sagulla\/wp-json\/wp\/v2\/posts\/25535\/revisions"}],"predecessor-version":[{"id":25537,"href":"https:\/\/agora.xtec.cat\/ins-sagulla\/wp-json\/wp\/v2\/posts\/25535\/revisions\/25537"}],"wp:attachment":[{"href":"https:\/\/agora.xtec.cat\/ins-sagulla\/wp-json\/wp\/v2\/media?parent=25535"}],"wp:term":[{"taxonomy":"category","embeddable":true,"href":"https:\/\/agora.xtec.cat\/ins-sagulla\/wp-json\/wp\/v2\/categories?post=25535"},{"taxonomy":"post_tag","embeddable":true,"href":"https:\/\/agora.xtec.cat\/ins-sagulla\/wp-json\/wp\/v2\/tags?post=25535"}],"curies":[{"name":"wp","href":"https:\/\/api.w.org\/{rel}","templated":true}]}}