{"id":25508,"date":"2026-02-02T10:44:05","date_gmt":"2026-02-02T09:44:05","guid":{"rendered":"https:\/\/agora.xtec.cat\/ins-sagulla\/?p=25508"},"modified":"2026-02-02T10:48:10","modified_gmt":"2026-02-02T09:48:10","slug":"projecte-vip-3r-deso","status":"publish","type":"post","link":"https:\/\/agora.xtec.cat\/ins-sagulla\/general\/projecte-vip-3r-deso\/","title":{"rendered":"Projecte ViP 3r d&#8217;ESO"},"content":{"rendered":"<div><span lang=\"ca\">Ens complau compartir amb vosaltres el resultat d\u2019un projecte molt especial dut a terme els<\/span>\u00a0estudiants de\u00a0<strong>3r d\u2019ESO<\/strong>\u00a0al llarg del\u00a0<strong>primer trimestre<\/strong>. Es tracta d\u2019un projecte art\u00edstic i cultural que ha tingut com a objectiu la\u00a0<strong>creaci\u00f3 de capgrossos<\/strong>, inspirats en personatges locals, llegendes i elements emblem\u00e0tics de\u00a0<strong>Blanes<\/strong>.<\/div>\n<div>\n<p>A trav\u00e9s d\u2019aquesta activitat, l\u2019alumnat s\u2019ha apropat a les\u00a0<strong>tradicions populars de Catalunya<\/strong>\u00a0i, especialment, a la Festa Major, entenent el valor cultural i simb\u00f2lic que tenen els capgrossos dins del nostre patrimoni. El projecte ha fomentat la\u00a0<strong>creativitat<\/strong>, el\u00a0<strong>treball en equip<\/strong>\u00a0i el\u00a0<strong>coneixement del nostre entorn<\/strong>, tot combinant l\u2019expressi\u00f3 art\u00edstica amb la investigaci\u00f3 cultural.<\/p>\n<p>A m\u00e9s, els alumnes no nom\u00e9s han creat els capgrossos, sin\u00f3 que tamb\u00e9 han\u00a0<strong>gravat un v\u00eddeo explicatiu<\/strong>\u00a0on detallen tot el proc\u00e9s de construcci\u00f3: des de la idea inicial i el disseny, fins als materials utilitzats i les diferents fases de creaci\u00f3. Aquest v\u00eddeo permet entendre millor l\u2019esfor\u00e7, la dedicaci\u00f3 i l\u2019aprenentatge que hi ha darrere de cada pe\u00e7a.<\/p>\n<p>Aquest projecte \u00e9s una mostra clara de com l\u2019escola pot connectar l\u2019aprenentatge amb la cultura local i les tradicions, fent que els alumnes se sentin part activa de la vida cultural del municipi.<\/p>\n<p><a href=\"https:\/\/drive.google.com\/drive\/folders\/1T6c83onWE4dVuv_dhVf5jz5Gpg-6cT_6?usp=share_link\" target=\"_blank\" rel=\"noopener\">Fotografies del projecte<\/a><\/p>\n<p><a href=\"https:\/\/agora.xtec.cat\/ins-sagulla\/wp-content\/uploads\/usu2114\/2026\/02\/15.jpg\"><img loading=\"lazy\" decoding=\"async\" class=\"alignleft size-medium wp-image-25509\" src=\"https:\/\/agora.xtec.cat\/ins-sagulla\/wp-content\/uploads\/usu2114\/2026\/02\/15-225x300.jpg\" alt=\"\" width=\"225\" height=\"300\" srcset=\"https:\/\/agora.xtec.cat\/ins-sagulla\/wp-content\/uploads\/usu2114\/2026\/02\/15-225x300.jpg 225w, https:\/\/agora.xtec.cat\/ins-sagulla\/wp-content\/uploads\/usu2114\/2026\/02\/15-768x1024.jpg 768w, https:\/\/agora.xtec.cat\/ins-sagulla\/wp-content\/uploads\/usu2114\/2026\/02\/15-1152x1536.jpg 1152w, https:\/\/agora.xtec.cat\/ins-sagulla\/wp-content\/uploads\/usu2114\/2026\/02\/15.jpg 1200w\" sizes=\"auto, (max-width: 225px) 100vw, 225px\" \/><\/a><\/p>\n<\/div>\n","protected":false},"excerpt":{"rendered":"<p>Ens complau compartir amb vosaltres el resultat d\u2019un projecte molt especial dut a terme els\u00a0estudiants de\u00a03r d\u2019ESO\u00a0al llarg del\u00a0primer trimestre. Es tracta d\u2019un projecte art\u00edstic i cultural que ha tingut com a objectiu la\u00a0creaci\u00f3 de capgrossos, inspirats en personatges locals, llegendes i elements emblem\u00e0tics de\u00a0Blanes.<\/p>\n<p>A&hellip;  <a href=\"https:\/\/agora.xtec.cat\/ins-sagulla\/general\/projecte-vip-3r-deso\/\" title=\"Read Projecte ViP 3r d&#8217;ESO\">Llegeix m\u00e9s\u00bb<\/a><\/p>\n","protected":false},"author":1,"featured_media":25509,"comment_status":"open","ping_status":"open","sticky":false,"template":"","format":"standard","meta":{"_bbp_topic_count":0,"_bbp_reply_count":0,"_bbp_total_topic_count":0,"_bbp_total_reply_count":0,"_bbp_voice_count":0,"_bbp_anonymous_reply_count":0,"_bbp_topic_count_hidden":0,"_bbp_reply_count_hidden":0,"_bbp_forum_subforum_count":0,"footnotes":""},"categories":[3,6,1,29],"tags":[387,376,1285,131],"class_list":["post-25508","post","type-post","status-publish","format-standard","has-post-thumbnail","hentry","category-eso","category-eso-3","category-general","category-portada","tag-cohesio-de-grup","tag-creativitat","tag-curs-2025-2026","tag-eso"],"post_mailing_queue_ids":[],"_links":{"self":[{"href":"https:\/\/agora.xtec.cat\/ins-sagulla\/wp-json\/wp\/v2\/posts\/25508","targetHints":{"allow":["GET"]}}],"collection":[{"href":"https:\/\/agora.xtec.cat\/ins-sagulla\/wp-json\/wp\/v2\/posts"}],"about":[{"href":"https:\/\/agora.xtec.cat\/ins-sagulla\/wp-json\/wp\/v2\/types\/post"}],"author":[{"embeddable":true,"href":"https:\/\/agora.xtec.cat\/ins-sagulla\/wp-json\/wp\/v2\/users\/1"}],"replies":[{"embeddable":true,"href":"https:\/\/agora.xtec.cat\/ins-sagulla\/wp-json\/wp\/v2\/comments?post=25508"}],"version-history":[{"count":1,"href":"https:\/\/agora.xtec.cat\/ins-sagulla\/wp-json\/wp\/v2\/posts\/25508\/revisions"}],"predecessor-version":[{"id":25510,"href":"https:\/\/agora.xtec.cat\/ins-sagulla\/wp-json\/wp\/v2\/posts\/25508\/revisions\/25510"}],"wp:featuredmedia":[{"embeddable":true,"href":"https:\/\/agora.xtec.cat\/ins-sagulla\/wp-json\/wp\/v2\/media\/25509"}],"wp:attachment":[{"href":"https:\/\/agora.xtec.cat\/ins-sagulla\/wp-json\/wp\/v2\/media?parent=25508"}],"wp:term":[{"taxonomy":"category","embeddable":true,"href":"https:\/\/agora.xtec.cat\/ins-sagulla\/wp-json\/wp\/v2\/categories?post=25508"},{"taxonomy":"post_tag","embeddable":true,"href":"https:\/\/agora.xtec.cat\/ins-sagulla\/wp-json\/wp\/v2\/tags?post=25508"}],"curies":[{"name":"wp","href":"https:\/\/api.w.org\/{rel}","templated":true}]}}