{"id":25503,"date":"2026-01-30T13:22:51","date_gmt":"2026-01-30T12:22:51","guid":{"rendered":"https:\/\/agora.xtec.cat\/ins-sagulla\/?p=25503"},"modified":"2026-01-30T13:23:23","modified_gmt":"2026-01-30T12:23:23","slug":"manifest-dia-de-la-pau-30-1","status":"publish","type":"post","link":"https:\/\/agora.xtec.cat\/ins-sagulla\/general\/manifest-dia-de-la-pau-30-1\/","title":{"rendered":"Manifest Dia de la PAU 30\/1"},"content":{"rendered":"<p><strong>EL DIA DE LA PAU<\/strong><br \/>\nAvui, 30 de gener, celebrem el Dia de la Pau.<br \/>\nNo \u00e9s nom\u00e9s una data al calendari ni una paraula abstracta.<br \/>\n\u00c9s all\u00f2 que ja viu entre nosaltres &#8211; en els gestos, en les mirades, en les converses.<br \/>\nI all\u00f2 que podem mantenir cada dia.<br \/>\nVivim en un m\u00f3n molt divers.<br \/>\nUn m\u00f3n de cultures, lleng\u00fces, tradicions i hist\u00f2ries diferents.<br \/>\nDe vegades aquestes difer\u00e8ncies ens semblen complexes,<br \/>\naltres vegades &#8211; poc habituals.<br \/>\nPer\u00f2 \u00e9s precisament en aquesta diversitat on ja existeix valor i una continu\u00eftat viva.<br \/>\nLes persones sovint canvien de pa\u00eds.<br \/>\nDe vegades &#8211; per circumst\u00e0ncies vitals dif\u00edcils.<br \/>\nAltres vegades &#8211; per una crida interior, a la recerca de noves experi\u00e8ncies, d\u2019una llar o d\u2019un<br \/>\nfutur.<br \/>\nQuan ens traslladem, portem amb nosaltres el nostre codi cultural, els nostres h\u00e0bits, la<br \/>\nnostra mem\u00f2ria i les nostres arrels.<br \/>\nI aqu\u00ed \u00e9s especialment important un equilibri delicat.<br \/>\nMantenir la pr\u00f2pia identitat i respectar qui ets.<br \/>\nI alhora &#8211; relacionar-te amb obertura i respecte amb la cultura, les normes i les tradicions del<br \/>\npa\u00eds que t\u2019ha acollit.<br \/>\n\u00c9s precisament en aquest respecte mutu on neix la veritable conviv\u00e8ncia.<br \/>\nS\u00ed, avui dia hi ha moltes not\u00edcies tensades i titulars cridaners.<br \/>\nDe vegades reforcen la sensaci\u00f3 de separaci\u00f3, fins i tot entre persones que mai no s\u2019han<br \/>\nconegut.<br \/>\nI en aquests moments \u00e9s especialment important recordar que la vida real sempre \u00e9s m\u00e9s<br \/>\n\u00e0mplia i m\u00e9s c\u00e0lida que qualsevol flux informatiu.<br \/>\nTenim la possibilitat d\u2019escollir.<br \/>\nEscollir no la por, sin\u00f3 l\u2019inter\u00e8s.<br \/>\nNo el judici, sin\u00f3 el respecte.<br \/>\nNo el tancament, sin\u00f3 el di\u00e0leg.<br \/>\nPodem construir murs.<br \/>\nO podem construir ponts.<br \/>\nI molt sovint aquests ponts ja existeixen &#8211; en converses quotidianes, en un somriure, en la<br \/>\nvoluntat d\u2019escoltar l\u2019altre.<br \/>\nCada vegada que escollim la comprensi\u00f3,<br \/>\ncada vegada que ens permetem veure en \u201cl\u2019altre\u201d primer de tot una persona,<br \/>\nfem un pas petit per\u00f2 molt real cap a la pau &#8211; aqu\u00ed i ara.<br \/>\nAmb qu\u00e8 m\u2019agradaria deixar-vos avui?<\/p>\n<p>No tenir por de les vostres sensacions ni dels vostres dubtes.<br \/>\nSi al vostre costat hi ha alg\u00fa que sembla \u201cdiferent\u201d o poc habitual &#8211; proveu de somriure,<br \/>\nd\u2019iniciar una conversa, de con\u00e8ixer-lo una mica millor i de fer-vos amics.<br \/>\nMolt sovint \u00e9s just en aquest moment quan neix la confian\u00e7a i la por es dissol per si sola.<br \/>\nMantenir la compassi\u00f3 i el respecte.<br \/>\nPerqu\u00e8 davant vostre hi ha, abans que res, una persona- amb el mateix cor i la mateixa<br \/>\n\u00e0nima.<br \/>\nI sovint descobrim que tenim molt m\u00e9s en com\u00fa que difer\u00e8ncies.<br \/>\nI, potser, el m\u00e9s important &#8211; donem suport a all\u00f2 de bo que ja existeix entre les persones.<br \/>\nTanquem les esquerdes, en lloc d\u2019ampliar-les.<br \/>\nCuidem els ponts entre cultures, lleng\u00fces i hist\u00f2ries.<br \/>\nCom va dir una vegada Muhammad Ali:<br \/>\n\u00abLa vida \u00e9s millor quan construeixes ponts entre les persones, i no murs\u00bb.<\/p>\n<p>Sofiia Abdulloeva\u00a0de 1r B de BTX<\/p>\n","protected":false},"excerpt":{"rendered":"<p>EL DIA DE LA PAU<br \/>\nAvui, 30 de gener, celebrem el Dia de la Pau.<br \/>\nNo \u00e9s nom\u00e9s una data al calendari ni una paraula abstracta.<br \/>\n\u00c9s all\u00f2 que ja viu entre nosaltres &#8211; en els gestos, en les mirades, en les converses.<br \/>\nI all\u00f2 que podem mantenir cada&hellip;  <a href=\"https:\/\/agora.xtec.cat\/ins-sagulla\/general\/manifest-dia-de-la-pau-30-1\/\" title=\"Read Manifest Dia de la PAU 30\/1\">Llegeix m\u00e9s\u00bb<\/a><\/p>\n","protected":false},"author":1,"featured_media":0,"comment_status":"open","ping_status":"open","sticky":false,"template":"","format":"standard","meta":{"_bbp_topic_count":0,"_bbp_reply_count":0,"_bbp_total_topic_count":0,"_bbp_total_reply_count":0,"_bbp_voice_count":0,"_bbp_anonymous_reply_count":0,"_bbp_topic_count_hidden":0,"_bbp_reply_count_hidden":0,"_bbp_forum_subforum_count":0,"footnotes":""},"categories":[8,3,1,29],"tags":[376,1285,389],"class_list":["post-25503","post","type-post","status-publish","format-standard","hentry","category-batxillerat","category-eso","category-general","category-portada","tag-creativitat","tag-curs-2025-2026","tag-dia-de-la-pau"],"post_mailing_queue_ids":[],"_links":{"self":[{"href":"https:\/\/agora.xtec.cat\/ins-sagulla\/wp-json\/wp\/v2\/posts\/25503","targetHints":{"allow":["GET"]}}],"collection":[{"href":"https:\/\/agora.xtec.cat\/ins-sagulla\/wp-json\/wp\/v2\/posts"}],"about":[{"href":"https:\/\/agora.xtec.cat\/ins-sagulla\/wp-json\/wp\/v2\/types\/post"}],"author":[{"embeddable":true,"href":"https:\/\/agora.xtec.cat\/ins-sagulla\/wp-json\/wp\/v2\/users\/1"}],"replies":[{"embeddable":true,"href":"https:\/\/agora.xtec.cat\/ins-sagulla\/wp-json\/wp\/v2\/comments?post=25503"}],"version-history":[{"count":1,"href":"https:\/\/agora.xtec.cat\/ins-sagulla\/wp-json\/wp\/v2\/posts\/25503\/revisions"}],"predecessor-version":[{"id":25504,"href":"https:\/\/agora.xtec.cat\/ins-sagulla\/wp-json\/wp\/v2\/posts\/25503\/revisions\/25504"}],"wp:attachment":[{"href":"https:\/\/agora.xtec.cat\/ins-sagulla\/wp-json\/wp\/v2\/media?parent=25503"}],"wp:term":[{"taxonomy":"category","embeddable":true,"href":"https:\/\/agora.xtec.cat\/ins-sagulla\/wp-json\/wp\/v2\/categories?post=25503"},{"taxonomy":"post_tag","embeddable":true,"href":"https:\/\/agora.xtec.cat\/ins-sagulla\/wp-json\/wp\/v2\/tags?post=25503"}],"curies":[{"name":"wp","href":"https:\/\/api.w.org\/{rel}","templated":true}]}}