{"id":25316,"date":"2025-11-03T17:11:36","date_gmt":"2025-11-03T16:11:36","guid":{"rendered":"https:\/\/agora.xtec.cat\/ins-sagulla\/?p=25316"},"modified":"2025-11-03T17:11:36","modified_gmt":"2025-11-03T16:11:36","slug":"30a-setmana-de-la-ciencia","status":"publish","type":"post","link":"https:\/\/agora.xtec.cat\/ins-sagulla\/general\/30a-setmana-de-la-ciencia\/","title":{"rendered":"30a Setmana de la Ci\u00e8ncia"},"content":{"rendered":"<p><strong>Inici de la 30a Setmana de la Ci\u00e8ncia<\/strong><\/p>\n<p>Aquest dijous comen\u00e7a la 30a setmana de la Ci\u00e8ncia, un esdeveniment que celebra i promou el coneixement cient\u00edfic a trav\u00e9s d&#8217;una s\u00e8rie d&#8217;activitats diverses i interactives.<\/p>\n<h4>Activitats Programades<\/h4>\n<p>A continuaci\u00f3, es detallen les activitats que es realitzaran durant aquestes setmanes:<\/p>\n<ol>\n<li>Tallers Pr\u00e0ctics<\/li>\n<li>Confer\u00e8ncies i Xerrades<\/li>\n<li>Visites a Laboratoris<\/li>\n<li>Concurs de Projectes Cient\u00edfics i Exposici\u00f3 de murals<\/li>\n<li>Circuit d&#8217;experiments<\/li>\n<\/ol>\n<p>Us animem a participar en aquestes activitats i a gaudir d&#8217;una setmana plena de descobriments i aprenentatges!<\/p>\n<p><a href=\"https:\/\/agora.xtec.cat\/ins-sagulla\/wp-content\/uploads\/usu2114\/2025\/11\/IMG_5055.jpeg\"><img loading=\"lazy\" decoding=\"async\" class=\"alignleft size-medium wp-image-25318\" src=\"https:\/\/agora.xtec.cat\/ins-sagulla\/wp-content\/uploads\/usu2114\/2025\/11\/IMG_5055-237x300.jpeg\" alt=\"\" width=\"237\" height=\"300\" srcset=\"https:\/\/agora.xtec.cat\/ins-sagulla\/wp-content\/uploads\/usu2114\/2025\/11\/IMG_5055-237x300.jpeg 237w, https:\/\/agora.xtec.cat\/ins-sagulla\/wp-content\/uploads\/usu2114\/2025\/11\/IMG_5055-810x1024.jpeg 810w, https:\/\/agora.xtec.cat\/ins-sagulla\/wp-content\/uploads\/usu2114\/2025\/11\/IMG_5055-768x971.jpeg 768w, https:\/\/agora.xtec.cat\/ins-sagulla\/wp-content\/uploads\/usu2114\/2025\/11\/IMG_5055-1214x1536.jpeg 1214w, https:\/\/agora.xtec.cat\/ins-sagulla\/wp-content\/uploads\/usu2114\/2025\/11\/IMG_5055.jpeg 1269w\" sizes=\"auto, (max-width: 237px) 100vw, 237px\" \/><\/a><img loading=\"lazy\" decoding=\"async\" class=\"alignleft size-medium wp-image-25317\" src=\"https:\/\/agora.xtec.cat\/ins-sagulla\/wp-content\/uploads\/usu2114\/2025\/11\/IMG_5056-258x300.jpeg\" alt=\"\" width=\"258\" height=\"300\" srcset=\"https:\/\/agora.xtec.cat\/ins-sagulla\/wp-content\/uploads\/usu2114\/2025\/11\/IMG_5056-258x300.jpeg 258w, https:\/\/agora.xtec.cat\/ins-sagulla\/wp-content\/uploads\/usu2114\/2025\/11\/IMG_5056-881x1024.jpeg 881w, https:\/\/agora.xtec.cat\/ins-sagulla\/wp-content\/uploads\/usu2114\/2025\/11\/IMG_5056-768x892.jpeg 768w, https:\/\/agora.xtec.cat\/ins-sagulla\/wp-content\/uploads\/usu2114\/2025\/11\/IMG_5056.jpeg 1273w\" sizes=\"auto, (max-width: 258px) 100vw, 258px\" \/><\/p>\n","protected":false},"excerpt":{"rendered":"<p>Inici de la 30a Setmana de la Ci\u00e8ncia<br \/>\nAquest dijous comen\u00e7a la 30a setmana de la Ci\u00e8ncia, un esdeveniment que celebra i promou el coneixement cient\u00edfic a trav\u00e9s d&#8217;una s\u00e8rie d&#8217;activitats diverses i interactives.<br \/>\nActivitats Programades<br \/>\nA continuaci\u00f3, es detallen les activitats que es realitzaran durant aquestes setmanes:<\/p>\n<ol>\n<li>Tallers&hellip;  <a href=\"https:\/\/agora.xtec.cat\/ins-sagulla\/general\/30a-setmana-de-la-ciencia\/\" title=\"Read 30a Setmana de la Ci\u00e8ncia\">Llegeix m\u00e9s\u00bb<\/a><br \/>\n","protected":false},"author":1,"featured_media":25318,"comment_status":"open","ping_status":"open","sticky":false,"template":"","format":"standard","meta":{"_bbp_topic_count":0,"_bbp_reply_count":0,"_bbp_total_topic_count":0,"_bbp_total_reply_count":0,"_bbp_voice_count":0,"_bbp_anonymous_reply_count":0,"_bbp_topic_count_hidden":0,"_bbp_reply_count_hidden":0,"_bbp_forum_subforum_count":0,"footnotes":""},"categories":[8,3,1,29],"tags":[143,348,376,1285,131,237],"class_list":["post-25316","post","type-post","status-publish","format-standard","has-post-thumbnail","hentry","category-batxillerat","category-eso","category-general","category-portada","tag-batxillerat","tag-ciencia","tag-creativitat","tag-curs-2025-2026","tag-eso","tag-sortida"],"post_mailing_queue_ids":[],"_links":{"self":[{"href":"https:\/\/agora.xtec.cat\/ins-sagulla\/wp-json\/wp\/v2\/posts\/25316","targetHints":{"allow":["GET"]}}],"collection":[{"href":"https:\/\/agora.xtec.cat\/ins-sagulla\/wp-json\/wp\/v2\/posts"}],"about":[{"href":"https:\/\/agora.xtec.cat\/ins-sagulla\/wp-json\/wp\/v2\/types\/post"}],"author":[{"embeddable":true,"href":"https:\/\/agora.xtec.cat\/ins-sagulla\/wp-json\/wp\/v2\/users\/1"}],"replies":[{"embeddable":true,"href":"https:\/\/agora.xtec.cat\/ins-sagulla\/wp-json\/wp\/v2\/comments?post=25316"}],"version-history":[{"count":1,"href":"https:\/\/agora.xtec.cat\/ins-sagulla\/wp-json\/wp\/v2\/posts\/25316\/revisions"}],"predecessor-version":[{"id":25319,"href":"https:\/\/agora.xtec.cat\/ins-sagulla\/wp-json\/wp\/v2\/posts\/25316\/revisions\/25319"}],"wp:featuredmedia":[{"embeddable":true,"href":"https:\/\/agora.xtec.cat\/ins-sagulla\/wp-json\/wp\/v2\/media\/25318"}],"wp:attachment":[{"href":"https:\/\/agora.xtec.cat\/ins-sagulla\/wp-json\/wp\/v2\/media?parent=25316"}],"wp:term":[{"taxonomy":"category","embeddable":true,"href":"https:\/\/agora.xtec.cat\/ins-sagulla\/wp-json\/wp\/v2\/categories?post=25316"},{"taxonomy":"post_tag","embeddable":true,"href":"https:\/\/agora.xtec.cat\/ins-sagulla\/wp-json\/wp\/v2\/tags?post=25316"}],"curies":[{"name":"wp","href":"https:\/\/api.w.org\/{rel}","templated":true}]}}