{"id":25303,"date":"2025-11-03T16:57:56","date_gmt":"2025-11-03T15:57:56","guid":{"rendered":"https:\/\/agora.xtec.cat\/ins-sagulla\/?p=25303"},"modified":"2025-11-03T17:14:31","modified_gmt":"2025-11-03T16:14:31","slug":"projecte-de-halloween-del-siei","status":"publish","type":"post","link":"https:\/\/agora.xtec.cat\/ins-sagulla\/general\/projecte-de-halloween-del-siei\/","title":{"rendered":"Projecte de Halloween del SIEI"},"content":{"rendered":"<p><strong>Resultat del Projecte de Halloween del SIEI<\/strong><\/p>\n<p>Aquest any, l&#8217;alumnat del SIEI ha celebrat Halloween d&#8217;una manera molt especial. Hem organitzat un concurs de disfresses on la creativitat i la diversi\u00f3 han estat les protagonistes. A m\u00e9s, hem participat en diversos jocs en angl\u00e8s que han fet que l&#8217;aprenentatge sigui encara m\u00e9s entretingut.<\/p>\n<p>No nom\u00e9s hem gaudit de les activitats, sin\u00f3 que tamb\u00e9 hem aprofitat l&#8217;ocasi\u00f3 per espantar alguns professors, afegint un toc de diversi\u00f3 i sorpresa a la jornada. Ha estat una festa on ens ho hem passat de por! \ud83c\udf83\ud83d\udc7b\ud83e\udddb\ud83e\udddf<\/p>\n<p><a href=\"https:\/\/agora.xtec.cat\/ins-sagulla\/wp-content\/uploads\/usu2114\/2025\/11\/Imatge-de-WhatsApp-2025-10-28-a-les-17.42.22_86bc0cd1.jpg\"><img loading=\"lazy\" decoding=\"async\" class=\"alignleft size-medium wp-image-25320\" src=\"https:\/\/agora.xtec.cat\/ins-sagulla\/wp-content\/uploads\/usu2114\/2025\/11\/Imatge-de-WhatsApp-2025-10-28-a-les-17.42.22_86bc0cd1-225x300.jpg\" alt=\"\" width=\"225\" height=\"300\" srcset=\"https:\/\/agora.xtec.cat\/ins-sagulla\/wp-content\/uploads\/usu2114\/2025\/11\/Imatge-de-WhatsApp-2025-10-28-a-les-17.42.22_86bc0cd1-225x300.jpg 225w, https:\/\/agora.xtec.cat\/ins-sagulla\/wp-content\/uploads\/usu2114\/2025\/11\/Imatge-de-WhatsApp-2025-10-28-a-les-17.42.22_86bc0cd1-768x1024.jpg 768w, https:\/\/agora.xtec.cat\/ins-sagulla\/wp-content\/uploads\/usu2114\/2025\/11\/Imatge-de-WhatsApp-2025-10-28-a-les-17.42.22_86bc0cd1-1152x1536.jpg 1152w, https:\/\/agora.xtec.cat\/ins-sagulla\/wp-content\/uploads\/usu2114\/2025\/11\/Imatge-de-WhatsApp-2025-10-28-a-les-17.42.22_86bc0cd1.jpg 1500w\" sizes=\"auto, (max-width: 225px) 100vw, 225px\" \/><\/a> <a href=\"https:\/\/agora.xtec.cat\/ins-sagulla\/wp-content\/uploads\/usu2114\/2025\/11\/Imatge-de-WhatsApp-2025-10-28-a-les-17.42.22_22ca450e.jpg\"><img loading=\"lazy\" decoding=\"async\" class=\"alignleft size-medium wp-image-25321\" src=\"https:\/\/agora.xtec.cat\/ins-sagulla\/wp-content\/uploads\/usu2114\/2025\/11\/Imatge-de-WhatsApp-2025-10-28-a-les-17.42.22_22ca450e-225x300.jpg\" alt=\"\" width=\"225\" height=\"300\" srcset=\"https:\/\/agora.xtec.cat\/ins-sagulla\/wp-content\/uploads\/usu2114\/2025\/11\/Imatge-de-WhatsApp-2025-10-28-a-les-17.42.22_22ca450e-225x300.jpg 225w, https:\/\/agora.xtec.cat\/ins-sagulla\/wp-content\/uploads\/usu2114\/2025\/11\/Imatge-de-WhatsApp-2025-10-28-a-les-17.42.22_22ca450e-768x1024.jpg 768w, https:\/\/agora.xtec.cat\/ins-sagulla\/wp-content\/uploads\/usu2114\/2025\/11\/Imatge-de-WhatsApp-2025-10-28-a-les-17.42.22_22ca450e-1152x1536.jpg 1152w, https:\/\/agora.xtec.cat\/ins-sagulla\/wp-content\/uploads\/usu2114\/2025\/11\/Imatge-de-WhatsApp-2025-10-28-a-les-17.42.22_22ca450e.jpg 1500w\" sizes=\"auto, (max-width: 225px) 100vw, 225px\" \/><\/a><\/p>\n<p><a href=\"https:\/\/agora.xtec.cat\/ins-sagulla\/wp-content\/uploads\/usu2114\/2025\/11\/Halloween-14.jpg\"><img loading=\"lazy\" decoding=\"async\" class=\"alignleft wp-image-25304\" src=\"https:\/\/agora.xtec.cat\/ins-sagulla\/wp-content\/uploads\/usu2114\/2025\/11\/Halloween-14-768x1024.jpg\" alt=\"\" width=\"231\" height=\"308\" srcset=\"https:\/\/agora.xtec.cat\/ins-sagulla\/wp-content\/uploads\/usu2114\/2025\/11\/Halloween-14-768x1024.jpg 768w, https:\/\/agora.xtec.cat\/ins-sagulla\/wp-content\/uploads\/usu2114\/2025\/11\/Halloween-14-225x300.jpg 225w, https:\/\/agora.xtec.cat\/ins-sagulla\/wp-content\/uploads\/usu2114\/2025\/11\/Halloween-14-1152x1536.jpg 1152w, https:\/\/agora.xtec.cat\/ins-sagulla\/wp-content\/uploads\/usu2114\/2025\/11\/Halloween-14.jpg 1200w\" sizes=\"auto, (max-width: 231px) 100vw, 231px\" \/><\/a> <a href=\"https:\/\/agora.xtec.cat\/ins-sagulla\/wp-content\/uploads\/usu2114\/2025\/11\/Halloween-2.jpg\"><img loading=\"lazy\" decoding=\"async\" class=\"alignleft wp-image-25305\" src=\"https:\/\/agora.xtec.cat\/ins-sagulla\/wp-content\/uploads\/usu2114\/2025\/11\/Halloween-2-768x1024.jpg\" alt=\"\" width=\"231\" height=\"308\" srcset=\"https:\/\/agora.xtec.cat\/ins-sagulla\/wp-content\/uploads\/usu2114\/2025\/11\/Halloween-2-768x1024.jpg 768w, https:\/\/agora.xtec.cat\/ins-sagulla\/wp-content\/uploads\/usu2114\/2025\/11\/Halloween-2-225x300.jpg 225w, https:\/\/agora.xtec.cat\/ins-sagulla\/wp-content\/uploads\/usu2114\/2025\/11\/Halloween-2-1152x1536.jpg 1152w, https:\/\/agora.xtec.cat\/ins-sagulla\/wp-content\/uploads\/usu2114\/2025\/11\/Halloween-2.jpg 1500w\" sizes=\"auto, (max-width: 231px) 100vw, 231px\" \/><\/a><\/p>\n","protected":false},"excerpt":{"rendered":"<p>Resultat del Projecte de Halloween del SIEI<br \/>\nAquest any, l&#8217;alumnat del SIEI ha celebrat Halloween d&#8217;una manera molt especial. Hem organitzat un concurs de disfresses on la creativitat i la diversi\u00f3 han estat les protagonistes. A m\u00e9s, hem participat en diversos jocs en angl\u00e8s que han&hellip;  <a href=\"https:\/\/agora.xtec.cat\/ins-sagulla\/general\/projecte-de-halloween-del-siei\/\" title=\"Read Projecte de Halloween del SIEI\">Llegeix m\u00e9s\u00bb<\/a><\/p>\n","protected":false},"author":1,"featured_media":25304,"comment_status":"open","ping_status":"open","sticky":false,"template":"","format":"standard","meta":{"_bbp_topic_count":0,"_bbp_reply_count":0,"_bbp_total_topic_count":0,"_bbp_total_reply_count":0,"_bbp_voice_count":0,"_bbp_anonymous_reply_count":0,"_bbp_topic_count_hidden":0,"_bbp_reply_count_hidden":0,"_bbp_forum_subforum_count":0,"footnotes":""},"categories":[3,1,29,129],"tags":[387,376,1285,131,239],"class_list":["post-25303","post","type-post","status-publish","format-standard","has-post-thumbnail","hentry","category-eso","category-general","category-portada","category-siei","tag-cohesio-de-grup","tag-creativitat","tag-curs-2025-2026","tag-eso","tag-siei"],"post_mailing_queue_ids":[],"_links":{"self":[{"href":"https:\/\/agora.xtec.cat\/ins-sagulla\/wp-json\/wp\/v2\/posts\/25303","targetHints":{"allow":["GET"]}}],"collection":[{"href":"https:\/\/agora.xtec.cat\/ins-sagulla\/wp-json\/wp\/v2\/posts"}],"about":[{"href":"https:\/\/agora.xtec.cat\/ins-sagulla\/wp-json\/wp\/v2\/types\/post"}],"author":[{"embeddable":true,"href":"https:\/\/agora.xtec.cat\/ins-sagulla\/wp-json\/wp\/v2\/users\/1"}],"replies":[{"embeddable":true,"href":"https:\/\/agora.xtec.cat\/ins-sagulla\/wp-json\/wp\/v2\/comments?post=25303"}],"version-history":[{"count":2,"href":"https:\/\/agora.xtec.cat\/ins-sagulla\/wp-json\/wp\/v2\/posts\/25303\/revisions"}],"predecessor-version":[{"id":25322,"href":"https:\/\/agora.xtec.cat\/ins-sagulla\/wp-json\/wp\/v2\/posts\/25303\/revisions\/25322"}],"wp:featuredmedia":[{"embeddable":true,"href":"https:\/\/agora.xtec.cat\/ins-sagulla\/wp-json\/wp\/v2\/media\/25304"}],"wp:attachment":[{"href":"https:\/\/agora.xtec.cat\/ins-sagulla\/wp-json\/wp\/v2\/media?parent=25303"}],"wp:term":[{"taxonomy":"category","embeddable":true,"href":"https:\/\/agora.xtec.cat\/ins-sagulla\/wp-json\/wp\/v2\/categories?post=25303"},{"taxonomy":"post_tag","embeddable":true,"href":"https:\/\/agora.xtec.cat\/ins-sagulla\/wp-json\/wp\/v2\/tags?post=25303"}],"curies":[{"name":"wp","href":"https:\/\/api.w.org\/{rel}","templated":true}]}}