{"id":25228,"date":"2025-10-16T08:47:35","date_gmt":"2025-10-16T06:47:35","guid":{"rendered":"https:\/\/agora.xtec.cat\/ins-sagulla\/?p=25228"},"modified":"2025-12-10T11:51:49","modified_gmt":"2025-12-10T10:51:49","slug":"excursio-platjes-1r-deso","status":"publish","type":"post","link":"https:\/\/agora.xtec.cat\/ins-sagulla\/general\/excursio-platjes-1r-deso\/","title":{"rendered":"Excursi\u00f3 Platjes 1r d&#8217;ESO"},"content":{"rendered":"<p>El dimecres 8 d\u2019octubre l&#8217;alumnat de 1r d\u2019ESO vam anar d\u2019excursi\u00f3 a la platja, a la cala Sant<br \/>\nFrancesc.<br \/>\nVam arribar a l\u2019institut a la mateixa hora de sempre, i vam entrar a les aules. Un cop van arribar els<br \/>\nprofessors, vam sortir a fora i ens vam encaminar cap a la platja, les tres classes de primer: A, B i C.<br \/>\nEn arribar no vam perdre gaire temps, ens van explicar qu\u00e8 far\u00edem i en quin ordre.<br \/>\nLes coses anirien aix\u00ed: unes quantes activitats, despr\u00e9s esmorzar i esbarjo, algunes activitats m\u00e9s i per<br \/>\nfinalitzar un bany a la platja.<br \/>\n\u00c9rem sis grups; cada classe dividida en dos colors, per a aix\u00ed poder combinar els diferents equips per a<br \/>\njugar tots contra tots.<br \/>\nVam fer activitats de l\u2019estil el mocador, un tres en ratlla de relleus, jocs amb la pilota, etc\u00e8tera.<br \/>\nVam esmorzar durant una mitja horeta, i a continuaci\u00f3 vam fer un parell de jocs m\u00e9s. Al cap d\u2019una<br \/>\nestona, ens vam canviar i els que tenien banyador i volien banyar-se es van posar a l\u2019aigua.<br \/>\nDespr\u00e9s d\u2019aix\u00f2, vam anar tornant a l\u2019institut.<br \/>\nArticle escrit per en Nit Illas, 1r ESO B<\/p>\n<p><a href=\"https:\/\/agora.xtec.cat\/ins-sagulla\/wp-content\/uploads\/usu2114\/2025\/10\/IMG_5012-scaled.jpg\"><img loading=\"lazy\" decoding=\"async\" class=\"alignleft size-medium wp-image-25229\" src=\"https:\/\/agora.xtec.cat\/ins-sagulla\/wp-content\/uploads\/usu2114\/2025\/10\/IMG_5012-225x300.jpg\" alt=\"\" width=\"225\" height=\"300\" srcset=\"https:\/\/agora.xtec.cat\/ins-sagulla\/wp-content\/uploads\/usu2114\/2025\/10\/IMG_5012-225x300.jpg 225w, https:\/\/agora.xtec.cat\/ins-sagulla\/wp-content\/uploads\/usu2114\/2025\/10\/IMG_5012-768x1024.jpg 768w, https:\/\/agora.xtec.cat\/ins-sagulla\/wp-content\/uploads\/usu2114\/2025\/10\/IMG_5012-1152x1536.jpg 1152w, https:\/\/agora.xtec.cat\/ins-sagulla\/wp-content\/uploads\/usu2114\/2025\/10\/IMG_5012-1536x2048.jpg 1536w, https:\/\/agora.xtec.cat\/ins-sagulla\/wp-content\/uploads\/usu2114\/2025\/10\/IMG_5012-scaled.jpg 1920w\" sizes=\"auto, (max-width: 225px) 100vw, 225px\" \/><\/a> <a href=\"https:\/\/agora.xtec.cat\/ins-sagulla\/wp-content\/uploads\/usu2114\/2025\/10\/IMG_5049-scaled.jpg\"><img loading=\"lazy\" decoding=\"async\" class=\"alignleft size-medium wp-image-25230\" src=\"https:\/\/agora.xtec.cat\/ins-sagulla\/wp-content\/uploads\/usu2114\/2025\/10\/IMG_5049-225x300.jpg\" alt=\"\" width=\"225\" height=\"300\" srcset=\"https:\/\/agora.xtec.cat\/ins-sagulla\/wp-content\/uploads\/usu2114\/2025\/10\/IMG_5049-225x300.jpg 225w, https:\/\/agora.xtec.cat\/ins-sagulla\/wp-content\/uploads\/usu2114\/2025\/10\/IMG_5049-768x1024.jpg 768w, https:\/\/agora.xtec.cat\/ins-sagulla\/wp-content\/uploads\/usu2114\/2025\/10\/IMG_5049-1152x1536.jpg 1152w, https:\/\/agora.xtec.cat\/ins-sagulla\/wp-content\/uploads\/usu2114\/2025\/10\/IMG_5049-1536x2048.jpg 1536w, https:\/\/agora.xtec.cat\/ins-sagulla\/wp-content\/uploads\/usu2114\/2025\/10\/IMG_5049-scaled.jpg 1920w\" sizes=\"auto, (max-width: 225px) 100vw, 225px\" \/><\/a> <a href=\"https:\/\/agora.xtec.cat\/ins-sagulla\/wp-content\/uploads\/usu2114\/2025\/10\/IMG_5031-scaled.jpg\"><img loading=\"lazy\" decoding=\"async\" class=\"alignleft size-medium wp-image-25231\" src=\"https:\/\/agora.xtec.cat\/ins-sagulla\/wp-content\/uploads\/usu2114\/2025\/10\/IMG_5031-300x225.jpg\" alt=\"\" width=\"300\" height=\"225\" srcset=\"https:\/\/agora.xtec.cat\/ins-sagulla\/wp-content\/uploads\/usu2114\/2025\/10\/IMG_5031-300x225.jpg 300w, https:\/\/agora.xtec.cat\/ins-sagulla\/wp-content\/uploads\/usu2114\/2025\/10\/IMG_5031-1024x768.jpg 1024w, https:\/\/agora.xtec.cat\/ins-sagulla\/wp-content\/uploads\/usu2114\/2025\/10\/IMG_5031-768x576.jpg 768w, https:\/\/agora.xtec.cat\/ins-sagulla\/wp-content\/uploads\/usu2114\/2025\/10\/IMG_5031-1536x1152.jpg 1536w, https:\/\/agora.xtec.cat\/ins-sagulla\/wp-content\/uploads\/usu2114\/2025\/10\/IMG_5031-2048x1536.jpg 2048w, https:\/\/agora.xtec.cat\/ins-sagulla\/wp-content\/uploads\/usu2114\/2025\/10\/IMG_5031-200x150.jpg 200w\" sizes=\"auto, (max-width: 300px) 100vw, 300px\" \/><\/a> <a href=\"https:\/\/agora.xtec.cat\/ins-sagulla\/wp-content\/uploads\/usu2114\/2025\/10\/unnamed-27-scaled.jpg\"><img loading=\"lazy\" decoding=\"async\" class=\"alignleft size-medium wp-image-25232\" src=\"https:\/\/agora.xtec.cat\/ins-sagulla\/wp-content\/uploads\/usu2114\/2025\/10\/unnamed-27-300x225.jpg\" alt=\"\" width=\"300\" height=\"225\" srcset=\"https:\/\/agora.xtec.cat\/ins-sagulla\/wp-content\/uploads\/usu2114\/2025\/10\/unnamed-27-300x225.jpg 300w, https:\/\/agora.xtec.cat\/ins-sagulla\/wp-content\/uploads\/usu2114\/2025\/10\/unnamed-27-1024x768.jpg 1024w, https:\/\/agora.xtec.cat\/ins-sagulla\/wp-content\/uploads\/usu2114\/2025\/10\/unnamed-27-768x576.jpg 768w, https:\/\/agora.xtec.cat\/ins-sagulla\/wp-content\/uploads\/usu2114\/2025\/10\/unnamed-27-1536x1152.jpg 1536w, https:\/\/agora.xtec.cat\/ins-sagulla\/wp-content\/uploads\/usu2114\/2025\/10\/unnamed-27-2048x1536.jpg 2048w, https:\/\/agora.xtec.cat\/ins-sagulla\/wp-content\/uploads\/usu2114\/2025\/10\/unnamed-27-200x150.jpg 200w\" sizes=\"auto, (max-width: 300px) 100vw, 300px\" \/><\/a><\/p>\n<p><!--a=1--><\/p>\n","protected":false},"excerpt":{"rendered":"<p>El dimecres 8 d\u2019octubre l&#8217;alumnat de 1r d\u2019ESO vam anar d\u2019excursi\u00f3 a la platja, a la cala Sant<br \/>\nFrancesc.<br \/>\nVam arribar a l\u2019institut a la mateixa hora de sempre, i vam entrar a les aules. Un cop van arribar els<br \/>\nprofessors, vam sortir a fora i ens vam&hellip;  <a href=\"https:\/\/agora.xtec.cat\/ins-sagulla\/general\/excursio-platjes-1r-deso\/\" title=\"Read Excursi\u00f3 Platjes 1r d&#8217;ESO\">Llegeix m\u00e9s\u00bb<\/a><\/p>\n","protected":false},"author":1,"featured_media":25232,"comment_status":"open","ping_status":"open","sticky":false,"template":"","format":"standard","meta":{"_bbp_topic_count":0,"_bbp_reply_count":0,"_bbp_total_topic_count":0,"_bbp_total_reply_count":0,"_bbp_voice_count":0,"_bbp_anonymous_reply_count":0,"_bbp_topic_count_hidden":0,"_bbp_reply_count_hidden":0,"_bbp_forum_subforum_count":0,"footnotes":""},"categories":[3,4,322,1,29],"tags":[253,387,376,1285,131,237,177],"class_list":["post-25228","post","type-post","status-publish","format-standard","has-post-thumbnail","hentry","category-eso","category-eso-1","category-fotos","category-general","category-portada","tag-blanes","tag-cohesio-de-grup","tag-creativitat","tag-curs-2025-2026","tag-eso","tag-sortida","tag-tutoria"],"post_mailing_queue_ids":[],"_links":{"self":[{"href":"https:\/\/agora.xtec.cat\/ins-sagulla\/wp-json\/wp\/v2\/posts\/25228","targetHints":{"allow":["GET"]}}],"collection":[{"href":"https:\/\/agora.xtec.cat\/ins-sagulla\/wp-json\/wp\/v2\/posts"}],"about":[{"href":"https:\/\/agora.xtec.cat\/ins-sagulla\/wp-json\/wp\/v2\/types\/post"}],"author":[{"embeddable":true,"href":"https:\/\/agora.xtec.cat\/ins-sagulla\/wp-json\/wp\/v2\/users\/1"}],"replies":[{"embeddable":true,"href":"https:\/\/agora.xtec.cat\/ins-sagulla\/wp-json\/wp\/v2\/comments?post=25228"}],"version-history":[{"count":2,"href":"https:\/\/agora.xtec.cat\/ins-sagulla\/wp-json\/wp\/v2\/posts\/25228\/revisions"}],"predecessor-version":[{"id":25445,"href":"https:\/\/agora.xtec.cat\/ins-sagulla\/wp-json\/wp\/v2\/posts\/25228\/revisions\/25445"}],"wp:featuredmedia":[{"embeddable":true,"href":"https:\/\/agora.xtec.cat\/ins-sagulla\/wp-json\/wp\/v2\/media\/25232"}],"wp:attachment":[{"href":"https:\/\/agora.xtec.cat\/ins-sagulla\/wp-json\/wp\/v2\/media?parent=25228"}],"wp:term":[{"taxonomy":"category","embeddable":true,"href":"https:\/\/agora.xtec.cat\/ins-sagulla\/wp-json\/wp\/v2\/categories?post=25228"},{"taxonomy":"post_tag","embeddable":true,"href":"https:\/\/agora.xtec.cat\/ins-sagulla\/wp-json\/wp\/v2\/tags?post=25228"}],"curies":[{"name":"wp","href":"https:\/\/api.w.org\/{rel}","templated":true}]}}