{"id":24930,"date":"2025-05-05T10:42:01","date_gmt":"2025-05-05T08:42:01","guid":{"rendered":"https:\/\/agora.xtec.cat\/ins-sagulla\/?p=24930"},"modified":"2025-05-05T10:42:01","modified_gmt":"2025-05-05T08:42:01","slug":"activitats-deducacio-fisica","status":"publish","type":"post","link":"https:\/\/agora.xtec.cat\/ins-sagulla\/general\/activitats-deducacio-fisica\/","title":{"rendered":"Activitats d&#8217;Educaci\u00f3 F\u00edsica"},"content":{"rendered":"<p>El diumenge 6 d&#8217;abril es va dur a terme una competici\u00f3 interescolar de p\u00e0del al Club de Tennis i P\u00e0del Blanes. Alguns alumnes de l&#8217;Institut S&#8217;Agulla hi van participar, i dos d&#8217;ells, Owen Sala i \u00c0lex Miranda, van guanyar en la seva categoria. Aquests alumnes podran gaudir durant tres mesos del club i de les activitats que s&#8217;hi organitzen.<\/p>\n<p>D&#8217;altra banda, el passat 23 d&#8217;abril l&#8217;Institut S&#8217;Agulla va participar amb 33 alumnes de 1r ESO en la cursa de Sant Jordi organitzada per l&#8217;institut Sa Palomera.<\/p>\n<p>El nostre alumne Mohamed Amin Khdili va rebre un trofeu per quedar en primera posici\u00f3 de la categoria 1, passant per meta en tan sols 35 minuts 41 segons.<\/p>\n<p>La resta de participants van acabar amb \u00e8xit la cursa. Se&#8217;ls otorga un diploma a tots els participants amb el temps que han trigat. El recorregut de 8 km per Blanes tenia desnivells, avituallaments i controls per diferents punts.<\/p>\n<p><a href=\"https:\/\/agora.xtec.cat\/ins-sagulla\/wp-content\/uploads\/usu2114\/2025\/05\/1745912412397.jpg\"><img loading=\"lazy\" decoding=\"async\" class=\"alignleft size-medium wp-image-24931\" src=\"https:\/\/agora.xtec.cat\/ins-sagulla\/wp-content\/uploads\/usu2114\/2025\/05\/1745912412397-300x226.jpg\" alt=\"\" width=\"300\" height=\"226\" srcset=\"https:\/\/agora.xtec.cat\/ins-sagulla\/wp-content\/uploads\/usu2114\/2025\/05\/1745912412397-300x226.jpg 300w, https:\/\/agora.xtec.cat\/ins-sagulla\/wp-content\/uploads\/usu2114\/2025\/05\/1745912412397-1024x771.jpg 1024w, https:\/\/agora.xtec.cat\/ins-sagulla\/wp-content\/uploads\/usu2114\/2025\/05\/1745912412397-768x578.jpg 768w, https:\/\/agora.xtec.cat\/ins-sagulla\/wp-content\/uploads\/usu2114\/2025\/05\/1745912412397-1536x1156.jpg 1536w, https:\/\/agora.xtec.cat\/ins-sagulla\/wp-content\/uploads\/usu2114\/2025\/05\/1745912412397-200x150.jpg 200w, https:\/\/agora.xtec.cat\/ins-sagulla\/wp-content\/uploads\/usu2114\/2025\/05\/1745912412397.jpg 1600w\" sizes=\"auto, (max-width: 300px) 100vw, 300px\" \/><\/a> <a href=\"https:\/\/agora.xtec.cat\/ins-sagulla\/wp-content\/uploads\/usu2114\/2025\/05\/1745912412389-1.jpg\"><img loading=\"lazy\" decoding=\"async\" class=\"alignleft size-medium wp-image-24932\" src=\"https:\/\/agora.xtec.cat\/ins-sagulla\/wp-content\/uploads\/usu2114\/2025\/05\/1745912412389-1-225x300.jpg\" alt=\"\" width=\"225\" height=\"300\" srcset=\"https:\/\/agora.xtec.cat\/ins-sagulla\/wp-content\/uploads\/usu2114\/2025\/05\/1745912412389-1-225x300.jpg 225w, https:\/\/agora.xtec.cat\/ins-sagulla\/wp-content\/uploads\/usu2114\/2025\/05\/1745912412389-1-768x1024.jpg 768w, https:\/\/agora.xtec.cat\/ins-sagulla\/wp-content\/uploads\/usu2114\/2025\/05\/1745912412389-1-1152x1536.jpg 1152w, https:\/\/agora.xtec.cat\/ins-sagulla\/wp-content\/uploads\/usu2114\/2025\/05\/1745912412389-1.jpg 1200w\" sizes=\"auto, (max-width: 225px) 100vw, 225px\" \/><\/a><a href=\"https:\/\/agora.xtec.cat\/ins-sagulla\/wp-content\/uploads\/usu2114\/2025\/05\/IMG-20250423-WA0020.jpg\"><img loading=\"lazy\" decoding=\"async\" class=\"alignleft size-medium wp-image-24933\" src=\"https:\/\/agora.xtec.cat\/ins-sagulla\/wp-content\/uploads\/usu2114\/2025\/05\/IMG-20250423-WA0020-225x300.jpg\" alt=\"\" width=\"225\" height=\"300\" srcset=\"https:\/\/agora.xtec.cat\/ins-sagulla\/wp-content\/uploads\/usu2114\/2025\/05\/IMG-20250423-WA0020-225x300.jpg 225w, https:\/\/agora.xtec.cat\/ins-sagulla\/wp-content\/uploads\/usu2114\/2025\/05\/IMG-20250423-WA0020-768x1024.jpg 768w, https:\/\/agora.xtec.cat\/ins-sagulla\/wp-content\/uploads\/usu2114\/2025\/05\/IMG-20250423-WA0020.jpg 1000w\" sizes=\"auto, (max-width: 225px) 100vw, 225px\" \/><\/a> <a href=\"https:\/\/agora.xtec.cat\/ins-sagulla\/wp-content\/uploads\/usu2114\/2025\/05\/20250423_124903.jpg\"><img loading=\"lazy\" decoding=\"async\" class=\"alignleft size-medium wp-image-24934\" src=\"https:\/\/agora.xtec.cat\/ins-sagulla\/wp-content\/uploads\/usu2114\/2025\/05\/20250423_124903-300x225.jpg\" alt=\"\" width=\"300\" height=\"225\" srcset=\"https:\/\/agora.xtec.cat\/ins-sagulla\/wp-content\/uploads\/usu2114\/2025\/05\/20250423_124903-300x225.jpg 300w, https:\/\/agora.xtec.cat\/ins-sagulla\/wp-content\/uploads\/usu2114\/2025\/05\/20250423_124903-768x576.jpg 768w, https:\/\/agora.xtec.cat\/ins-sagulla\/wp-content\/uploads\/usu2114\/2025\/05\/20250423_124903-200x150.jpg 200w, https:\/\/agora.xtec.cat\/ins-sagulla\/wp-content\/uploads\/usu2114\/2025\/05\/20250423_124903.jpg 1000w\" sizes=\"auto, (max-width: 300px) 100vw, 300px\" \/><\/a> <a href=\"https:\/\/agora.xtec.cat\/ins-sagulla\/wp-content\/uploads\/usu2114\/2025\/05\/20250429_134456.jpg\"><img loading=\"lazy\" decoding=\"async\" class=\"alignleft size-medium wp-image-24935\" src=\"https:\/\/agora.xtec.cat\/ins-sagulla\/wp-content\/uploads\/usu2114\/2025\/05\/20250429_134456-300x225.jpg\" alt=\"\" width=\"300\" height=\"225\" srcset=\"https:\/\/agora.xtec.cat\/ins-sagulla\/wp-content\/uploads\/usu2114\/2025\/05\/20250429_134456-300x225.jpg 300w, https:\/\/agora.xtec.cat\/ins-sagulla\/wp-content\/uploads\/usu2114\/2025\/05\/20250429_134456-768x576.jpg 768w, https:\/\/agora.xtec.cat\/ins-sagulla\/wp-content\/uploads\/usu2114\/2025\/05\/20250429_134456-200x150.jpg 200w, https:\/\/agora.xtec.cat\/ins-sagulla\/wp-content\/uploads\/usu2114\/2025\/05\/20250429_134456.jpg 1000w\" sizes=\"auto, (max-width: 300px) 100vw, 300px\" \/><\/a><\/p>\n","protected":false},"excerpt":{"rendered":"<p>El diumenge 6 d&#8217;abril es va dur a terme una competici\u00f3 interescolar de p\u00e0del al Club de Tennis i P\u00e0del Blanes. Alguns alumnes de l&#8217;Institut S&#8217;Agulla hi van participar, i dos d&#8217;ells, Owen Sala i \u00c0lex Miranda, van guanyar en la seva categoria. Aquests alumnes&hellip;  <a href=\"https:\/\/agora.xtec.cat\/ins-sagulla\/general\/activitats-deducacio-fisica\/\" title=\"Read Activitats d&#8217;Educaci\u00f3 F\u00edsica\">Llegeix m\u00e9s\u00bb<\/a><\/p>\n","protected":false},"author":1,"featured_media":0,"comment_status":"open","ping_status":"closed","sticky":false,"template":"","format":"standard","meta":{"_bbp_topic_count":0,"_bbp_reply_count":0,"_bbp_total_topic_count":0,"_bbp_total_reply_count":0,"_bbp_voice_count":0,"_bbp_anonymous_reply_count":0,"_bbp_topic_count_hidden":0,"_bbp_reply_count_hidden":0,"_bbp_forum_subforum_count":0,"footnotes":""},"categories":[3,4,6,7,1,29],"tags":[1281,131,346,38],"class_list":["post-24930","post","type-post","status-publish","format-standard","hentry","category-eso","category-eso-1","category-eso-3","category-eso-4","category-general","category-portada","tag-curs-2024-2025","tag-eso","tag-excursio","tag-sant-jordi"],"post_mailing_queue_ids":[],"_links":{"self":[{"href":"https:\/\/agora.xtec.cat\/ins-sagulla\/wp-json\/wp\/v2\/posts\/24930","targetHints":{"allow":["GET"]}}],"collection":[{"href":"https:\/\/agora.xtec.cat\/ins-sagulla\/wp-json\/wp\/v2\/posts"}],"about":[{"href":"https:\/\/agora.xtec.cat\/ins-sagulla\/wp-json\/wp\/v2\/types\/post"}],"author":[{"embeddable":true,"href":"https:\/\/agora.xtec.cat\/ins-sagulla\/wp-json\/wp\/v2\/users\/1"}],"replies":[{"embeddable":true,"href":"https:\/\/agora.xtec.cat\/ins-sagulla\/wp-json\/wp\/v2\/comments?post=24930"}],"version-history":[{"count":1,"href":"https:\/\/agora.xtec.cat\/ins-sagulla\/wp-json\/wp\/v2\/posts\/24930\/revisions"}],"predecessor-version":[{"id":24936,"href":"https:\/\/agora.xtec.cat\/ins-sagulla\/wp-json\/wp\/v2\/posts\/24930\/revisions\/24936"}],"wp:attachment":[{"href":"https:\/\/agora.xtec.cat\/ins-sagulla\/wp-json\/wp\/v2\/media?parent=24930"}],"wp:term":[{"taxonomy":"category","embeddable":true,"href":"https:\/\/agora.xtec.cat\/ins-sagulla\/wp-json\/wp\/v2\/categories?post=24930"},{"taxonomy":"post_tag","embeddable":true,"href":"https:\/\/agora.xtec.cat\/ins-sagulla\/wp-json\/wp\/v2\/tags?post=24930"}],"curies":[{"name":"wp","href":"https:\/\/api.w.org\/{rel}","templated":true}]}}