{"id":24896,"date":"2025-04-25T18:43:10","date_gmt":"2025-04-25T16:43:10","guid":{"rendered":"https:\/\/agora.xtec.cat\/ins-sagulla\/?p=24896"},"modified":"2025-04-27T18:47:39","modified_gmt":"2025-04-27T16:47:39","slug":"sant-jordi-2025","status":"publish","type":"post","link":"https:\/\/agora.xtec.cat\/ins-sagulla\/general\/sant-jordi-2025\/","title":{"rendered":"Sant Jordi 2025"},"content":{"rendered":"<p><span style=\"color: #000000;\"><span style=\"font-family: Arial, sans-serif;\"><span style=\"font-size: small;\"><span style=\"font-size: medium;\"><i><b>Sant Jordi 2025, un dia ple d\u2019activitats<\/b><\/i><\/span><\/span><\/span><\/span><\/p>\n<p align=\"justify\">El passat 23 d\u2019abril, el nostre centre va celebrar Sant Jordi amb una jornada plena d\u2019activitats educatives, culturals i l\u00fadiques, en qu\u00e8 alumnat, professorat i personal del centre van participar amb entusiasme.<\/p>\n<p>La jornada va comen\u00e7ar a les 9.00 h amb l\u2019entrada dels alumnes i l\u2019inici d\u2019un circuit de tallers que es va allargar fins a les 11.15 h. L\u2019alumnat de 1r de Batxillerat hi va col\u00b7laborar activament, tant dissenyant activitats com donant suport als docents durant el desenvolupament dels tallers.<\/p>\n<p>Les activitats es van repartir entre les aules i el pati, amb propostes variades com tallers creatius, una creaci\u00f3 de roses o punts de llibre i un teatre de princeses i dracs.<\/p>\n<p>La jornada va cloure amb l\u2019entrega de premis, que va recon\u00e8ixer la participaci\u00f3 i el talent dels alumnes en els diferents concursos de poesia, prosa i c\u00f2mic.<\/p>\n<p>A m\u00e9s, es va potenciar la cohesi\u00f3 entre tot l&#8217;institut amb l&#8217;activitat tradicional el partit de futbol entre alumnat i professorat.<\/p>\n<p>Aqu\u00ed podeu veure el videoresum de la jornada:<\/p>\n<p><a href=\"https:\/\/drive.google.com\/file\/d\/16dSfE5hp_MDu0rEMFcrkVJlM-L7q3Gga\/view?usp=sharing\" target=\"_blank\" rel=\"noopener\">V\u00eddeo Sant Jordi 2025<\/a><\/p>\n<p align=\"justify\">\n","protected":false},"excerpt":{"rendered":"<p>Sant Jordi 2025, un dia ple d\u2019activitats<br \/>\nEl passat 23 d\u2019abril, el nostre centre va celebrar Sant Jordi amb una jornada plena d\u2019activitats educatives, culturals i l\u00fadiques, en qu\u00e8 alumnat, professorat i personal del centre van participar amb entusiasme.<br \/>\nLa jornada va comen\u00e7ar a les 9.00 h&hellip;  <a href=\"https:\/\/agora.xtec.cat\/ins-sagulla\/general\/sant-jordi-2025\/\" title=\"Read Sant Jordi 2025\">Llegeix m\u00e9s\u00bb<\/a><\/p>\n","protected":false},"author":1,"featured_media":24922,"comment_status":"open","ping_status":"closed","sticky":false,"template":"","format":"standard","meta":{"_bbp_topic_count":0,"_bbp_reply_count":0,"_bbp_total_topic_count":0,"_bbp_total_reply_count":0,"_bbp_voice_count":0,"_bbp_anonymous_reply_count":0,"_bbp_topic_count_hidden":0,"_bbp_reply_count_hidden":0,"_bbp_forum_subforum_count":0,"footnotes":""},"categories":[337,338,8,3,4,5,6,7,322,1,29],"tags":[1281,131,38],"class_list":["post-24896","post","type-post","status-publish","format-standard","has-post-thumbnail","hentry","category-batx-1","category-batx-2","category-batxillerat","category-eso","category-eso-1","category-eso-2","category-eso-3","category-eso-4","category-fotos","category-general","category-portada","tag-curs-2024-2025","tag-eso","tag-sant-jordi"],"post_mailing_queue_ids":[],"_links":{"self":[{"href":"https:\/\/agora.xtec.cat\/ins-sagulla\/wp-json\/wp\/v2\/posts\/24896","targetHints":{"allow":["GET"]}}],"collection":[{"href":"https:\/\/agora.xtec.cat\/ins-sagulla\/wp-json\/wp\/v2\/posts"}],"about":[{"href":"https:\/\/agora.xtec.cat\/ins-sagulla\/wp-json\/wp\/v2\/types\/post"}],"author":[{"embeddable":true,"href":"https:\/\/agora.xtec.cat\/ins-sagulla\/wp-json\/wp\/v2\/users\/1"}],"replies":[{"embeddable":true,"href":"https:\/\/agora.xtec.cat\/ins-sagulla\/wp-json\/wp\/v2\/comments?post=24896"}],"version-history":[{"count":2,"href":"https:\/\/agora.xtec.cat\/ins-sagulla\/wp-json\/wp\/v2\/posts\/24896\/revisions"}],"predecessor-version":[{"id":24921,"href":"https:\/\/agora.xtec.cat\/ins-sagulla\/wp-json\/wp\/v2\/posts\/24896\/revisions\/24921"}],"wp:featuredmedia":[{"embeddable":true,"href":"https:\/\/agora.xtec.cat\/ins-sagulla\/wp-json\/wp\/v2\/media\/24922"}],"wp:attachment":[{"href":"https:\/\/agora.xtec.cat\/ins-sagulla\/wp-json\/wp\/v2\/media?parent=24896"}],"wp:term":[{"taxonomy":"category","embeddable":true,"href":"https:\/\/agora.xtec.cat\/ins-sagulla\/wp-json\/wp\/v2\/categories?post=24896"},{"taxonomy":"post_tag","embeddable":true,"href":"https:\/\/agora.xtec.cat\/ins-sagulla\/wp-json\/wp\/v2\/tags?post=24896"}],"curies":[{"name":"wp","href":"https:\/\/api.w.org\/{rel}","templated":true}]}}