{"id":24729,"date":"2025-03-17T18:39:39","date_gmt":"2025-03-17T17:39:39","guid":{"rendered":"https:\/\/agora.xtec.cat\/ins-sagulla\/?p=24729"},"modified":"2025-03-17T19:12:50","modified_gmt":"2025-03-17T18:12:50","slug":"actes-8m-dia-internacional-de-la-dona","status":"publish","type":"post","link":"https:\/\/agora.xtec.cat\/ins-sagulla\/general\/actes-8m-dia-internacional-de-la-dona\/","title":{"rendered":"Actes 8M &#8211; Dia Internacional de la dona"},"content":{"rendered":"<p>Al llarg d&#8217;aquestes setmanes hem estat part\u00edcips i protagonistes de diferents actes per commemorar el <span style=\"color: #800080;\">8M &#8211;<\/span> <span style=\"color: #800080;\">Dia Internacional de la dona<\/span>, posem nom a\u00a0la fortalesa i la resili\u00e8ncia de les dones que han marcat la nostra hist\u00f2ria i que continuen inspirant-nos cada dia.<\/p>\n<p class=\"my-0\">Al nostre centre educatiu, hem presenciat i participat en dues activitats molt especials a Blanes:<\/p>\n<p class=\"my-0\"><strong>El mon\u00f2leg &#8216;El viaje de Lilo&#8217;<\/strong>: Una emocionant representaci\u00f3 que ens ha transportat a trav\u00e9s de les hist\u00f2ries d&#8217;una on el seu rol com a dona est\u00e0 molt interioritzat i on tamb\u00e9 podem veure el seu canvi i progr\u00e9s.<\/p>\n<p><img loading=\"lazy\" decoding=\"async\" class=\"size-medium wp-image-24733 alignleft\" src=\"https:\/\/agora.xtec.cat\/ins-sagulla\/wp-content\/uploads\/usu2114\/2025\/03\/IMG_3287-300x188.jpg\" alt=\"\" width=\"300\" height=\"188\" srcset=\"https:\/\/agora.xtec.cat\/ins-sagulla\/wp-content\/uploads\/usu2114\/2025\/03\/IMG_3287-300x188.jpg 300w, https:\/\/agora.xtec.cat\/ins-sagulla\/wp-content\/uploads\/usu2114\/2025\/03\/IMG_3287-1024x643.jpg 1024w, https:\/\/agora.xtec.cat\/ins-sagulla\/wp-content\/uploads\/usu2114\/2025\/03\/IMG_3287-768x482.jpg 768w, https:\/\/agora.xtec.cat\/ins-sagulla\/wp-content\/uploads\/usu2114\/2025\/03\/IMG_3287.jpg 1179w\" sizes=\"auto, (max-width: 300px) 100vw, 300px\" \/><strong><a href=\"https:\/\/agora.xtec.cat\/ins-sagulla\/wp-content\/uploads\/usu2114\/2025\/03\/IMG_3285.jpg\"><img loading=\"lazy\" decoding=\"async\" class=\"wp-image-24735 alignleft\" src=\"https:\/\/agora.xtec.cat\/ins-sagulla\/wp-content\/uploads\/usu2114\/2025\/03\/IMG_3285-300x143.jpg\" alt=\"\" width=\"403\" height=\"192\" srcset=\"https:\/\/agora.xtec.cat\/ins-sagulla\/wp-content\/uploads\/usu2114\/2025\/03\/IMG_3285-300x143.jpg 300w, https:\/\/agora.xtec.cat\/ins-sagulla\/wp-content\/uploads\/usu2114\/2025\/03\/IMG_3285-1024x489.jpg 1024w, https:\/\/agora.xtec.cat\/ins-sagulla\/wp-content\/uploads\/usu2114\/2025\/03\/IMG_3285-768x367.jpg 768w, https:\/\/agora.xtec.cat\/ins-sagulla\/wp-content\/uploads\/usu2114\/2025\/03\/IMG_3285.jpg 1320w\" sizes=\"auto, (max-width: 403px) 100vw, 403px\" \/><\/a><\/strong><\/p>\n<p>&nbsp;<\/p>\n<p>&nbsp;<\/p>\n<p>&nbsp;<\/p>\n<p>&nbsp;<\/p>\n<p>&nbsp;<\/p>\n<p><img loading=\"lazy\" decoding=\"async\" class=\"alignleft wp-image-24736 size-medium\" src=\"https:\/\/agora.xtec.cat\/ins-sagulla\/wp-content\/uploads\/usu2114\/2025\/03\/IMG_3284-300x165.jpg\" alt=\"\" width=\"300\" height=\"165\" srcset=\"https:\/\/agora.xtec.cat\/ins-sagulla\/wp-content\/uploads\/usu2114\/2025\/03\/IMG_3284-300x165.jpg 300w, https:\/\/agora.xtec.cat\/ins-sagulla\/wp-content\/uploads\/usu2114\/2025\/03\/IMG_3284-1024x563.jpg 1024w, https:\/\/agora.xtec.cat\/ins-sagulla\/wp-content\/uploads\/usu2114\/2025\/03\/IMG_3284-768x422.jpg 768w, https:\/\/agora.xtec.cat\/ins-sagulla\/wp-content\/uploads\/usu2114\/2025\/03\/IMG_3284.jpg 1320w\" sizes=\"auto, (max-width: 300px) 100vw, 300px\" \/><\/p>\n<p><a href=\"https:\/\/agora.xtec.cat\/ins-sagulla\/wp-content\/uploads\/usu2114\/2025\/03\/IMG_3292.jpg\"><img loading=\"lazy\" decoding=\"async\" class=\"alignleft wp-image-24739 size-medium\" src=\"https:\/\/agora.xtec.cat\/ins-sagulla\/wp-content\/uploads\/usu2114\/2025\/03\/IMG_3292-300x191.jpg\" alt=\"\" width=\"300\" height=\"191\" srcset=\"https:\/\/agora.xtec.cat\/ins-sagulla\/wp-content\/uploads\/usu2114\/2025\/03\/IMG_3292-300x191.jpg 300w, https:\/\/agora.xtec.cat\/ins-sagulla\/wp-content\/uploads\/usu2114\/2025\/03\/IMG_3292-1024x653.jpg 1024w, https:\/\/agora.xtec.cat\/ins-sagulla\/wp-content\/uploads\/usu2114\/2025\/03\/IMG_3292-768x489.jpg 768w, https:\/\/agora.xtec.cat\/ins-sagulla\/wp-content\/uploads\/usu2114\/2025\/03\/IMG_3292.jpg 1216w\" sizes=\"auto, (max-width: 300px) 100vw, 300px\" \/><\/a><\/p>\n<p>&nbsp;<\/p>\n<p>&nbsp;<\/p>\n<p>&nbsp;<\/p>\n<p>&nbsp;<\/p>\n<p>&nbsp;<\/p>\n<p class=\"my-0\"><strong>La Taula d&#8217;experi\u00e8ncies &#8220;El llegat de les dones de Blanes&#8221;<\/strong>: Un espai per compartir i reflexionar sobre el llegat que les dones han deixat a la nostra comunitat, inspirant-nos a seguir treballant per la igualtat i l&#8217;empoderament femen\u00ed. Com a protagonistes Fina Ca\u00f1as, Montserrat Romera, Salvadora Garc\u00eda i J\u00falia Saura. Amb la col\u00b7laboraci\u00f3 de les nostres alumnes J\u00falia Mart\u00ednez, Ainhoa Poderoso i Carla Vernet. Amb l&#8217;assist\u00e8ncia de l&#8217;alumnat de 1r de TIS i 1r de TAPSD.<\/p>\n<p class=\"my-0\"><strong><a href=\"https:\/\/agora.xtec.cat\/ins-sagulla\/wp-content\/uploads\/usu2114\/2025\/03\/IMG_3290.jpg\"><img loading=\"lazy\" decoding=\"async\" class=\"alignleft size-medium wp-image-24730\" src=\"https:\/\/agora.xtec.cat\/ins-sagulla\/wp-content\/uploads\/usu2114\/2025\/03\/IMG_3290-300x191.jpg\" alt=\"\" width=\"300\" height=\"191\" srcset=\"https:\/\/agora.xtec.cat\/ins-sagulla\/wp-content\/uploads\/usu2114\/2025\/03\/IMG_3290-300x191.jpg 300w, https:\/\/agora.xtec.cat\/ins-sagulla\/wp-content\/uploads\/usu2114\/2025\/03\/IMG_3290-1024x650.jpg 1024w, https:\/\/agora.xtec.cat\/ins-sagulla\/wp-content\/uploads\/usu2114\/2025\/03\/IMG_3290-768x488.jpg 768w, https:\/\/agora.xtec.cat\/ins-sagulla\/wp-content\/uploads\/usu2114\/2025\/03\/IMG_3290.jpg 1140w\" sizes=\"auto, (max-width: 300px) 100vw, 300px\" \/><\/a> <a href=\"https:\/\/agora.xtec.cat\/ins-sagulla\/wp-content\/uploads\/usu2114\/2025\/03\/IMG_3289.jpg\"><img loading=\"lazy\" decoding=\"async\" class=\"alignleft size-medium wp-image-24731\" src=\"https:\/\/agora.xtec.cat\/ins-sagulla\/wp-content\/uploads\/usu2114\/2025\/03\/IMG_3289-300x195.jpg\" alt=\"\" width=\"300\" height=\"195\" srcset=\"https:\/\/agora.xtec.cat\/ins-sagulla\/wp-content\/uploads\/usu2114\/2025\/03\/IMG_3289-300x195.jpg 300w, https:\/\/agora.xtec.cat\/ins-sagulla\/wp-content\/uploads\/usu2114\/2025\/03\/IMG_3289-1024x666.jpg 1024w, https:\/\/agora.xtec.cat\/ins-sagulla\/wp-content\/uploads\/usu2114\/2025\/03\/IMG_3289-768x500.jpg 768w, https:\/\/agora.xtec.cat\/ins-sagulla\/wp-content\/uploads\/usu2114\/2025\/03\/IMG_3289.jpg 1096w\" sizes=\"auto, (max-width: 300px) 100vw, 300px\" \/><\/a> <a href=\"https:\/\/agora.xtec.cat\/ins-sagulla\/wp-content\/uploads\/usu2114\/2025\/03\/IMG_3288.jpg\"><img loading=\"lazy\" decoding=\"async\" class=\"alignleft size-medium wp-image-24732\" src=\"https:\/\/agora.xtec.cat\/ins-sagulla\/wp-content\/uploads\/usu2114\/2025\/03\/IMG_3288-300x145.jpg\" alt=\"\" width=\"300\" height=\"145\" srcset=\"https:\/\/agora.xtec.cat\/ins-sagulla\/wp-content\/uploads\/usu2114\/2025\/03\/IMG_3288-300x145.jpg 300w, https:\/\/agora.xtec.cat\/ins-sagulla\/wp-content\/uploads\/usu2114\/2025\/03\/IMG_3288-1024x493.jpg 1024w, https:\/\/agora.xtec.cat\/ins-sagulla\/wp-content\/uploads\/usu2114\/2025\/03\/IMG_3288-768x370.jpg 768w, https:\/\/agora.xtec.cat\/ins-sagulla\/wp-content\/uploads\/usu2114\/2025\/03\/IMG_3288.jpg 1320w\" sizes=\"auto, (max-width: 300px) 100vw, 300px\" \/><\/a><br \/>\n<\/strong><\/p>\n","protected":false},"excerpt":{"rendered":"<p>Al llarg d&#8217;aquestes setmanes hem estat part\u00edcips i protagonistes de diferents actes per commemorar el 8M &#8211; Dia Internacional de la dona, posem nom a\u00a0la fortalesa i la resili\u00e8ncia de les dones que han marcat la nostra hist\u00f2ria i que continuen inspirant-nos cada dia.<br \/>\nAl nostre&hellip;  <a href=\"https:\/\/agora.xtec.cat\/ins-sagulla\/general\/actes-8m-dia-internacional-de-la-dona\/\" title=\"Read Actes 8M &#8211; Dia Internacional de la dona\">Llegeix m\u00e9s\u00bb<\/a><\/p>\n","protected":false},"author":1,"featured_media":24731,"comment_status":"open","ping_status":"closed","sticky":false,"template":"","format":"standard","meta":{"_bbp_topic_count":0,"_bbp_reply_count":0,"_bbp_total_topic_count":0,"_bbp_total_reply_count":0,"_bbp_voice_count":0,"_bbp_anonymous_reply_count":0,"_bbp_topic_count_hidden":0,"_bbp_reply_count_hidden":0,"_bbp_forum_subforum_count":0,"footnotes":""},"categories":[30,1,29,335,336],"tags":[],"class_list":["post-24729","post","type-post","status-publish","format-standard","has-post-thumbnail","hentry","category-cicles-formatius","category-general","category-portada","category-sanitat","category-serveis-a-la-comunitat"],"post_mailing_queue_ids":[],"_links":{"self":[{"href":"https:\/\/agora.xtec.cat\/ins-sagulla\/wp-json\/wp\/v2\/posts\/24729","targetHints":{"allow":["GET"]}}],"collection":[{"href":"https:\/\/agora.xtec.cat\/ins-sagulla\/wp-json\/wp\/v2\/posts"}],"about":[{"href":"https:\/\/agora.xtec.cat\/ins-sagulla\/wp-json\/wp\/v2\/types\/post"}],"author":[{"embeddable":true,"href":"https:\/\/agora.xtec.cat\/ins-sagulla\/wp-json\/wp\/v2\/users\/1"}],"replies":[{"embeddable":true,"href":"https:\/\/agora.xtec.cat\/ins-sagulla\/wp-json\/wp\/v2\/comments?post=24729"}],"version-history":[{"count":4,"href":"https:\/\/agora.xtec.cat\/ins-sagulla\/wp-json\/wp\/v2\/posts\/24729\/revisions"}],"predecessor-version":[{"id":24741,"href":"https:\/\/agora.xtec.cat\/ins-sagulla\/wp-json\/wp\/v2\/posts\/24729\/revisions\/24741"}],"wp:featuredmedia":[{"embeddable":true,"href":"https:\/\/agora.xtec.cat\/ins-sagulla\/wp-json\/wp\/v2\/media\/24731"}],"wp:attachment":[{"href":"https:\/\/agora.xtec.cat\/ins-sagulla\/wp-json\/wp\/v2\/media?parent=24729"}],"wp:term":[{"taxonomy":"category","embeddable":true,"href":"https:\/\/agora.xtec.cat\/ins-sagulla\/wp-json\/wp\/v2\/categories?post=24729"},{"taxonomy":"post_tag","embeddable":true,"href":"https:\/\/agora.xtec.cat\/ins-sagulla\/wp-json\/wp\/v2\/tags?post=24729"}],"curies":[{"name":"wp","href":"https:\/\/api.w.org\/{rel}","templated":true}]}}