{"id":24712,"date":"2025-03-14T09:37:43","date_gmt":"2025-03-14T08:37:43","guid":{"rendered":"https:\/\/agora.xtec.cat\/ins-sagulla\/?p=24712"},"modified":"2025-03-28T11:15:13","modified_gmt":"2025-03-28T10:15:13","slug":"portes-obertes-batxillerat-2025","status":"publish","type":"post","link":"https:\/\/agora.xtec.cat\/ins-sagulla\/general\/portes-obertes-batxillerat-2025\/","title":{"rendered":"Portes Obertes Batxillerat 2025"},"content":{"rendered":"<p>El pr\u00f2xim dijous 27 de mar\u00e7 a les 17:30h es realitzaran les portes obertes de Batxillerat a l&#8217;Institut S&#8217;Agulla.<\/p>\n<p>Consistiran en una xerrada informativa a c\u00e0rrec del director del centre, Josep Hern\u00e1ndez i del coordinador de batxillerat, Guillermo P\u00e9rez. Posteriorment es far\u00e0 una visita guiada per les instal\u00b7lacions del centre.<\/p>\n<p>Per tal de controlar l&#8217;aforament, us agrair\u00edem que us registreu al formulari seg\u00fcent:<\/p>\n<p><a href=\"https:\/\/forms.gle\/d12eDqa7xfZ6rivZ8\">Formulari de registre<\/a><\/p>\n<p><a href=\"https:\/\/agora.xtec.cat\/ins-sagulla\/wp-content\/uploads\/usu2114\/2025\/03\/2.jpg\"><img loading=\"lazy\" decoding=\"async\" class=\"alignleft wp-image-24713\" src=\"https:\/\/agora.xtec.cat\/ins-sagulla\/wp-content\/uploads\/usu2114\/2025\/03\/2-724x1024.jpg\" alt=\"\" width=\"278\" height=\"393\" srcset=\"https:\/\/agora.xtec.cat\/ins-sagulla\/wp-content\/uploads\/usu2114\/2025\/03\/2-724x1024.jpg 724w, https:\/\/agora.xtec.cat\/ins-sagulla\/wp-content\/uploads\/usu2114\/2025\/03\/2-212x300.jpg 212w, https:\/\/agora.xtec.cat\/ins-sagulla\/wp-content\/uploads\/usu2114\/2025\/03\/2-768x1086.jpg 768w, https:\/\/agora.xtec.cat\/ins-sagulla\/wp-content\/uploads\/usu2114\/2025\/03\/2-1086x1536.jpg 1086w, https:\/\/agora.xtec.cat\/ins-sagulla\/wp-content\/uploads\/usu2114\/2025\/03\/2-1448x2048.jpg 1448w, https:\/\/agora.xtec.cat\/ins-sagulla\/wp-content\/uploads\/usu2114\/2025\/03\/2.jpg 1587w\" sizes=\"auto, (max-width: 278px) 100vw, 278px\" \/><\/a><\/p>\n","protected":false},"excerpt":{"rendered":"<p>El pr\u00f2xim dijous 27 de mar\u00e7 a les 17:30h es realitzaran les portes obertes de Batxillerat a l&#8217;Institut S&#8217;Agulla.<br \/>\nConsistiran en una xerrada informativa a c\u00e0rrec del director del centre, Josep Hern\u00e1ndez i del coordinador de batxillerat, Guillermo P\u00e9rez. Posteriorment es far\u00e0 una visita guiada per&hellip;  <a href=\"https:\/\/agora.xtec.cat\/ins-sagulla\/general\/portes-obertes-batxillerat-2025\/\" title=\"Read Portes Obertes Batxillerat 2025\">Llegeix m\u00e9s\u00bb<\/a><\/p>\n","protected":false},"author":1,"featured_media":24713,"comment_status":"open","ping_status":"closed","sticky":false,"template":"","format":"standard","meta":{"_bbp_topic_count":0,"_bbp_reply_count":0,"_bbp_total_topic_count":0,"_bbp_total_reply_count":0,"_bbp_voice_count":0,"_bbp_anonymous_reply_count":0,"_bbp_topic_count_hidden":0,"_bbp_reply_count_hidden":0,"_bbp_forum_subforum_count":0,"footnotes":""},"categories":[337,8,7,1,29],"tags":[],"class_list":["post-24712","post","type-post","status-publish","format-standard","has-post-thumbnail","hentry","category-batx-1","category-batxillerat","category-eso-4","category-general","category-portada"],"post_mailing_queue_ids":[],"_links":{"self":[{"href":"https:\/\/agora.xtec.cat\/ins-sagulla\/wp-json\/wp\/v2\/posts\/24712","targetHints":{"allow":["GET"]}}],"collection":[{"href":"https:\/\/agora.xtec.cat\/ins-sagulla\/wp-json\/wp\/v2\/posts"}],"about":[{"href":"https:\/\/agora.xtec.cat\/ins-sagulla\/wp-json\/wp\/v2\/types\/post"}],"author":[{"embeddable":true,"href":"https:\/\/agora.xtec.cat\/ins-sagulla\/wp-json\/wp\/v2\/users\/1"}],"replies":[{"embeddable":true,"href":"https:\/\/agora.xtec.cat\/ins-sagulla\/wp-json\/wp\/v2\/comments?post=24712"}],"version-history":[{"count":2,"href":"https:\/\/agora.xtec.cat\/ins-sagulla\/wp-json\/wp\/v2\/posts\/24712\/revisions"}],"predecessor-version":[{"id":24724,"href":"https:\/\/agora.xtec.cat\/ins-sagulla\/wp-json\/wp\/v2\/posts\/24712\/revisions\/24724"}],"wp:featuredmedia":[{"embeddable":true,"href":"https:\/\/agora.xtec.cat\/ins-sagulla\/wp-json\/wp\/v2\/media\/24713"}],"wp:attachment":[{"href":"https:\/\/agora.xtec.cat\/ins-sagulla\/wp-json\/wp\/v2\/media?parent=24712"}],"wp:term":[{"taxonomy":"category","embeddable":true,"href":"https:\/\/agora.xtec.cat\/ins-sagulla\/wp-json\/wp\/v2\/categories?post=24712"},{"taxonomy":"post_tag","embeddable":true,"href":"https:\/\/agora.xtec.cat\/ins-sagulla\/wp-json\/wp\/v2\/tags?post=24712"}],"curies":[{"name":"wp","href":"https:\/\/api.w.org\/{rel}","templated":true}]}}