{"id":2471,"date":"2021-03-16T12:34:29","date_gmt":"2021-03-16T11:34:29","guid":{"rendered":"https:\/\/agora.xtec.cat\/ins-sagulla\/?p=2471"},"modified":"2021-03-16T20:20:10","modified_gmt":"2021-03-16T19:20:10","slug":"canvi-denominacio-afa-associacio-de-families-dalumnes","status":"publish","type":"post","link":"https:\/\/agora.xtec.cat\/ins-sagulla\/portada\/canvi-denominacio-afa-associacio-de-families-dalumnes\/","title":{"rendered":"Per l&#8217;escola inclusiva, Associaci\u00f3 de Fam\u00edlies d&#8217;Alumnes (AFA)"},"content":{"rendered":"<p><a href=\"https:\/\/agora.xtec.cat\/ins-sagulla\/wp-content\/uploads\/usu2114\/2021\/03\/AMAPA-AFA.png\"><img loading=\"lazy\" decoding=\"async\" class=\"wp-image-2485 alignleft\" src=\"https:\/\/agora.xtec.cat\/ins-sagulla\/wp-content\/uploads\/usu2114\/2021\/03\/AMAPA-AFA-1024x576.png\" alt=\"\" width=\"378\" height=\"213\" srcset=\"https:\/\/agora.xtec.cat\/ins-sagulla\/wp-content\/uploads\/usu2114\/2021\/03\/AMAPA-AFA-1024x576.png 1024w, https:\/\/agora.xtec.cat\/ins-sagulla\/wp-content\/uploads\/usu2114\/2021\/03\/AMAPA-AFA-300x169.png 300w, https:\/\/agora.xtec.cat\/ins-sagulla\/wp-content\/uploads\/usu2114\/2021\/03\/AMAPA-AFA-768x432.png 768w, https:\/\/agora.xtec.cat\/ins-sagulla\/wp-content\/uploads\/usu2114\/2021\/03\/AMAPA-AFA.png 2048w\" sizes=\"auto, (max-width: 378px) 100vw, 378px\" \/><\/a>A l&#8217;institut convivim amb tipologies de fam\u00edlies molt diferents i aquesta difer\u00e8ncia ens fa enriquir a tothom: alumnat, fam\u00edlies, equip educatiu, comunitat educativa en general.<\/p>\n<p>Creiem que \u00e9s important que totes les fam\u00edlies que en formen part se sentin part del centre i quina millor manera que cuidar la utilitzaci\u00f3 de la paraula o de conceptes que tenim molt arrelats i que, a vegades, necessiten d&#8217;una petita reflexi\u00f3 per poder fer un canvi de mentalitat i de visi\u00f3.<\/p>\n<p>Per continuar en la nostra l\u00ednia de foment de l&#8217;escola inclusiva, tamb\u00e9 en l&#8217;\u00fas del llenguatge, apostem pel canvi de denominaci\u00f3, <strong>Associaci\u00f3 de Fam\u00edlies d&#8217;Alumnes (AFA)<\/strong>.<\/p>\n","protected":false},"excerpt":{"rendered":"<p><a href=\"https:\/\/agora.xtec.cat\/ins-sagulla\/wp-content\/uploads\/usu2114\/2021\/03\/AMAPA-AFA.png\"><\/a>A l&#8217;institut convivim amb tipologies de fam\u00edlies molt diferents i aquesta difer\u00e8ncia ens fa enriquir a tothom: alumnat, fam\u00edlies, equip educatiu, comunitat educativa en general.<br \/>\nCreiem que \u00e9s important que totes les fam\u00edlies que en formen part se sentin part del centre i quina millor&hellip;  <a href=\"https:\/\/agora.xtec.cat\/ins-sagulla\/portada\/canvi-denominacio-afa-associacio-de-families-dalumnes\/\" title=\"Read Per l&#8217;escola inclusiva, Associaci\u00f3 de Fam\u00edlies d&#8217;Alumnes (AFA)\">Llegeix m\u00e9s\u00bb<\/a><\/p>\n","protected":false},"author":113,"featured_media":2485,"comment_status":"closed","ping_status":"closed","sticky":false,"template":"","format":"standard","meta":{"_bbp_topic_count":0,"_bbp_reply_count":0,"_bbp_total_topic_count":0,"_bbp_total_reply_count":0,"_bbp_voice_count":0,"_bbp_anonymous_reply_count":0,"_bbp_topic_count_hidden":0,"_bbp_reply_count_hidden":0,"_bbp_forum_subforum_count":0,"footnotes":""},"categories":[362,29],"tags":[360,189,471,473,472],"class_list":["post-2471","post","type-post","status-publish","format-standard","has-post-thumbnail","hentry","category-afa","category-portada","tag-afa","tag-ampa","tag-escola-inclusiva","tag-familia","tag-inclusiu"],"post_mailing_queue_ids":[],"_links":{"self":[{"href":"https:\/\/agora.xtec.cat\/ins-sagulla\/wp-json\/wp\/v2\/posts\/2471","targetHints":{"allow":["GET"]}}],"collection":[{"href":"https:\/\/agora.xtec.cat\/ins-sagulla\/wp-json\/wp\/v2\/posts"}],"about":[{"href":"https:\/\/agora.xtec.cat\/ins-sagulla\/wp-json\/wp\/v2\/types\/post"}],"author":[{"embeddable":true,"href":"https:\/\/agora.xtec.cat\/ins-sagulla\/wp-json\/wp\/v2\/users\/113"}],"replies":[{"embeddable":true,"href":"https:\/\/agora.xtec.cat\/ins-sagulla\/wp-json\/wp\/v2\/comments?post=2471"}],"version-history":[{"count":3,"href":"https:\/\/agora.xtec.cat\/ins-sagulla\/wp-json\/wp\/v2\/posts\/2471\/revisions"}],"predecessor-version":[{"id":2498,"href":"https:\/\/agora.xtec.cat\/ins-sagulla\/wp-json\/wp\/v2\/posts\/2471\/revisions\/2498"}],"wp:featuredmedia":[{"embeddable":true,"href":"https:\/\/agora.xtec.cat\/ins-sagulla\/wp-json\/wp\/v2\/media\/2485"}],"wp:attachment":[{"href":"https:\/\/agora.xtec.cat\/ins-sagulla\/wp-json\/wp\/v2\/media?parent=2471"}],"wp:term":[{"taxonomy":"category","embeddable":true,"href":"https:\/\/agora.xtec.cat\/ins-sagulla\/wp-json\/wp\/v2\/categories?post=2471"},{"taxonomy":"post_tag","embeddable":true,"href":"https:\/\/agora.xtec.cat\/ins-sagulla\/wp-json\/wp\/v2\/tags?post=2471"}],"curies":[{"name":"wp","href":"https:\/\/api.w.org\/{rel}","templated":true}]}}