{"id":24664,"date":"2025-03-05T19:50:10","date_gmt":"2025-03-05T18:50:10","guid":{"rendered":"https:\/\/agora.xtec.cat\/ins-sagulla\/?p=24664"},"modified":"2025-03-05T19:50:30","modified_gmt":"2025-03-05T18:50:30","slug":"linstitut-sagulla-rep-una-subvencio-daula-ateca","status":"publish","type":"post","link":"https:\/\/agora.xtec.cat\/ins-sagulla\/general\/linstitut-sagulla-rep-una-subvencio-daula-ateca\/","title":{"rendered":"L&#8217;Institut S\u2019Agulla rep una subvenci\u00f3 d\u2019Aula Ateca"},"content":{"rendered":"<p>L&#8217;Institut S\u2019Agulla ha participat en una convocat\u00f2ria de subvencions i ha aconseguit finan\u00e7ament per la Conversi\u00f3 d\u2019aules en espais de tecnologia aplicada en la formaci\u00f3 professional que beneficiaran l\u2019alumnat i la comunitat educativa.<a href=\"https:\/\/agora.xtec.cat\/ins-sagulla\/wp-content\/uploads\/usu2114\/2025\/03\/logo-publicacion.jpg\"><img loading=\"lazy\" decoding=\"async\" class=\"alignleft size-full wp-image-24665\" src=\"https:\/\/agora.xtec.cat\/ins-sagulla\/wp-content\/uploads\/usu2114\/2025\/03\/logo-publicacion.jpg\" alt=\"\" width=\"863\" height=\"509\" srcset=\"https:\/\/agora.xtec.cat\/ins-sagulla\/wp-content\/uploads\/usu2114\/2025\/03\/logo-publicacion.jpg 863w, https:\/\/agora.xtec.cat\/ins-sagulla\/wp-content\/uploads\/usu2114\/2025\/03\/logo-publicacion-300x177.jpg 300w, https:\/\/agora.xtec.cat\/ins-sagulla\/wp-content\/uploads\/usu2114\/2025\/03\/logo-publicacion-768x453.jpg 768w\" sizes=\"auto, (max-width: 863px) 100vw, 863px\" \/><\/a><\/p>\n","protected":false},"excerpt":{"rendered":"<p>L&#8217;Institut S\u2019Agulla ha participat en una convocat\u00f2ria de subvencions i ha aconseguit finan\u00e7ament per la Conversi\u00f3 d\u2019aules en espais de tecnologia aplicada en la formaci\u00f3 professional que beneficiaran l\u2019alumnat i la comunitat educativa.<a href=\"https:\/\/agora.xtec.cat\/ins-sagulla\/wp-content\/uploads\/usu2114\/2025\/03\/logo-publicacion.jpg\"><\/a><\/p>\n","protected":false},"author":1,"featured_media":24665,"comment_status":"open","ping_status":"closed","sticky":false,"template":"","format":"standard","meta":{"_bbp_topic_count":0,"_bbp_reply_count":0,"_bbp_total_topic_count":0,"_bbp_total_reply_count":0,"_bbp_voice_count":0,"_bbp_anonymous_reply_count":0,"_bbp_topic_count_hidden":0,"_bbp_reply_count_hidden":0,"_bbp_forum_subforum_count":0,"footnotes":""},"categories":[30,1203,322,1,213,214,29,335,336],"tags":[],"class_list":["post-24664","post","type-post","status-publish","format-standard","has-post-thumbnail","hentry","category-cicles-formatius","category-formacio","category-fotos","category-general","category-grau-mitja","category-grau-superior","category-portada","category-sanitat","category-serveis-a-la-comunitat"],"post_mailing_queue_ids":[],"_links":{"self":[{"href":"https:\/\/agora.xtec.cat\/ins-sagulla\/wp-json\/wp\/v2\/posts\/24664","targetHints":{"allow":["GET"]}}],"collection":[{"href":"https:\/\/agora.xtec.cat\/ins-sagulla\/wp-json\/wp\/v2\/posts"}],"about":[{"href":"https:\/\/agora.xtec.cat\/ins-sagulla\/wp-json\/wp\/v2\/types\/post"}],"author":[{"embeddable":true,"href":"https:\/\/agora.xtec.cat\/ins-sagulla\/wp-json\/wp\/v2\/users\/1"}],"replies":[{"embeddable":true,"href":"https:\/\/agora.xtec.cat\/ins-sagulla\/wp-json\/wp\/v2\/comments?post=24664"}],"version-history":[{"count":1,"href":"https:\/\/agora.xtec.cat\/ins-sagulla\/wp-json\/wp\/v2\/posts\/24664\/revisions"}],"predecessor-version":[{"id":24666,"href":"https:\/\/agora.xtec.cat\/ins-sagulla\/wp-json\/wp\/v2\/posts\/24664\/revisions\/24666"}],"wp:featuredmedia":[{"embeddable":true,"href":"https:\/\/agora.xtec.cat\/ins-sagulla\/wp-json\/wp\/v2\/media\/24665"}],"wp:attachment":[{"href":"https:\/\/agora.xtec.cat\/ins-sagulla\/wp-json\/wp\/v2\/media?parent=24664"}],"wp:term":[{"taxonomy":"category","embeddable":true,"href":"https:\/\/agora.xtec.cat\/ins-sagulla\/wp-json\/wp\/v2\/categories?post=24664"},{"taxonomy":"post_tag","embeddable":true,"href":"https:\/\/agora.xtec.cat\/ins-sagulla\/wp-json\/wp\/v2\/tags?post=24664"}],"curies":[{"name":"wp","href":"https:\/\/api.w.org\/{rel}","templated":true}]}}