{"id":24576,"date":"2025-02-13T08:51:55","date_gmt":"2025-02-13T07:51:55","guid":{"rendered":"https:\/\/agora.xtec.cat\/ins-sagulla\/?p=24576"},"modified":"2025-03-19T17:07:11","modified_gmt":"2025-03-19T16:07:11","slug":"xerrada-deduardo-mateos-a-1r-de-batxillerat","status":"publish","type":"post","link":"https:\/\/agora.xtec.cat\/ins-sagulla\/general\/xerrada-deduardo-mateos-a-1r-de-batxillerat\/","title":{"rendered":"Xerrada d&#8217;Eduardo Mateos a 1r de Batxillerat"},"content":{"rendered":"<p><span style=\"font-weight: 400;\">Eduardo Mateos, doctor en Ci\u00e8ncies Biol\u00f2giques per la Universitat de Barcelona, responsable de recol\u00b7lecci\u00f3 i conservaci\u00f3 de zoologia i professor associat del Departament de Biologia Evolutiva, Ecologia i Ci\u00e8ncies Ambientals (Facultat de Biologia, Universitat de Barcelona) ha vingut a l\u2019Institut s\u2019Agulla a fer una xerrada titulada \u201cLa vida sota els nostres peus\u201d pels alumnes de 1r de Batxillerat que cursen la mat\u00e8ria de Biologia.<\/span><\/p>\n<p><span style=\"font-weight: 400;\">Mateos, ha explicat que el s\u00f2l \u00e9s la llar d\u2019una gran quantitat i diversitat d\u2019organismes que es relacionen en complexes xarxes tr\u00f2fiques. Els animals tenen un paper clau en aquestes xarxes i es poden agrupar en tres gremis principals: els \u00abmicropredadors\u00bb, que s\u00f3n els m\u00e9s petits i controlen les comunitats de microorganismes; els \u00abtransformadors de la fullaraca\u00bb, que fragmenten la mat\u00e8ria org\u00e0nica i en faciliten la descomposici\u00f3; i els \u00abenginyers de l\u2019ecosistema\u00bb, que s\u00f3n els animals m\u00e9s grans i col\u00b7laboren en el manteniment de les propietats f\u00edsiques i qu\u00edmiques del s\u00f2l mitjan\u00e7ant les seves activitats mec\u00e0niques i qu\u00edmiques. La gran diversitat d\u2019esp\u00e8cies i la redund\u00e0ncia funcional dels organismes que habiten al s\u00f2l representen una asseguran\u00e7a que permet a l\u2019ecosistema resistir les pertorbacions.\u00a0<\/span><\/p>\n<p><span style=\"font-weight: 400;\">L\u2019alumnat ha valorat molt positivament aquesta sessi\u00f3 pel fet que la majoria desconeixien la import\u00e0ncia que tenen tots aquests organismes en el s\u00f2l.<\/span><\/p>\n<p><a href=\"https:\/\/agora.xtec.cat\/ins-sagulla\/wp-content\/uploads\/usu2114\/2025\/02\/IMG_20250117_120936.jpg\"><img loading=\"lazy\" decoding=\"async\" class=\"alignleft size-medium wp-image-24577\" src=\"https:\/\/agora.xtec.cat\/ins-sagulla\/wp-content\/uploads\/usu2114\/2025\/02\/IMG_20250117_120936-300x226.jpg\" alt=\"\" width=\"300\" height=\"226\" srcset=\"https:\/\/agora.xtec.cat\/ins-sagulla\/wp-content\/uploads\/usu2114\/2025\/02\/IMG_20250117_120936-300x226.jpg 300w, https:\/\/agora.xtec.cat\/ins-sagulla\/wp-content\/uploads\/usu2114\/2025\/02\/IMG_20250117_120936-768x578.jpg 768w, https:\/\/agora.xtec.cat\/ins-sagulla\/wp-content\/uploads\/usu2114\/2025\/02\/IMG_20250117_120936-200x150.jpg 200w, https:\/\/agora.xtec.cat\/ins-sagulla\/wp-content\/uploads\/usu2114\/2025\/02\/IMG_20250117_120936.jpg 1000w\" sizes=\"auto, (max-width: 300px) 100vw, 300px\" \/><\/a><\/p>\n","protected":false},"excerpt":{"rendered":"<p>Eduardo Mateos, doctor en Ci\u00e8ncies Biol\u00f2giques per la Universitat de Barcelona, responsable de recol\u00b7lecci\u00f3 i conservaci\u00f3 de zoologia i professor associat del Departament de Biologia Evolutiva, Ecologia i Ci\u00e8ncies Ambientals (Facultat de Biologia, Universitat de Barcelona) ha vingut a l\u2019Institut s\u2019Agulla a fer una xerrada&hellip;  <a href=\"https:\/\/agora.xtec.cat\/ins-sagulla\/general\/xerrada-deduardo-mateos-a-1r-de-batxillerat\/\" title=\"Read Xerrada d&#8217;Eduardo Mateos a 1r de Batxillerat\">Llegeix m\u00e9s\u00bb<\/a><\/p>\n","protected":false},"author":1,"featured_media":0,"comment_status":"open","ping_status":"closed","sticky":false,"template":"","format":"standard","meta":{"_bbp_topic_count":0,"_bbp_reply_count":0,"_bbp_total_topic_count":0,"_bbp_total_reply_count":0,"_bbp_voice_count":0,"_bbp_anonymous_reply_count":0,"_bbp_topic_count_hidden":0,"_bbp_reply_count_hidden":0,"_bbp_forum_subforum_count":0,"footnotes":""},"categories":[337,8,1,29],"tags":[143,1281,475],"class_list":["post-24576","post","type-post","status-publish","format-standard","hentry","category-batx-1","category-batxillerat","category-general","category-portada","tag-batxillerat","tag-curs-2024-2025","tag-xerrada"],"post_mailing_queue_ids":[],"_links":{"self":[{"href":"https:\/\/agora.xtec.cat\/ins-sagulla\/wp-json\/wp\/v2\/posts\/24576","targetHints":{"allow":["GET"]}}],"collection":[{"href":"https:\/\/agora.xtec.cat\/ins-sagulla\/wp-json\/wp\/v2\/posts"}],"about":[{"href":"https:\/\/agora.xtec.cat\/ins-sagulla\/wp-json\/wp\/v2\/types\/post"}],"author":[{"embeddable":true,"href":"https:\/\/agora.xtec.cat\/ins-sagulla\/wp-json\/wp\/v2\/users\/1"}],"replies":[{"embeddable":true,"href":"https:\/\/agora.xtec.cat\/ins-sagulla\/wp-json\/wp\/v2\/comments?post=24576"}],"version-history":[{"count":1,"href":"https:\/\/agora.xtec.cat\/ins-sagulla\/wp-json\/wp\/v2\/posts\/24576\/revisions"}],"predecessor-version":[{"id":24578,"href":"https:\/\/agora.xtec.cat\/ins-sagulla\/wp-json\/wp\/v2\/posts\/24576\/revisions\/24578"}],"wp:attachment":[{"href":"https:\/\/agora.xtec.cat\/ins-sagulla\/wp-json\/wp\/v2\/media?parent=24576"}],"wp:term":[{"taxonomy":"category","embeddable":true,"href":"https:\/\/agora.xtec.cat\/ins-sagulla\/wp-json\/wp\/v2\/categories?post=24576"},{"taxonomy":"post_tag","embeddable":true,"href":"https:\/\/agora.xtec.cat\/ins-sagulla\/wp-json\/wp\/v2\/tags?post=24576"}],"curies":[{"name":"wp","href":"https:\/\/api.w.org\/{rel}","templated":true}]}}