{"id":24572,"date":"2025-02-13T08:45:37","date_gmt":"2025-02-13T07:45:37","guid":{"rendered":"https:\/\/agora.xtec.cat\/ins-sagulla\/?p=24572"},"modified":"2025-02-13T08:45:37","modified_gmt":"2025-02-13T07:45:37","slug":"viia-jornada-de-delegats-de-la-selva","status":"publish","type":"post","link":"https:\/\/agora.xtec.cat\/ins-sagulla\/general\/viia-jornada-de-delegats-de-la-selva\/","title":{"rendered":"VIIa Jornada de Delegats de la Selva"},"content":{"rendered":"<p>Un grup d\u2019alumnes de 2n d\u2019ESO, en qualitat de delegats i subdelegats de les seves classes, va participar el passat dimarts 11 de febrer en la <strong data-start=\"144\" data-end=\"197\">VIIa Jornada de Delegats\/des de Segon de la Selva<\/strong>, celebrada a Vidreres. Aquesta trobada va oferir-los l\u2019oportunitat de compartir experi\u00e8ncies amb joves d\u2019altres centres i reflexionar sobre el seu rol com a representants dels companys. Al llarg del mat\u00ed, van dur a terme din\u00e0miques i activitats formatives per millorar les seves habilitats de comunicaci\u00f3 i lideratge. Sense dubte, va ser una experi\u00e8ncia enriquidora i motivadora, que van gaudir plenament.<\/p>\n<p><a href=\"https:\/\/agora.xtec.cat\/ins-sagulla\/wp-content\/uploads\/usu2114\/2025\/02\/IMG_9686.jpg\"><img loading=\"lazy\" decoding=\"async\" class=\"alignleft size-medium wp-image-24573\" src=\"https:\/\/agora.xtec.cat\/ins-sagulla\/wp-content\/uploads\/usu2114\/2025\/02\/IMG_9686-300x200.jpg\" alt=\"\" width=\"300\" height=\"200\" srcset=\"https:\/\/agora.xtec.cat\/ins-sagulla\/wp-content\/uploads\/usu2114\/2025\/02\/IMG_9686-300x200.jpg 300w, https:\/\/agora.xtec.cat\/ins-sagulla\/wp-content\/uploads\/usu2114\/2025\/02\/IMG_9686-768x512.jpg 768w, https:\/\/agora.xtec.cat\/ins-sagulla\/wp-content\/uploads\/usu2114\/2025\/02\/IMG_9686.jpg 1000w\" sizes=\"auto, (max-width: 300px) 100vw, 300px\" \/><\/a> <a href=\"https:\/\/agora.xtec.cat\/ins-sagulla\/wp-content\/uploads\/usu2114\/2025\/02\/IMG_0055.jpg\"><img loading=\"lazy\" decoding=\"async\" class=\"alignleft size-medium wp-image-24574\" src=\"https:\/\/agora.xtec.cat\/ins-sagulla\/wp-content\/uploads\/usu2114\/2025\/02\/IMG_0055-300x200.jpg\" alt=\"\" width=\"300\" height=\"200\" srcset=\"https:\/\/agora.xtec.cat\/ins-sagulla\/wp-content\/uploads\/usu2114\/2025\/02\/IMG_0055-300x200.jpg 300w, https:\/\/agora.xtec.cat\/ins-sagulla\/wp-content\/uploads\/usu2114\/2025\/02\/IMG_0055-768x512.jpg 768w, https:\/\/agora.xtec.cat\/ins-sagulla\/wp-content\/uploads\/usu2114\/2025\/02\/IMG_0055.jpg 1000w\" sizes=\"auto, (max-width: 300px) 100vw, 300px\" \/><\/a><\/p>\n","protected":false},"excerpt":{"rendered":"<p>Un grup d\u2019alumnes de 2n d\u2019ESO, en qualitat de delegats i subdelegats de les seves classes, va participar el passat dimarts 11 de febrer en la VIIa Jornada de Delegats\/des de Segon de la Selva, celebrada a Vidreres. Aquesta trobada va oferir-los l\u2019oportunitat de compartir&hellip;  <a href=\"https:\/\/agora.xtec.cat\/ins-sagulla\/general\/viia-jornada-de-delegats-de-la-selva\/\" title=\"Read VIIa Jornada de Delegats de la Selva\">Llegeix m\u00e9s\u00bb<\/a><\/p>\n","protected":false},"author":1,"featured_media":24574,"comment_status":"open","ping_status":"closed","sticky":false,"template":"","format":"standard","meta":{"_bbp_topic_count":0,"_bbp_reply_count":0,"_bbp_total_topic_count":0,"_bbp_total_reply_count":0,"_bbp_voice_count":0,"_bbp_anonymous_reply_count":0,"_bbp_topic_count_hidden":0,"_bbp_reply_count_hidden":0,"_bbp_forum_subforum_count":0,"footnotes":""},"categories":[3,5,1,29],"tags":[253,387,1281,1284,131],"class_list":["post-24572","post","type-post","status-publish","format-standard","has-post-thumbnail","hentry","category-eso","category-eso-2","category-general","category-portada","tag-blanes","tag-cohesio-de-grup","tag-curs-2024-2025","tag-delegats","tag-eso"],"post_mailing_queue_ids":[],"_links":{"self":[{"href":"https:\/\/agora.xtec.cat\/ins-sagulla\/wp-json\/wp\/v2\/posts\/24572","targetHints":{"allow":["GET"]}}],"collection":[{"href":"https:\/\/agora.xtec.cat\/ins-sagulla\/wp-json\/wp\/v2\/posts"}],"about":[{"href":"https:\/\/agora.xtec.cat\/ins-sagulla\/wp-json\/wp\/v2\/types\/post"}],"author":[{"embeddable":true,"href":"https:\/\/agora.xtec.cat\/ins-sagulla\/wp-json\/wp\/v2\/users\/1"}],"replies":[{"embeddable":true,"href":"https:\/\/agora.xtec.cat\/ins-sagulla\/wp-json\/wp\/v2\/comments?post=24572"}],"version-history":[{"count":1,"href":"https:\/\/agora.xtec.cat\/ins-sagulla\/wp-json\/wp\/v2\/posts\/24572\/revisions"}],"predecessor-version":[{"id":24575,"href":"https:\/\/agora.xtec.cat\/ins-sagulla\/wp-json\/wp\/v2\/posts\/24572\/revisions\/24575"}],"wp:featuredmedia":[{"embeddable":true,"href":"https:\/\/agora.xtec.cat\/ins-sagulla\/wp-json\/wp\/v2\/media\/24574"}],"wp:attachment":[{"href":"https:\/\/agora.xtec.cat\/ins-sagulla\/wp-json\/wp\/v2\/media?parent=24572"}],"wp:term":[{"taxonomy":"category","embeddable":true,"href":"https:\/\/agora.xtec.cat\/ins-sagulla\/wp-json\/wp\/v2\/categories?post=24572"},{"taxonomy":"post_tag","embeddable":true,"href":"https:\/\/agora.xtec.cat\/ins-sagulla\/wp-json\/wp\/v2\/tags?post=24572"}],"curies":[{"name":"wp","href":"https:\/\/api.w.org\/{rel}","templated":true}]}}