{"id":24559,"date":"2025-01-31T09:31:07","date_gmt":"2025-01-31T08:31:07","guid":{"rendered":"https:\/\/agora.xtec.cat\/ins-sagulla\/?p=24559"},"modified":"2025-03-19T17:07:30","modified_gmt":"2025-03-19T16:07:30","slug":"fes-me-pensar-25","status":"publish","type":"post","link":"https:\/\/agora.xtec.cat\/ins-sagulla\/general\/fes-me-pensar-25\/","title":{"rendered":"Fes-me pensar 2025"},"content":{"rendered":"<p data-pm-slice=\"1 1 []\"><strong>Fes-me Pensar 2025: fomentant el pensament filos\u00f2fic a trav\u00e9s de la fotografia<\/strong><\/p>\n<p>&#8220;Fes-me Pensar&#8221; \u00e9s una iniciativa dels tres instituts del poble que, inspirats en l&#8217;Olimp\u00edada de Filosofia de Catalunya, proposa a l&#8217;alumnat un repte filos\u00f2fic de caire fotogr\u00e0fic. L&#8217;objectiu del projecte \u00e9s fomentar el desenvolupament del pensament aut\u00f2nom, cr\u00edtic i creatiu a partir d&#8217;una q\u00fcesti\u00f3 filos\u00f2fica amb un enfocament contemporani.<\/p>\n<p>La proposta va dirigida a l&#8217;alumnat de 4t d&#8217;ESO i Batxillerat i consisteix en presentar una fotografia que ha d\u2019incloure una pregunta de car\u00e0cter filos\u00f2fic que estigui relacionada i interactu\u00ef amb la imatge. El repte \u00e9s de tem\u00e0tica oberta i vinculada al curr\u00edculum de cada etapa educativa. No obstant aix\u00f2, hi ha un \u00fanic condicionant pels treballs: la fotografia ha de connectar inequ\u00edvocament amb Blanes, ja sigui a trav\u00e9s de la imatge, de la pregunta o d\u2019ambdues.<\/p>\n<p>Un jurat determinar\u00e0 les deu fotografies seleccionades finalistes per a l&#8217;exposici\u00f3 p\u00fablica a la Biblioteca Comarcal de Blanes. Finalment, el concurs clour\u00e0 el 7 de mar\u00e7 de 2025, amb un esdeveniment on els autors i les autores de les diferents composicions faran una defensa oral del seu treball. Posteriorment, s&#8217;escollir\u00e0 la fotografia filos\u00f2fica guanyadora.<\/p>\n<p>La inauguraci\u00f3 de l\u2019edici\u00f3 d\u2019enguany, la 3a del concurs, ha sigut el 24 de gener de 2025 a la Biblioteca Comarcal de Blanes, amb la finalitat d\u2019impulsar la consci\u00e8ncia sobre la import\u00e0ncia de l\u2019educaci\u00f3 filos\u00f2fica en les persones.<\/p>\n<p>S\u2019Agulla, Serrallarga i Sa Palomera; bon treball i sort!<\/p>\n<p><a href=\"https:\/\/agora.xtec.cat\/ins-sagulla\/wp-content\/uploads\/usu2114\/2025\/01\/filo-6.jpg\"><img loading=\"lazy\" decoding=\"async\" class=\"alignleft wp-image-24560\" src=\"https:\/\/agora.xtec.cat\/ins-sagulla\/wp-content\/uploads\/usu2114\/2025\/01\/filo-6-212x300.jpg\" alt=\"\" width=\"311\" height=\"440\" srcset=\"https:\/\/agora.xtec.cat\/ins-sagulla\/wp-content\/uploads\/usu2114\/2025\/01\/filo-6-212x300.jpg 212w, https:\/\/agora.xtec.cat\/ins-sagulla\/wp-content\/uploads\/usu2114\/2025\/01\/filo-6-724x1024.jpg 724w, https:\/\/agora.xtec.cat\/ins-sagulla\/wp-content\/uploads\/usu2114\/2025\/01\/filo-6-768x1086.jpg 768w, https:\/\/agora.xtec.cat\/ins-sagulla\/wp-content\/uploads\/usu2114\/2025\/01\/filo-6-1086x1536.jpg 1086w, https:\/\/agora.xtec.cat\/ins-sagulla\/wp-content\/uploads\/usu2114\/2025\/01\/filo-6-1448x2048.jpg 1448w, https:\/\/agora.xtec.cat\/ins-sagulla\/wp-content\/uploads\/usu2114\/2025\/01\/filo-6.jpg 1587w\" sizes=\"auto, (max-width: 311px) 100vw, 311px\" \/><\/a> <a href=\"https:\/\/agora.xtec.cat\/ins-sagulla\/wp-content\/uploads\/usu2114\/2025\/01\/filo-4.jpg\"><img loading=\"lazy\" decoding=\"async\" class=\"alignleft size-medium wp-image-24561\" src=\"https:\/\/agora.xtec.cat\/ins-sagulla\/wp-content\/uploads\/usu2114\/2025\/01\/filo-4-300x233.jpg\" alt=\"\" width=\"300\" height=\"233\" srcset=\"https:\/\/agora.xtec.cat\/ins-sagulla\/wp-content\/uploads\/usu2114\/2025\/01\/filo-4-300x233.jpg 300w, https:\/\/agora.xtec.cat\/ins-sagulla\/wp-content\/uploads\/usu2114\/2025\/01\/filo-4.jpg 601w\" sizes=\"auto, (max-width: 300px) 100vw, 300px\" \/><\/a> <a href=\"https:\/\/agora.xtec.cat\/ins-sagulla\/wp-content\/uploads\/usu2114\/2025\/01\/filo.jpg\"><img loading=\"lazy\" decoding=\"async\" class=\"alignleft size-medium wp-image-24562\" src=\"https:\/\/agora.xtec.cat\/ins-sagulla\/wp-content\/uploads\/usu2114\/2025\/01\/filo-300x202.jpg\" alt=\"\" width=\"300\" height=\"202\" srcset=\"https:\/\/agora.xtec.cat\/ins-sagulla\/wp-content\/uploads\/usu2114\/2025\/01\/filo-300x202.jpg 300w, https:\/\/agora.xtec.cat\/ins-sagulla\/wp-content\/uploads\/usu2114\/2025\/01\/filo-1024x691.jpg 1024w, https:\/\/agora.xtec.cat\/ins-sagulla\/wp-content\/uploads\/usu2114\/2025\/01\/filo-768x518.jpg 768w, https:\/\/agora.xtec.cat\/ins-sagulla\/wp-content\/uploads\/usu2114\/2025\/01\/filo.jpg 1069w\" sizes=\"auto, (max-width: 300px) 100vw, 300px\" \/><\/a><\/p>\n","protected":false},"excerpt":{"rendered":"<p>Fes-me Pensar 2025: fomentant el pensament filos\u00f2fic a trav\u00e9s de la fotografia<br \/>\n&#8220;Fes-me Pensar&#8221; \u00e9s una iniciativa dels tres instituts del poble que, inspirats en l&#8217;Olimp\u00edada de Filosofia de Catalunya, proposa a l&#8217;alumnat un repte filos\u00f2fic de caire fotogr\u00e0fic. L&#8217;objectiu del projecte \u00e9s fomentar el desenvolupament&hellip;  <a href=\"https:\/\/agora.xtec.cat\/ins-sagulla\/general\/fes-me-pensar-25\/\" title=\"Read Fes-me pensar 2025\">Llegeix m\u00e9s\u00bb<\/a><\/p>\n","protected":false},"author":1,"featured_media":24560,"comment_status":"open","ping_status":"closed","sticky":false,"template":"","format":"standard","meta":{"_bbp_topic_count":0,"_bbp_reply_count":0,"_bbp_total_topic_count":0,"_bbp_total_reply_count":0,"_bbp_voice_count":0,"_bbp_anonymous_reply_count":0,"_bbp_topic_count_hidden":0,"_bbp_reply_count_hidden":0,"_bbp_forum_subforum_count":0,"footnotes":""},"categories":[337,8,3,1,29],"tags":[205,143,253,376,1281],"class_list":["post-24559","post","type-post","status-publish","format-standard","has-post-thumbnail","hentry","category-batx-1","category-batxillerat","category-eso","category-general","category-portada","tag-ajuntament-de-blanes","tag-batxillerat","tag-blanes","tag-creativitat","tag-curs-2024-2025"],"post_mailing_queue_ids":[],"_links":{"self":[{"href":"https:\/\/agora.xtec.cat\/ins-sagulla\/wp-json\/wp\/v2\/posts\/24559","targetHints":{"allow":["GET"]}}],"collection":[{"href":"https:\/\/agora.xtec.cat\/ins-sagulla\/wp-json\/wp\/v2\/posts"}],"about":[{"href":"https:\/\/agora.xtec.cat\/ins-sagulla\/wp-json\/wp\/v2\/types\/post"}],"author":[{"embeddable":true,"href":"https:\/\/agora.xtec.cat\/ins-sagulla\/wp-json\/wp\/v2\/users\/1"}],"replies":[{"embeddable":true,"href":"https:\/\/agora.xtec.cat\/ins-sagulla\/wp-json\/wp\/v2\/comments?post=24559"}],"version-history":[{"count":2,"href":"https:\/\/agora.xtec.cat\/ins-sagulla\/wp-json\/wp\/v2\/posts\/24559\/revisions"}],"predecessor-version":[{"id":24564,"href":"https:\/\/agora.xtec.cat\/ins-sagulla\/wp-json\/wp\/v2\/posts\/24559\/revisions\/24564"}],"wp:featuredmedia":[{"embeddable":true,"href":"https:\/\/agora.xtec.cat\/ins-sagulla\/wp-json\/wp\/v2\/media\/24560"}],"wp:attachment":[{"href":"https:\/\/agora.xtec.cat\/ins-sagulla\/wp-json\/wp\/v2\/media?parent=24559"}],"wp:term":[{"taxonomy":"category","embeddable":true,"href":"https:\/\/agora.xtec.cat\/ins-sagulla\/wp-json\/wp\/v2\/categories?post=24559"},{"taxonomy":"post_tag","embeddable":true,"href":"https:\/\/agora.xtec.cat\/ins-sagulla\/wp-json\/wp\/v2\/tags?post=24559"}],"curies":[{"name":"wp","href":"https:\/\/api.w.org\/{rel}","templated":true}]}}