{"id":24531,"date":"2025-01-10T20:01:19","date_gmt":"2025-01-10T19:01:19","guid":{"rendered":"https:\/\/agora.xtec.cat\/ins-sagulla\/?p=24531"},"modified":"2025-01-10T20:02:24","modified_gmt":"2025-01-10T19:02:24","slug":"voluntariat-al-barri-de-la-plantera","status":"publish","type":"post","link":"https:\/\/agora.xtec.cat\/ins-sagulla\/general\/voluntariat-al-barri-de-la-plantera\/","title":{"rendered":"L&#8217;alumnat de 1r de TAPSD fa voluntariat al barri de La Plantera"},"content":{"rendered":"<p>Les alumnes de 1er de TAPSD (Atenci\u00f3 a persones en situaci\u00f3 de depend\u00e8ncia), de l\u2019Institut S\u2019Agulla, han participat en un projecte de voluntariat al barri de la Plantera.<\/p>\n<div dir=\"auto\">L\u2019Associaci\u00f3 de ve\u00efns i ve\u00efnes d\u2019aquest barri es varen posar en contacte amb l\u2019institut per donar a con\u00e8ixer la dificultat que tenen a l\u2019hora de fer servir el dispositiu m\u00f2bil.<\/div>\n<div dir=\"auto\"><\/div>\n<div dir=\"auto\">En aquets cas, el projecte es va dur a terme en 5 sessions i durant els mesos de novembre i desembre.<\/div>\n<div dir=\"auto\"><\/div>\n<div dir=\"auto\">El contingut s\u2019ha basat en cobrir necessitats de les usu\u00e0ries i usuaris.<\/div>\n<div dir=\"auto\"><\/div>\n<div dir=\"auto\">Val a dir que ha estat un projecte molt enriquidor per ambdues parts.<\/div>\n<div dir=\"auto\"><\/div>\n<div dir=\"auto\">Gr\u00e0cies per ser-hi!<\/div>\n<div dir=\"auto\"><a href=\"https:\/\/agora.xtec.cat\/ins-sagulla\/wp-content\/uploads\/usu2114\/2025\/01\/IMG_0640.jpeg\"><img loading=\"lazy\" decoding=\"async\" class=\"alignleft size-large wp-image-24532\" src=\"https:\/\/agora.xtec.cat\/ins-sagulla\/wp-content\/uploads\/usu2114\/2025\/01\/IMG_0640-1024x768.jpeg\" alt=\"\" width=\"1024\" height=\"768\" srcset=\"https:\/\/agora.xtec.cat\/ins-sagulla\/wp-content\/uploads\/usu2114\/2025\/01\/IMG_0640-1024x768.jpeg 1024w, https:\/\/agora.xtec.cat\/ins-sagulla\/wp-content\/uploads\/usu2114\/2025\/01\/IMG_0640-300x225.jpeg 300w, https:\/\/agora.xtec.cat\/ins-sagulla\/wp-content\/uploads\/usu2114\/2025\/01\/IMG_0640-768x576.jpeg 768w, https:\/\/agora.xtec.cat\/ins-sagulla\/wp-content\/uploads\/usu2114\/2025\/01\/IMG_0640-1536x1152.jpeg 1536w, https:\/\/agora.xtec.cat\/ins-sagulla\/wp-content\/uploads\/usu2114\/2025\/01\/IMG_0640-200x150.jpeg 200w, https:\/\/agora.xtec.cat\/ins-sagulla\/wp-content\/uploads\/usu2114\/2025\/01\/IMG_0640.jpeg 2016w\" sizes=\"auto, (max-width: 1024px) 100vw, 1024px\" \/><\/a> <a href=\"https:\/\/agora.xtec.cat\/ins-sagulla\/wp-content\/uploads\/usu2114\/2025\/01\/IMG_0641.jpeg\"><img loading=\"lazy\" decoding=\"async\" class=\"alignleft size-large wp-image-24533\" src=\"https:\/\/agora.xtec.cat\/ins-sagulla\/wp-content\/uploads\/usu2114\/2025\/01\/IMG_0641-1024x768.jpeg\" alt=\"\" width=\"1024\" height=\"768\" srcset=\"https:\/\/agora.xtec.cat\/ins-sagulla\/wp-content\/uploads\/usu2114\/2025\/01\/IMG_0641-1024x768.jpeg 1024w, https:\/\/agora.xtec.cat\/ins-sagulla\/wp-content\/uploads\/usu2114\/2025\/01\/IMG_0641-300x225.jpeg 300w, https:\/\/agora.xtec.cat\/ins-sagulla\/wp-content\/uploads\/usu2114\/2025\/01\/IMG_0641-768x576.jpeg 768w, https:\/\/agora.xtec.cat\/ins-sagulla\/wp-content\/uploads\/usu2114\/2025\/01\/IMG_0641-1536x1152.jpeg 1536w, https:\/\/agora.xtec.cat\/ins-sagulla\/wp-content\/uploads\/usu2114\/2025\/01\/IMG_0641-200x150.jpeg 200w, https:\/\/agora.xtec.cat\/ins-sagulla\/wp-content\/uploads\/usu2114\/2025\/01\/IMG_0641.jpeg 2016w\" sizes=\"auto, (max-width: 1024px) 100vw, 1024px\" \/><\/a> <a href=\"https:\/\/agora.xtec.cat\/ins-sagulla\/wp-content\/uploads\/usu2114\/2025\/01\/IMG_0643.jpeg\"><img loading=\"lazy\" decoding=\"async\" class=\"alignleft size-large wp-image-24534\" src=\"https:\/\/agora.xtec.cat\/ins-sagulla\/wp-content\/uploads\/usu2114\/2025\/01\/IMG_0643-1024x768.jpeg\" alt=\"\" width=\"1024\" height=\"768\" srcset=\"https:\/\/agora.xtec.cat\/ins-sagulla\/wp-content\/uploads\/usu2114\/2025\/01\/IMG_0643-1024x768.jpeg 1024w, https:\/\/agora.xtec.cat\/ins-sagulla\/wp-content\/uploads\/usu2114\/2025\/01\/IMG_0643-300x225.jpeg 300w, https:\/\/agora.xtec.cat\/ins-sagulla\/wp-content\/uploads\/usu2114\/2025\/01\/IMG_0643-768x576.jpeg 768w, https:\/\/agora.xtec.cat\/ins-sagulla\/wp-content\/uploads\/usu2114\/2025\/01\/IMG_0643-1536x1152.jpeg 1536w, https:\/\/agora.xtec.cat\/ins-sagulla\/wp-content\/uploads\/usu2114\/2025\/01\/IMG_0643-200x150.jpeg 200w, https:\/\/agora.xtec.cat\/ins-sagulla\/wp-content\/uploads\/usu2114\/2025\/01\/IMG_0643.jpeg 2016w\" sizes=\"auto, (max-width: 1024px) 100vw, 1024px\" \/><\/a> <a href=\"https:\/\/agora.xtec.cat\/ins-sagulla\/wp-content\/uploads\/usu2114\/2025\/01\/IMG_0646.jpeg\"><img loading=\"lazy\" decoding=\"async\" class=\"alignleft size-large wp-image-24535\" src=\"https:\/\/agora.xtec.cat\/ins-sagulla\/wp-content\/uploads\/usu2114\/2025\/01\/IMG_0646-1024x768.jpeg\" alt=\"\" width=\"1024\" height=\"768\" srcset=\"https:\/\/agora.xtec.cat\/ins-sagulla\/wp-content\/uploads\/usu2114\/2025\/01\/IMG_0646-1024x768.jpeg 1024w, https:\/\/agora.xtec.cat\/ins-sagulla\/wp-content\/uploads\/usu2114\/2025\/01\/IMG_0646-300x225.jpeg 300w, https:\/\/agora.xtec.cat\/ins-sagulla\/wp-content\/uploads\/usu2114\/2025\/01\/IMG_0646-768x576.jpeg 768w, https:\/\/agora.xtec.cat\/ins-sagulla\/wp-content\/uploads\/usu2114\/2025\/01\/IMG_0646-1536x1152.jpeg 1536w, https:\/\/agora.xtec.cat\/ins-sagulla\/wp-content\/uploads\/usu2114\/2025\/01\/IMG_0646-200x150.jpeg 200w, https:\/\/agora.xtec.cat\/ins-sagulla\/wp-content\/uploads\/usu2114\/2025\/01\/IMG_0646.jpeg 2016w\" sizes=\"auto, (max-width: 1024px) 100vw, 1024px\" \/><\/a> <a href=\"https:\/\/agora.xtec.cat\/ins-sagulla\/wp-content\/uploads\/usu2114\/2025\/01\/IMG_0651-rotated.jpeg\"><img loading=\"lazy\" decoding=\"async\" class=\"alignleft wp-image-24536\" src=\"https:\/\/agora.xtec.cat\/ins-sagulla\/wp-content\/uploads\/usu2114\/2025\/01\/IMG_0651-768x1024.jpeg\" alt=\"\" width=\"799\" height=\"1065\" srcset=\"https:\/\/agora.xtec.cat\/ins-sagulla\/wp-content\/uploads\/usu2114\/2025\/01\/IMG_0651-768x1024.jpeg 768w, https:\/\/agora.xtec.cat\/ins-sagulla\/wp-content\/uploads\/usu2114\/2025\/01\/IMG_0651-225x300.jpeg 225w, https:\/\/agora.xtec.cat\/ins-sagulla\/wp-content\/uploads\/usu2114\/2025\/01\/IMG_0651-1152x1536.jpeg 1152w, https:\/\/agora.xtec.cat\/ins-sagulla\/wp-content\/uploads\/usu2114\/2025\/01\/IMG_0651-rotated.jpeg 1512w\" sizes=\"auto, (max-width: 799px) 100vw, 799px\" \/><\/a><\/div>\n<p>&nbsp;<\/p>\n<p>&nbsp;<\/p>\n<p>&nbsp;<\/p>\n<p>&nbsp;<\/p>\n<p>&nbsp;<\/p>\n<p>&nbsp;<\/p>\n<p>&nbsp;<\/p>\n<p>&nbsp;<\/p>\n<p>&nbsp;<\/p>\n<p>&nbsp;<\/p>\n<p>&nbsp;<\/p>\n<p>&nbsp;<\/p>\n<p>&nbsp;<\/p>\n<p>&nbsp;<\/p>\n<p>&nbsp;<\/p>\n<p>&nbsp;<\/p>\n<p>&nbsp;<\/p>\n<p>&nbsp;<\/p>\n<p>&nbsp;<\/p>\n<p>&nbsp;<\/p>\n<p>&nbsp;<\/p>\n<p>&nbsp;<\/p>\n<p>&nbsp;<\/p>\n<p>&nbsp;<\/p>\n<p>&nbsp;<\/p>\n<p>&nbsp;<\/p>\n<p>&nbsp;<\/p>\n<p>&nbsp;<\/p>\n<p>&nbsp;<\/p>\n<p>&nbsp;<\/p>\n<p>&nbsp;<\/p>\n<p>&nbsp;<\/p>\n<p>&nbsp;<\/p>\n<p>&nbsp;<\/p>\n<p>&nbsp;<\/p>\n<p>&nbsp;<\/p>\n<p>&nbsp;<\/p>\n<p>&nbsp;<\/p>\n<p>&nbsp;<\/p>\n<p>&nbsp;<\/p>\n<p>&nbsp;<\/p>\n<p>&nbsp;<\/p>\n<p>&nbsp;<\/p>\n<p>&nbsp;<\/p>\n<p>&nbsp;<\/p>\n<p>&nbsp;<\/p>\n<p>&nbsp;<\/p>\n<p>&nbsp;<\/p>\n<p>&nbsp;<\/p>\n<p>&nbsp;<\/p>\n<p>&nbsp;<\/p>\n<p>&nbsp;<\/p>\n<div dir=\"auto\"><\/div>\n","protected":false},"excerpt":{"rendered":"<p>Les alumnes de 1er de TAPSD (Atenci\u00f3 a persones en situaci\u00f3 de depend\u00e8ncia), de l\u2019Institut S\u2019Agulla, han participat en un projecte de voluntariat al barri de la Plantera.<br \/>\nL\u2019Associaci\u00f3 de ve\u00efns i ve\u00efnes d\u2019aquest barri es varen posar en contacte amb l\u2019institut per donar a con\u00e8ixer&hellip;  <a href=\"https:\/\/agora.xtec.cat\/ins-sagulla\/general\/voluntariat-al-barri-de-la-plantera\/\" title=\"Read L&#8217;alumnat de 1r de TAPSD fa voluntariat al barri de La Plantera\">Llegeix m\u00e9s\u00bb<\/a><\/p>\n","protected":false},"author":1,"featured_media":24536,"comment_status":"open","ping_status":"closed","sticky":false,"template":"","format":"standard","meta":{"_bbp_topic_count":0,"_bbp_reply_count":0,"_bbp_total_topic_count":0,"_bbp_total_reply_count":0,"_bbp_voice_count":0,"_bbp_anonymous_reply_count":0,"_bbp_topic_count_hidden":0,"_bbp_reply_count_hidden":0,"_bbp_forum_subforum_count":0,"footnotes":""},"categories":[296,695,150,30,1203,322,1,213,29,1038,336,308],"tags":[],"class_list":["post-24531","post","type-post","status-publish","format-standard","has-post-thumbnail","hentry","category-1r-tapsd","category-alumnat","category-cfgm-atencio-persones-situacio-dependencia","category-cicles-formatius","category-formacio","category-fotos","category-general","category-grau-mitja","category-portada","category-projectes","category-serveis-a-la-comunitat","category-tecnologia"],"post_mailing_queue_ids":[],"_links":{"self":[{"href":"https:\/\/agora.xtec.cat\/ins-sagulla\/wp-json\/wp\/v2\/posts\/24531","targetHints":{"allow":["GET"]}}],"collection":[{"href":"https:\/\/agora.xtec.cat\/ins-sagulla\/wp-json\/wp\/v2\/posts"}],"about":[{"href":"https:\/\/agora.xtec.cat\/ins-sagulla\/wp-json\/wp\/v2\/types\/post"}],"author":[{"embeddable":true,"href":"https:\/\/agora.xtec.cat\/ins-sagulla\/wp-json\/wp\/v2\/users\/1"}],"replies":[{"embeddable":true,"href":"https:\/\/agora.xtec.cat\/ins-sagulla\/wp-json\/wp\/v2\/comments?post=24531"}],"version-history":[{"count":2,"href":"https:\/\/agora.xtec.cat\/ins-sagulla\/wp-json\/wp\/v2\/posts\/24531\/revisions"}],"predecessor-version":[{"id":24538,"href":"https:\/\/agora.xtec.cat\/ins-sagulla\/wp-json\/wp\/v2\/posts\/24531\/revisions\/24538"}],"wp:featuredmedia":[{"embeddable":true,"href":"https:\/\/agora.xtec.cat\/ins-sagulla\/wp-json\/wp\/v2\/media\/24536"}],"wp:attachment":[{"href":"https:\/\/agora.xtec.cat\/ins-sagulla\/wp-json\/wp\/v2\/media?parent=24531"}],"wp:term":[{"taxonomy":"category","embeddable":true,"href":"https:\/\/agora.xtec.cat\/ins-sagulla\/wp-json\/wp\/v2\/categories?post=24531"},{"taxonomy":"post_tag","embeddable":true,"href":"https:\/\/agora.xtec.cat\/ins-sagulla\/wp-json\/wp\/v2\/tags?post=24531"}],"curies":[{"name":"wp","href":"https:\/\/api.w.org\/{rel}","templated":true}]}}