{"id":24478,"date":"2024-12-23T10:54:58","date_gmt":"2024-12-23T09:54:58","guid":{"rendered":"https:\/\/agora.xtec.cat\/ins-sagulla\/?p=24478"},"modified":"2024-12-23T10:54:58","modified_gmt":"2024-12-23T09:54:58","slug":"galetes-de-nadal-del-siei","status":"publish","type":"post","link":"https:\/\/agora.xtec.cat\/ins-sagulla\/general\/galetes-de-nadal-del-siei\/","title":{"rendered":"Galetes de Nadal del SIEI"},"content":{"rendered":"<p>L&#8217;alumnat de 1r, 2n i 4t del SIEI, hem preparat galetes per compartir i celebrar que estem a les portes de les festes de Nadal. La recepta ha estat un \u00e8xit, els nostres ingredients s\u00f3n\u00a0 DOL\u00c7OR (sucre), EMOCI\u00d3 (farina) i COHESI\u00d3 (mantega). Ens han quedat delicioses!<\/p>\n<div>Bones festes ens veiem l&#8217;any 2025!<img loading=\"lazy\" decoding=\"async\" class=\"an1\" draggable=\"false\" src=\"https:\/\/fonts.gstatic.com\/s\/e\/notoemoji\/15.1\/1f384\/72.png\" alt=\"\ud83c\udf84\" width=\"74\" height=\"74\" data-emoji=\"\ud83c\udf84\" aria-label=\"\ud83c\udf84\" \/><\/div>\n<div><a href=\"https:\/\/agora.xtec.cat\/ins-sagulla\/wp-content\/uploads\/usu2114\/2024\/12\/IMG_20241218_124709-scaled.jpg\"><img loading=\"lazy\" decoding=\"async\" class=\"size-medium wp-image-24479 alignleft\" src=\"https:\/\/agora.xtec.cat\/ins-sagulla\/wp-content\/uploads\/usu2114\/2024\/12\/IMG_20241218_124709-227x300.jpg\" alt=\"\" width=\"227\" height=\"300\" srcset=\"https:\/\/agora.xtec.cat\/ins-sagulla\/wp-content\/uploads\/usu2114\/2024\/12\/IMG_20241218_124709-227x300.jpg 227w, https:\/\/agora.xtec.cat\/ins-sagulla\/wp-content\/uploads\/usu2114\/2024\/12\/IMG_20241218_124709-777x1024.jpg 777w, https:\/\/agora.xtec.cat\/ins-sagulla\/wp-content\/uploads\/usu2114\/2024\/12\/IMG_20241218_124709-768x1013.jpg 768w, https:\/\/agora.xtec.cat\/ins-sagulla\/wp-content\/uploads\/usu2114\/2024\/12\/IMG_20241218_124709-1165x1536.jpg 1165w, https:\/\/agora.xtec.cat\/ins-sagulla\/wp-content\/uploads\/usu2114\/2024\/12\/IMG_20241218_124709-1553x2048.jpg 1553w, https:\/\/agora.xtec.cat\/ins-sagulla\/wp-content\/uploads\/usu2114\/2024\/12\/IMG_20241218_124709-scaled.jpg 1941w\" sizes=\"auto, (max-width: 227px) 100vw, 227px\" \/><\/a> <a href=\"https:\/\/agora.xtec.cat\/ins-sagulla\/wp-content\/uploads\/usu2114\/2024\/12\/IMG-20241218-WA0013.jpg\"><img loading=\"lazy\" decoding=\"async\" class=\" wp-image-24480 alignleft\" src=\"https:\/\/agora.xtec.cat\/ins-sagulla\/wp-content\/uploads\/usu2114\/2024\/12\/IMG-20241218-WA0013-300x236.jpg\" alt=\"\" width=\"372\" height=\"293\" srcset=\"https:\/\/agora.xtec.cat\/ins-sagulla\/wp-content\/uploads\/usu2114\/2024\/12\/IMG-20241218-WA0013-300x236.jpg 300w, https:\/\/agora.xtec.cat\/ins-sagulla\/wp-content\/uploads\/usu2114\/2024\/12\/IMG-20241218-WA0013-1024x805.jpg 1024w, https:\/\/agora.xtec.cat\/ins-sagulla\/wp-content\/uploads\/usu2114\/2024\/12\/IMG-20241218-WA0013-768x603.jpg 768w, https:\/\/agora.xtec.cat\/ins-sagulla\/wp-content\/uploads\/usu2114\/2024\/12\/IMG-20241218-WA0013.jpg 1204w\" sizes=\"auto, (max-width: 372px) 100vw, 372px\" \/><\/a><\/div>\n<div><a href=\"https:\/\/agora.xtec.cat\/ins-sagulla\/wp-content\/uploads\/usu2114\/2024\/12\/IMG_20241218_122035.jpg\"><img loading=\"lazy\" decoding=\"async\" class=\"size-medium wp-image-24481 alignleft\" src=\"https:\/\/agora.xtec.cat\/ins-sagulla\/wp-content\/uploads\/usu2114\/2024\/12\/IMG_20241218_122035-300x300.jpg\" alt=\"\" width=\"300\" height=\"300\" srcset=\"https:\/\/agora.xtec.cat\/ins-sagulla\/wp-content\/uploads\/usu2114\/2024\/12\/IMG_20241218_122035-300x300.jpg 300w, https:\/\/agora.xtec.cat\/ins-sagulla\/wp-content\/uploads\/usu2114\/2024\/12\/IMG_20241218_122035-150x150.jpg 150w, https:\/\/agora.xtec.cat\/ins-sagulla\/wp-content\/uploads\/usu2114\/2024\/12\/IMG_20241218_122035-768x768.jpg 768w, https:\/\/agora.xtec.cat\/ins-sagulla\/wp-content\/uploads\/usu2114\/2024\/12\/IMG_20241218_122035.jpg 1000w\" sizes=\"auto, (max-width: 300px) 100vw, 300px\" \/><\/a><\/div>\n","protected":false},"excerpt":{"rendered":"<p>L&#8217;alumnat de 1r, 2n i 4t del SIEI, hem preparat galetes per compartir i celebrar que estem a les portes de les festes de Nadal. La recepta ha estat un \u00e8xit, els nostres ingredients s\u00f3n\u00a0 DOL\u00c7OR (sucre), EMOCI\u00d3 (farina) i COHESI\u00d3 (mantega). Ens han quedat&hellip;  <a href=\"https:\/\/agora.xtec.cat\/ins-sagulla\/general\/galetes-de-nadal-del-siei\/\" title=\"Read Galetes de Nadal del SIEI\">Llegeix m\u00e9s\u00bb<\/a><\/p>\n","protected":false},"author":1,"featured_media":24481,"comment_status":"open","ping_status":"closed","sticky":false,"template":"","format":"standard","meta":{"_bbp_topic_count":0,"_bbp_reply_count":0,"_bbp_total_topic_count":0,"_bbp_total_reply_count":0,"_bbp_voice_count":0,"_bbp_anonymous_reply_count":0,"_bbp_topic_count_hidden":0,"_bbp_reply_count_hidden":0,"_bbp_forum_subforum_count":0,"footnotes":""},"categories":[3,1,29],"tags":[253,387,376,1281,131,239],"class_list":["post-24478","post","type-post","status-publish","format-standard","has-post-thumbnail","hentry","category-eso","category-general","category-portada","tag-blanes","tag-cohesio-de-grup","tag-creativitat","tag-curs-2024-2025","tag-eso","tag-siei"],"post_mailing_queue_ids":[],"_links":{"self":[{"href":"https:\/\/agora.xtec.cat\/ins-sagulla\/wp-json\/wp\/v2\/posts\/24478","targetHints":{"allow":["GET"]}}],"collection":[{"href":"https:\/\/agora.xtec.cat\/ins-sagulla\/wp-json\/wp\/v2\/posts"}],"about":[{"href":"https:\/\/agora.xtec.cat\/ins-sagulla\/wp-json\/wp\/v2\/types\/post"}],"author":[{"embeddable":true,"href":"https:\/\/agora.xtec.cat\/ins-sagulla\/wp-json\/wp\/v2\/users\/1"}],"replies":[{"embeddable":true,"href":"https:\/\/agora.xtec.cat\/ins-sagulla\/wp-json\/wp\/v2\/comments?post=24478"}],"version-history":[{"count":1,"href":"https:\/\/agora.xtec.cat\/ins-sagulla\/wp-json\/wp\/v2\/posts\/24478\/revisions"}],"predecessor-version":[{"id":24482,"href":"https:\/\/agora.xtec.cat\/ins-sagulla\/wp-json\/wp\/v2\/posts\/24478\/revisions\/24482"}],"wp:featuredmedia":[{"embeddable":true,"href":"https:\/\/agora.xtec.cat\/ins-sagulla\/wp-json\/wp\/v2\/media\/24481"}],"wp:attachment":[{"href":"https:\/\/agora.xtec.cat\/ins-sagulla\/wp-json\/wp\/v2\/media?parent=24478"}],"wp:term":[{"taxonomy":"category","embeddable":true,"href":"https:\/\/agora.xtec.cat\/ins-sagulla\/wp-json\/wp\/v2\/categories?post=24478"},{"taxonomy":"post_tag","embeddable":true,"href":"https:\/\/agora.xtec.cat\/ins-sagulla\/wp-json\/wp\/v2\/tags?post=24478"}],"curies":[{"name":"wp","href":"https:\/\/api.w.org\/{rel}","templated":true}]}}