{"id":24358,"date":"2024-11-27T09:33:17","date_gmt":"2024-11-27T08:33:17","guid":{"rendered":"https:\/\/agora.xtec.cat\/ins-sagulla\/?p=24358"},"modified":"2024-11-27T09:33:47","modified_gmt":"2024-11-27T08:33:47","slug":"sortida-de-loptativa-dexpressio-artistica-4t-deso","status":"publish","type":"post","link":"https:\/\/agora.xtec.cat\/ins-sagulla\/general\/sortida-de-loptativa-dexpressio-artistica-4t-deso\/","title":{"rendered":"Sortida de l&#8217;optativa d&#8217;expressi\u00f3 art\u00edstica 4t d\u2019ESO"},"content":{"rendered":"<p><span style=\"font-weight: 400;\">Des de l\u2019optativa d\u2019Expressi\u00f3 Art\u00edstica de 4<\/span><span style=\"font-weight: 400;\">t<\/span><span style=\"font-weight: 400;\"> d\u2019ESO, el passat 13 de novembre vam visitar una exposici\u00f3 d\u2019escultura ben peculiar al Centre C\u00edvic de Can Borrell a Blanes.\u00a0<\/span><\/p>\n<p><span style=\"font-weight: 400;\">Es tracta d\u2019una mostra d\u2019escultures fetes amb materials trobats als entorns de Blanes. Materials que haurien d\u2019estar a les escombraries, a les papereres, a les deixalleries, es troben malauradament als boscos, a les platges, pels carrers, etc.<\/span><\/p>\n<p><span style=\"font-weight: 400;\">En Joan Rius que va n\u00e9ixer a la Cellera de Ter i que viu a Blanes des de fa deu anys quan es va jubilar del m\u00f3n sanitari. Actualment, exerceix de pintor i escultor i \u00e9s membre de l\u2019estudi Violeta Fine Arts.<\/span><\/p>\n<p><span style=\"font-weight: 400;\">En Joan explica a l\u2019alumnat que totes aquestes llaunes, ampolles&#8230; no vagin a parar al mar, ja que s\u2019han convertit en escultures. I a m\u00e9s t\u00e9 la necessitat de compartir aquest treball explicant la creaci\u00f3 del conjunt de les obres. Totes tenen una hist\u00f2ria, en quin lloc s\u2019han recollit, en quin moment, com va ser&#8230; I a m\u00e9s l\u2019interessa visibilitzar una realitat: els residus tirats pels carrers i que ens hem acostumat a veure.<\/span><\/p>\n<p><a href=\"https:\/\/agora.xtec.cat\/ins-sagulla\/wp-content\/uploads\/usu2114\/2024\/11\/VIP3.jpg\"><img loading=\"lazy\" decoding=\"async\" class=\"size-medium wp-image-24359 alignleft\" src=\"https:\/\/agora.xtec.cat\/ins-sagulla\/wp-content\/uploads\/usu2114\/2024\/11\/VIP3-300x163.jpg\" alt=\"\" width=\"300\" height=\"163\" srcset=\"https:\/\/agora.xtec.cat\/ins-sagulla\/wp-content\/uploads\/usu2114\/2024\/11\/VIP3-300x163.jpg 300w, https:\/\/agora.xtec.cat\/ins-sagulla\/wp-content\/uploads\/usu2114\/2024\/11\/VIP3-768x417.jpg 768w, https:\/\/agora.xtec.cat\/ins-sagulla\/wp-content\/uploads\/usu2114\/2024\/11\/VIP3.jpg 772w\" sizes=\"auto, (max-width: 300px) 100vw, 300px\" \/><\/a> <a href=\"https:\/\/agora.xtec.cat\/ins-sagulla\/wp-content\/uploads\/usu2114\/2024\/11\/VIP2.jpg\"><img loading=\"lazy\" decoding=\"async\" class=\" wp-image-24360 alignleft\" src=\"https:\/\/agora.xtec.cat\/ins-sagulla\/wp-content\/uploads\/usu2114\/2024\/11\/VIP2-177x300.jpg\" alt=\"\" width=\"123\" height=\"208\" srcset=\"https:\/\/agora.xtec.cat\/ins-sagulla\/wp-content\/uploads\/usu2114\/2024\/11\/VIP2-177x300.jpg 177w, https:\/\/agora.xtec.cat\/ins-sagulla\/wp-content\/uploads\/usu2114\/2024\/11\/VIP2.jpg 315w\" sizes=\"auto, (max-width: 123px) 100vw, 123px\" \/><\/a> <a href=\"https:\/\/agora.xtec.cat\/ins-sagulla\/wp-content\/uploads\/usu2114\/2024\/11\/VIP.jpg\"><img loading=\"lazy\" decoding=\"async\" class=\" wp-image-24361 alignleft\" src=\"https:\/\/agora.xtec.cat\/ins-sagulla\/wp-content\/uploads\/usu2114\/2024\/11\/VIP-164x300.jpg\" alt=\"\" width=\"114\" height=\"209\" srcset=\"https:\/\/agora.xtec.cat\/ins-sagulla\/wp-content\/uploads\/usu2114\/2024\/11\/VIP-164x300.jpg 164w, https:\/\/agora.xtec.cat\/ins-sagulla\/wp-content\/uploads\/usu2114\/2024\/11\/VIP.jpg 243w\" sizes=\"auto, (max-width: 114px) 100vw, 114px\" \/><\/a><\/p>\n","protected":false},"excerpt":{"rendered":"<p>Des de l\u2019optativa d\u2019Expressi\u00f3 Art\u00edstica de 4t d\u2019ESO, el passat 13 de novembre vam visitar una exposici\u00f3 d\u2019escultura ben peculiar al Centre C\u00edvic de Can Borrell a Blanes.\u00a0<br \/>\nEs tracta d\u2019una mostra d\u2019escultures fetes amb materials trobats als entorns de Blanes. Materials que haurien d\u2019estar a&hellip;  <a href=\"https:\/\/agora.xtec.cat\/ins-sagulla\/general\/sortida-de-loptativa-dexpressio-artistica-4t-deso\/\" title=\"Read Sortida de l&#8217;optativa d&#8217;expressi\u00f3 art\u00edstica 4t d\u2019ESO\">Llegeix m\u00e9s\u00bb<\/a><\/p>\n","protected":false},"author":1,"featured_media":24359,"comment_status":"open","ping_status":"closed","sticky":false,"template":"","format":"standard","meta":{"_bbp_topic_count":0,"_bbp_reply_count":0,"_bbp_total_topic_count":0,"_bbp_total_reply_count":0,"_bbp_voice_count":0,"_bbp_anonymous_reply_count":0,"_bbp_topic_count_hidden":0,"_bbp_reply_count_hidden":0,"_bbp_forum_subforum_count":0,"footnotes":""},"categories":[3,7,1,29],"tags":[205,253,1281,131,237],"class_list":["post-24358","post","type-post","status-publish","format-standard","has-post-thumbnail","hentry","category-eso","category-eso-4","category-general","category-portada","tag-ajuntament-de-blanes","tag-blanes","tag-curs-2024-2025","tag-eso","tag-sortida"],"post_mailing_queue_ids":[],"_links":{"self":[{"href":"https:\/\/agora.xtec.cat\/ins-sagulla\/wp-json\/wp\/v2\/posts\/24358","targetHints":{"allow":["GET"]}}],"collection":[{"href":"https:\/\/agora.xtec.cat\/ins-sagulla\/wp-json\/wp\/v2\/posts"}],"about":[{"href":"https:\/\/agora.xtec.cat\/ins-sagulla\/wp-json\/wp\/v2\/types\/post"}],"author":[{"embeddable":true,"href":"https:\/\/agora.xtec.cat\/ins-sagulla\/wp-json\/wp\/v2\/users\/1"}],"replies":[{"embeddable":true,"href":"https:\/\/agora.xtec.cat\/ins-sagulla\/wp-json\/wp\/v2\/comments?post=24358"}],"version-history":[{"count":1,"href":"https:\/\/agora.xtec.cat\/ins-sagulla\/wp-json\/wp\/v2\/posts\/24358\/revisions"}],"predecessor-version":[{"id":24362,"href":"https:\/\/agora.xtec.cat\/ins-sagulla\/wp-json\/wp\/v2\/posts\/24358\/revisions\/24362"}],"wp:featuredmedia":[{"embeddable":true,"href":"https:\/\/agora.xtec.cat\/ins-sagulla\/wp-json\/wp\/v2\/media\/24359"}],"wp:attachment":[{"href":"https:\/\/agora.xtec.cat\/ins-sagulla\/wp-json\/wp\/v2\/media?parent=24358"}],"wp:term":[{"taxonomy":"category","embeddable":true,"href":"https:\/\/agora.xtec.cat\/ins-sagulla\/wp-json\/wp\/v2\/categories?post=24358"},{"taxonomy":"post_tag","embeddable":true,"href":"https:\/\/agora.xtec.cat\/ins-sagulla\/wp-json\/wp\/v2\/tags?post=24358"}],"curies":[{"name":"wp","href":"https:\/\/api.w.org\/{rel}","templated":true}]}}