{"id":24253,"date":"2024-11-08T12:10:37","date_gmt":"2024-11-08T11:10:37","guid":{"rendered":"https:\/\/agora.xtec.cat\/ins-sagulla\/?p=24253"},"modified":"2024-11-08T12:10:37","modified_gmt":"2024-11-08T11:10:37","slug":"la-castanyada-2","status":"publish","type":"post","link":"https:\/\/agora.xtec.cat\/ins-sagulla\/general\/la-castanyada-2\/","title":{"rendered":"LA CASTANYADA"},"content":{"rendered":"<div>Una tardor m\u00e9s la Castanyera ha visitat a l&#8217;alumnat del cicle de grau superior d&#8217;educaci\u00f3 infantil.<\/div>\n<div>En aquesta jornada tan especial participem conjuntament primer i segon curs, hem ballat, cuinat i jugat, aix\u00ed, a la vegada que aprenem sobre les nostres tradicions i com ser\u00e0 la nostra futura feina a les escoles bressol i infantils tamb\u00e9 passem una tarda diferent i divertida.<\/div>\n<div><\/div>\n<div><a href=\"https:\/\/agora.xtec.cat\/ins-sagulla\/wp-content\/uploads\/usu2114\/2024\/11\/IMG_3152.jpg\"><img loading=\"lazy\" decoding=\"async\" class=\"alignleft size-large wp-image-24255\" src=\"https:\/\/agora.xtec.cat\/ins-sagulla\/wp-content\/uploads\/usu2114\/2024\/11\/IMG_3152-1024x768.jpg\" alt=\"\" width=\"1024\" height=\"768\" srcset=\"https:\/\/agora.xtec.cat\/ins-sagulla\/wp-content\/uploads\/usu2114\/2024\/11\/IMG_3152-1024x768.jpg 1024w, https:\/\/agora.xtec.cat\/ins-sagulla\/wp-content\/uploads\/usu2114\/2024\/11\/IMG_3152-300x225.jpg 300w, https:\/\/agora.xtec.cat\/ins-sagulla\/wp-content\/uploads\/usu2114\/2024\/11\/IMG_3152-768x576.jpg 768w, https:\/\/agora.xtec.cat\/ins-sagulla\/wp-content\/uploads\/usu2114\/2024\/11\/IMG_3152-1536x1152.jpg 1536w, https:\/\/agora.xtec.cat\/ins-sagulla\/wp-content\/uploads\/usu2114\/2024\/11\/IMG_3152-200x150.jpg 200w, https:\/\/agora.xtec.cat\/ins-sagulla\/wp-content\/uploads\/usu2114\/2024\/11\/IMG_3152.jpg 2048w\" sizes=\"auto, (max-width: 1024px) 100vw, 1024px\" \/><\/a> <a href=\"https:\/\/agora.xtec.cat\/ins-sagulla\/wp-content\/uploads\/usu2114\/2024\/11\/IMG_0967.jpg\"><img loading=\"lazy\" decoding=\"async\" class=\"alignleft size-large wp-image-24256\" src=\"https:\/\/agora.xtec.cat\/ins-sagulla\/wp-content\/uploads\/usu2114\/2024\/11\/IMG_0967-1024x768.jpg\" alt=\"\" width=\"1024\" height=\"768\" srcset=\"https:\/\/agora.xtec.cat\/ins-sagulla\/wp-content\/uploads\/usu2114\/2024\/11\/IMG_0967-1024x768.jpg 1024w, https:\/\/agora.xtec.cat\/ins-sagulla\/wp-content\/uploads\/usu2114\/2024\/11\/IMG_0967-300x225.jpg 300w, https:\/\/agora.xtec.cat\/ins-sagulla\/wp-content\/uploads\/usu2114\/2024\/11\/IMG_0967-768x576.jpg 768w, https:\/\/agora.xtec.cat\/ins-sagulla\/wp-content\/uploads\/usu2114\/2024\/11\/IMG_0967-1536x1152.jpg 1536w, https:\/\/agora.xtec.cat\/ins-sagulla\/wp-content\/uploads\/usu2114\/2024\/11\/IMG_0967-200x150.jpg 200w, https:\/\/agora.xtec.cat\/ins-sagulla\/wp-content\/uploads\/usu2114\/2024\/11\/IMG_0967.jpg 2048w\" sizes=\"auto, (max-width: 1024px) 100vw, 1024px\" \/><\/a><\/div>\n","protected":false},"excerpt":{"rendered":"<p>Una tardor m\u00e9s la Castanyera ha visitat a l&#8217;alumnat del cicle de grau superior d&#8217;educaci\u00f3 infantil.<br \/>\nEn aquesta jornada tan especial participem conjuntament primer i segon curs, hem ballat, cuinat i jugat, aix\u00ed, a la vegada que aprenem sobre les nostres tradicions i com ser\u00e0 la&hellip;  <a href=\"https:\/\/agora.xtec.cat\/ins-sagulla\/general\/la-castanyada-2\/\" title=\"Read LA CASTANYADA\">Llegeix m\u00e9s\u00bb<\/a><\/p>\n","protected":false},"author":1,"featured_media":24255,"comment_status":"open","ping_status":"closed","sticky":false,"template":"","format":"standard","meta":{"_bbp_topic_count":0,"_bbp_reply_count":0,"_bbp_total_topic_count":0,"_bbp_total_reply_count":0,"_bbp_voice_count":0,"_bbp_anonymous_reply_count":0,"_bbp_topic_count_hidden":0,"_bbp_reply_count_hidden":0,"_bbp_forum_subforum_count":0,"footnotes":""},"categories":[298,299,30,152,1,29],"tags":[],"class_list":["post-24253","post","type-post","status-publish","format-standard","has-post-thumbnail","hentry","category-1r-tei","category-2n-tei","category-cicles-formatius","category-cfgs-educacio-infantil","category-general","category-portada"],"post_mailing_queue_ids":[],"_links":{"self":[{"href":"https:\/\/agora.xtec.cat\/ins-sagulla\/wp-json\/wp\/v2\/posts\/24253","targetHints":{"allow":["GET"]}}],"collection":[{"href":"https:\/\/agora.xtec.cat\/ins-sagulla\/wp-json\/wp\/v2\/posts"}],"about":[{"href":"https:\/\/agora.xtec.cat\/ins-sagulla\/wp-json\/wp\/v2\/types\/post"}],"author":[{"embeddable":true,"href":"https:\/\/agora.xtec.cat\/ins-sagulla\/wp-json\/wp\/v2\/users\/1"}],"replies":[{"embeddable":true,"href":"https:\/\/agora.xtec.cat\/ins-sagulla\/wp-json\/wp\/v2\/comments?post=24253"}],"version-history":[{"count":1,"href":"https:\/\/agora.xtec.cat\/ins-sagulla\/wp-json\/wp\/v2\/posts\/24253\/revisions"}],"predecessor-version":[{"id":24257,"href":"https:\/\/agora.xtec.cat\/ins-sagulla\/wp-json\/wp\/v2\/posts\/24253\/revisions\/24257"}],"wp:featuredmedia":[{"embeddable":true,"href":"https:\/\/agora.xtec.cat\/ins-sagulla\/wp-json\/wp\/v2\/media\/24255"}],"wp:attachment":[{"href":"https:\/\/agora.xtec.cat\/ins-sagulla\/wp-json\/wp\/v2\/media?parent=24253"}],"wp:term":[{"taxonomy":"category","embeddable":true,"href":"https:\/\/agora.xtec.cat\/ins-sagulla\/wp-json\/wp\/v2\/categories?post=24253"},{"taxonomy":"post_tag","embeddable":true,"href":"https:\/\/agora.xtec.cat\/ins-sagulla\/wp-json\/wp\/v2\/tags?post=24253"}],"curies":[{"name":"wp","href":"https:\/\/api.w.org\/{rel}","templated":true}]}}