{"id":24205,"date":"2024-10-15T13:17:00","date_gmt":"2024-10-15T11:17:00","guid":{"rendered":"https:\/\/agora.xtec.cat\/ins-sagulla\/?p=24205"},"modified":"2024-10-15T13:17:00","modified_gmt":"2024-10-15T11:17:00","slug":"exalumnes-del-sagulla-toquen-al-vatica","status":"publish","type":"post","link":"https:\/\/agora.xtec.cat\/ins-sagulla\/general\/exalumnes-del-sagulla-toquen-al-vatica\/","title":{"rendered":"Exalumnes del S&#8217;Agulla toquen al vatic\u00e0"},"content":{"rendered":"<div><b>EXALUMNES DEL S&#8217;AGULLA TOQUEN AL VATIC\u00c0<\/b><\/div>\n<div><b>amb La Jove Orquestra Graeme Clark<\/b><\/div>\n<div dir=\"auto\"><\/div>\n<div dir=\"auto\">Els germans Martina i Gael Mor\u00f3n Garc\u00eda, exalumnes de l&#8217;institut, s\u00f3n not\u00edcia aquests dies per haver fet un concert al Vatic\u00e0, davant del Papa. Tots dos van cursar l&#8217;ESO i el Batxillerat al S&#8217;Agulla, en Gael ja fa uns anys i la Martina, fins aquest curs passat.<\/div>\n<div dir=\"auto\"><\/div>\n<div dir=\"auto\">La Martina i en Gael s\u00f3n components de La Jove Orquestra Graeme Clark, formada per dotze joves amb implant coclear. El logo de la samarreta que duien el va dissenyar en Gael! Si els voleu seguir, el seu insta \u00e9s\u00a0<a id=\"m_-633719074709972511m_-3946464449776974924plusReplyChip-0\" class=\"gmail_plusreply\"><\/a>@joveorquestragraemeclark<\/div>\n<div dir=\"auto\"><\/div>\n<div>Podeu llegir la not\u00edcia del Diari de Girona a\u00a0<a href=\"https:\/\/www.diaridegirona.cat\/comarques\/2024\/10\/14\/tocar-vatica-davant-papa-repte-109263762.html\" target=\"_blank\" rel=\"noopener noreferrer\" data-saferedirecturl=\"https:\/\/www.google.com\/url?q=https:\/\/www.diaridegirona.cat\/comarques\/2024\/10\/14\/tocar-vatica-davant-papa-repte-109263762.html&amp;source=gmail&amp;ust=1729077197508000&amp;usg=AOvVaw3vtNub2lffk5BKO8nUhzRf\">https:\/\/www.diaridegirona.<wbr \/>cat\/comar<\/a>\u00a0i veure el v\u00eddeo de l&#8217;InfoK:\u00a0<a href=\"https:\/\/www.3cat.cat\/tv3\/sx3\/un-concert-superespecial\/video\/6302005\/\" target=\"_blank\" rel=\"noopener\" data-saferedirecturl=\"https:\/\/www.google.com\/url?q=https:\/\/www.3cat.cat\/tv3\/sx3\/un-concert-superespecial\/video\/6302005\/&amp;source=gmail&amp;ust=1729077197508000&amp;usg=AOvVaw1w6faJBynl-fJ5oIJ1RY1a\">https:\/\/www.3cat.cat\/<wbr \/>tv3\/sx3\/un-concert-<wbr \/>superespecial\/video\/6302005\/<\/a><\/div>\n<div dir=\"auto\"><\/div>\n<div dir=\"auto\">\n<div class=\"gmail_default\"><span style=\"color: #000000;\">I aqu\u00ed podeu veure la Martina explicant qu\u00e8 \u00e9s un implant coclear:\u00a0<\/span><a href=\"https:\/\/www.larazon.es\/sociedad\/musica-sordos-papa-francisco_2024092666f5893db3741e0001f59a20.html\" target=\"_blank\" rel=\"noopener\" data-saferedirecturl=\"https:\/\/www.google.com\/url?q=https:\/\/www.larazon.es\/sociedad\/musica-sordos-papa-francisco_2024092666f5893db3741e0001f59a20.html&amp;source=gmail&amp;ust=1729077197508000&amp;usg=AOvVaw0HbeDqpsxbNCjGTDEXWAOQ\">https:\/\/www.larazon.<wbr \/>es\/sociedad\/musica-sordos-<wbr \/>papa-francisco_<wbr \/>2024092666f5893db3741e0001f59a<wbr \/>20.html<\/a><\/div>\n<\/div>\n<div dir=\"auto\"><\/div>\n<div>L&#8217;enhorabona als dos i a seguir complint somnis!<\/div>\n<div class=\"yj6qo\"><\/div>\n<div><a href=\"https:\/\/agora.xtec.cat\/ins-sagulla\/wp-content\/uploads\/usu2114\/2024\/10\/IMG-20241014-WA0001.jpg\"><img loading=\"lazy\" decoding=\"async\" class=\"alignleft size-thumbnail wp-image-24206\" src=\"https:\/\/agora.xtec.cat\/ins-sagulla\/wp-content\/uploads\/usu2114\/2024\/10\/IMG-20241014-WA0001-150x150.jpg\" alt=\"\" width=\"150\" height=\"150\" \/><\/a> <a href=\"https:\/\/agora.xtec.cat\/ins-sagulla\/wp-content\/uploads\/usu2114\/2024\/10\/IMG-20241003-WA0004.jpg\"><img loading=\"lazy\" decoding=\"async\" class=\"alignleft size-thumbnail wp-image-24207\" src=\"https:\/\/agora.xtec.cat\/ins-sagulla\/wp-content\/uploads\/usu2114\/2024\/10\/IMG-20241003-WA0004-150x150.jpg\" alt=\"\" width=\"150\" height=\"150\" \/><\/a> <a href=\"https:\/\/agora.xtec.cat\/ins-sagulla\/wp-content\/uploads\/usu2114\/2024\/10\/IMG-20241003-WA0003.jpg\"><img loading=\"lazy\" decoding=\"async\" class=\"alignleft size-thumbnail wp-image-24208\" src=\"https:\/\/agora.xtec.cat\/ins-sagulla\/wp-content\/uploads\/usu2114\/2024\/10\/IMG-20241003-WA0003-150x150.jpg\" alt=\"\" width=\"150\" height=\"150\" \/><\/a><\/div>\n<div class=\"adL\" dir=\"auto\"><\/div>\n","protected":false},"excerpt":{"rendered":"<p>EXALUMNES DEL S&#8217;AGULLA TOQUEN AL VATIC\u00c0<br \/>\namb La Jove Orquestra Graeme Clark<\/p>\n<p>Els germans Martina i Gael Mor\u00f3n Garc\u00eda, exalumnes de l&#8217;institut, s\u00f3n not\u00edcia aquests dies per haver fet un concert al Vatic\u00e0, davant del Papa. Tots dos van cursar l&#8217;ESO i el Batxillerat al S&#8217;Agulla, en&hellip;  <a href=\"https:\/\/agora.xtec.cat\/ins-sagulla\/general\/exalumnes-del-sagulla-toquen-al-vatica\/\" title=\"Read Exalumnes del S&#8217;Agulla toquen al vatic\u00e0\">Llegeix m\u00e9s\u00bb<\/a><\/p>\n","protected":false},"author":1,"featured_media":24208,"comment_status":"open","ping_status":"closed","sticky":false,"template":"","format":"standard","meta":{"_bbp_topic_count":0,"_bbp_reply_count":0,"_bbp_total_topic_count":0,"_bbp_total_reply_count":0,"_bbp_voice_count":0,"_bbp_anonymous_reply_count":0,"_bbp_topic_count_hidden":0,"_bbp_reply_count_hidden":0,"_bbp_forum_subforum_count":0,"footnotes":""},"categories":[1,29],"tags":[253,1281,1282],"class_list":["post-24205","post","type-post","status-publish","format-standard","has-post-thumbnail","hentry","category-general","category-portada","tag-blanes","tag-curs-2024-2025","tag-exalumnes"],"post_mailing_queue_ids":[],"_links":{"self":[{"href":"https:\/\/agora.xtec.cat\/ins-sagulla\/wp-json\/wp\/v2\/posts\/24205","targetHints":{"allow":["GET"]}}],"collection":[{"href":"https:\/\/agora.xtec.cat\/ins-sagulla\/wp-json\/wp\/v2\/posts"}],"about":[{"href":"https:\/\/agora.xtec.cat\/ins-sagulla\/wp-json\/wp\/v2\/types\/post"}],"author":[{"embeddable":true,"href":"https:\/\/agora.xtec.cat\/ins-sagulla\/wp-json\/wp\/v2\/users\/1"}],"replies":[{"embeddable":true,"href":"https:\/\/agora.xtec.cat\/ins-sagulla\/wp-json\/wp\/v2\/comments?post=24205"}],"version-history":[{"count":1,"href":"https:\/\/agora.xtec.cat\/ins-sagulla\/wp-json\/wp\/v2\/posts\/24205\/revisions"}],"predecessor-version":[{"id":24209,"href":"https:\/\/agora.xtec.cat\/ins-sagulla\/wp-json\/wp\/v2\/posts\/24205\/revisions\/24209"}],"wp:featuredmedia":[{"embeddable":true,"href":"https:\/\/agora.xtec.cat\/ins-sagulla\/wp-json\/wp\/v2\/media\/24208"}],"wp:attachment":[{"href":"https:\/\/agora.xtec.cat\/ins-sagulla\/wp-json\/wp\/v2\/media?parent=24205"}],"wp:term":[{"taxonomy":"category","embeddable":true,"href":"https:\/\/agora.xtec.cat\/ins-sagulla\/wp-json\/wp\/v2\/categories?post=24205"},{"taxonomy":"post_tag","embeddable":true,"href":"https:\/\/agora.xtec.cat\/ins-sagulla\/wp-json\/wp\/v2\/tags?post=24205"}],"curies":[{"name":"wp","href":"https:\/\/api.w.org\/{rel}","templated":true}]}}