{"id":24025,"date":"2024-05-30T17:44:27","date_gmt":"2024-05-30T15:44:27","guid":{"rendered":"https:\/\/agora.xtec.cat\/ins-sagulla\/?p=24025"},"modified":"2024-05-30T17:44:27","modified_gmt":"2024-05-30T15:44:27","slug":"fem-un-ple-a-lajuntament","status":"publish","type":"post","link":"https:\/\/agora.xtec.cat\/ins-sagulla\/general\/fem-un-ple-a-lajuntament\/","title":{"rendered":"Fem un ple a l&#8217;ajuntament"},"content":{"rendered":"<p><span style=\"font-weight: 400;\">El passat 21 de maig, els i les alumnes de 3r d\u2019ESO de l\u2019Institut S\u2019Agulla van assistir a la sala de plens de l\u2019Ajuntament, per a celebrar justament un ple: \u00e9s a dir, una assemblea entre els 21 regidors i regidores escollits democr\u00e0ticament per la poblaci\u00f3 de Blanes. Per una estona van deixar de ser estudiants per a endinsar-se dintre la pol\u00edtica local, participant directament en la instituci\u00f3 m\u00e9s propera a la ciutadania i que forma part de la nostra democr\u00e0cia representativa.\u00a0<\/span><\/p>\n<p><span style=\"font-weight: 400;\">Els dies previs, dins de l\u2019assignatura de Tutoria i d\u2019Alternativa a la Religi\u00f3, ho van anar preparant tot: composici\u00f3 del Ple, propostes, estudiar les ideologies dels diferents partits, aquesta q\u00fcesti\u00f3 \u00faltima for\u00e7a complexa en la nostra vila, ja que hi tenen representaci\u00f3 9 partits diferents, 5 amb un sol regidor.\u00a0<\/span><\/p>\n<p><span style=\"font-weight: 400;\">Finalment, es va elaborar un gui\u00f3 que representava el desenvolupament de la sessi\u00f3. Aix\u00ed, alternativament cada grup va celebrar la seva assemblea : 3A, 3B i 3C tenien el seu alcalde o alcaldessa, l\u2019equip de govern, els regidors i regidores amb cartera, l\u2019oposici\u00f3, el secretari\/a i interventor\/a. Tamb\u00e9 la necess\u00e0ria gent del p\u00fablic, que pot participar en els Precs i Preguntes,&#8230;\u00a0<\/span><\/p>\n<p><span style=\"font-weight: 400;\">Quan vam arribar a la Sala, vam comptar amb la inestimable ajuda del T\u00e8cnic de l\u2019Ajuntament, l\u2019Ivan del R\u00edo, i de la regidora de joventut i participaci\u00f3 ciutadana, l\u2019Estefania Romero. Cal destacar tamb\u00e9, en la sessi\u00f3 de 3rC la pres\u00e8ncia de Mario Ros, que fou alcalde de Blanes del 2017 al 2019 i actualment regidor de Blanes, s\u00ed. Des d\u2019aqu\u00ed els agra\u00efm la seva amabilitat i el seu <\/span><i><span style=\"font-weight: 400;\">savoir faire\u00a0<\/span><\/i><\/p>\n<p><span style=\"font-weight: 400;\">Quan l\u2019alumnat va prendre possessi\u00f3 del seu esc\u00f3 dins l\u2019hemicicle es van produir uns instants d\u2019astorament i emoci\u00f3. Finalment, tot es va desenvolupar amb normalitat i amb una gran actuaci\u00f3 dels i les nostres estudiants, que van representar molt dignament el nostre institut.\u00a0<\/span><\/p>\n<p><span style=\"font-weight: 400;\">En els instants finals de cada sessi\u00f3, els i les alumnes podien preguntar al t\u00e8cnic i a la regidora q\u00fcestions del seu inter\u00e8s, que aquests anaven responent. Van sorgir propostes interessants, que la regidora va anar anotant, assegurant que ho tindrien en compte, com per exemple l\u2019ampliaci\u00f3 de l\u2019Skatepark, la construcci\u00f3 d\u2019una piscina municipal o l\u2019obertura dels patis de les escoles i instituts els caps de setmana.\u00a0<\/span><\/p>\n<p><span style=\"font-weight: 400;\">L\u2019experi\u00e8ncia va ser molt positiva, ja que va suposar una forma de con\u00e8ixer in situ una realitat que els afecta directament com ho \u00e9s l\u2019\u00f2rgan de govern que regeix el seu poble. Per a completar la jornada i aprofitant el bon temps, vam gaudir d\u2019una bona estona a la platja, abans de tornar al centre a fer l\u2019\u00faltima hora de classe.<\/span><\/p>\n<p>&nbsp;<\/p>\n<p><a href=\"https:\/\/agora.xtec.cat\/ins-sagulla\/wp-content\/uploads\/usu2114\/2024\/05\/Captura222.jpg\"><img loading=\"lazy\" decoding=\"async\" class=\"alignnone size-medium wp-image-24026\" src=\"https:\/\/agora.xtec.cat\/ins-sagulla\/wp-content\/uploads\/usu2114\/2024\/05\/Captura222-300x166.jpg\" alt=\"\" width=\"300\" height=\"166\" srcset=\"https:\/\/agora.xtec.cat\/ins-sagulla\/wp-content\/uploads\/usu2114\/2024\/05\/Captura222-300x166.jpg 300w, https:\/\/agora.xtec.cat\/ins-sagulla\/wp-content\/uploads\/usu2114\/2024\/05\/Captura222.jpg 655w\" sizes=\"auto, (max-width: 300px) 100vw, 300px\" \/><\/a> <a href=\"https:\/\/agora.xtec.cat\/ins-sagulla\/wp-content\/uploads\/usu2114\/2024\/05\/Captura22.jpg\"><img loading=\"lazy\" decoding=\"async\" class=\"alignnone size-medium wp-image-24027\" src=\"https:\/\/agora.xtec.cat\/ins-sagulla\/wp-content\/uploads\/usu2114\/2024\/05\/Captura22-300x165.jpg\" alt=\"\" width=\"300\" height=\"165\" srcset=\"https:\/\/agora.xtec.cat\/ins-sagulla\/wp-content\/uploads\/usu2114\/2024\/05\/Captura22-300x165.jpg 300w, https:\/\/agora.xtec.cat\/ins-sagulla\/wp-content\/uploads\/usu2114\/2024\/05\/Captura22.jpg 663w\" sizes=\"auto, (max-width: 300px) 100vw, 300px\" \/><\/a> <a href=\"https:\/\/agora.xtec.cat\/ins-sagulla\/wp-content\/uploads\/usu2114\/2024\/05\/Captura2.jpg\"><img loading=\"lazy\" decoding=\"async\" class=\"alignnone size-medium wp-image-24028\" src=\"https:\/\/agora.xtec.cat\/ins-sagulla\/wp-content\/uploads\/usu2114\/2024\/05\/Captura2-300x167.jpg\" alt=\"\" width=\"300\" height=\"167\" srcset=\"https:\/\/agora.xtec.cat\/ins-sagulla\/wp-content\/uploads\/usu2114\/2024\/05\/Captura2-300x167.jpg 300w, https:\/\/agora.xtec.cat\/ins-sagulla\/wp-content\/uploads\/usu2114\/2024\/05\/Captura2.jpg 654w\" sizes=\"auto, (max-width: 300px) 100vw, 300px\" \/><\/a><\/p>\n<p>&nbsp;<\/p>\n","protected":false},"excerpt":{"rendered":"<p>El passat 21 de maig, els i les alumnes de 3r d\u2019ESO de l\u2019Institut S\u2019Agulla van assistir a la sala de plens de l\u2019Ajuntament, per a celebrar justament un ple: \u00e9s a dir, una assemblea entre els 21 regidors i regidores escollits democr\u00e0ticament per la&hellip;  <a href=\"https:\/\/agora.xtec.cat\/ins-sagulla\/general\/fem-un-ple-a-lajuntament\/\" title=\"Read Fem un ple a l&#8217;ajuntament\">Llegeix m\u00e9s\u00bb<\/a><\/p>\n","protected":false},"author":1,"featured_media":24027,"comment_status":"open","ping_status":"closed","sticky":false,"template":"","format":"standard","meta":{"_bbp_topic_count":0,"_bbp_reply_count":0,"_bbp_total_topic_count":0,"_bbp_total_reply_count":0,"_bbp_voice_count":0,"_bbp_anonymous_reply_count":0,"_bbp_topic_count_hidden":0,"_bbp_reply_count_hidden":0,"_bbp_forum_subforum_count":0,"footnotes":""},"categories":[3,6,1,29],"tags":[205,253,387,1277,131,607],"class_list":["post-24025","post","type-post","status-publish","format-standard","has-post-thumbnail","hentry","category-eso","category-eso-3","category-general","category-portada","tag-ajuntament-de-blanes","tag-blanes","tag-cohesio-de-grup","tag-curs-2023-2024","tag-eso","tag-programacio"],"post_mailing_queue_ids":[],"_links":{"self":[{"href":"https:\/\/agora.xtec.cat\/ins-sagulla\/wp-json\/wp\/v2\/posts\/24025","targetHints":{"allow":["GET"]}}],"collection":[{"href":"https:\/\/agora.xtec.cat\/ins-sagulla\/wp-json\/wp\/v2\/posts"}],"about":[{"href":"https:\/\/agora.xtec.cat\/ins-sagulla\/wp-json\/wp\/v2\/types\/post"}],"author":[{"embeddable":true,"href":"https:\/\/agora.xtec.cat\/ins-sagulla\/wp-json\/wp\/v2\/users\/1"}],"replies":[{"embeddable":true,"href":"https:\/\/agora.xtec.cat\/ins-sagulla\/wp-json\/wp\/v2\/comments?post=24025"}],"version-history":[{"count":1,"href":"https:\/\/agora.xtec.cat\/ins-sagulla\/wp-json\/wp\/v2\/posts\/24025\/revisions"}],"predecessor-version":[{"id":24029,"href":"https:\/\/agora.xtec.cat\/ins-sagulla\/wp-json\/wp\/v2\/posts\/24025\/revisions\/24029"}],"wp:featuredmedia":[{"embeddable":true,"href":"https:\/\/agora.xtec.cat\/ins-sagulla\/wp-json\/wp\/v2\/media\/24027"}],"wp:attachment":[{"href":"https:\/\/agora.xtec.cat\/ins-sagulla\/wp-json\/wp\/v2\/media?parent=24025"}],"wp:term":[{"taxonomy":"category","embeddable":true,"href":"https:\/\/agora.xtec.cat\/ins-sagulla\/wp-json\/wp\/v2\/categories?post=24025"},{"taxonomy":"post_tag","embeddable":true,"href":"https:\/\/agora.xtec.cat\/ins-sagulla\/wp-json\/wp\/v2\/tags?post=24025"}],"curies":[{"name":"wp","href":"https:\/\/api.w.org\/{rel}","templated":true}]}}