{"id":2399,"date":"2021-03-11T14:26:04","date_gmt":"2021-03-11T13:26:04","guid":{"rendered":"https:\/\/agora.xtec.cat\/ins-sagulla\/?p=2399"},"modified":"2021-03-26T21:08:44","modified_gmt":"2021-03-26T20:08:44","slug":"canviem-les-aules-per-la-cala-sant-francesc","status":"publish","type":"post","link":"https:\/\/agora.xtec.cat\/ins-sagulla\/general\/canviem-les-aules-per-la-cala-sant-francesc\/","title":{"rendered":"Canviem les aules per la cala Sant Francesc!"},"content":{"rendered":"<p>Els alumnes de 1r d&#8217;ESO han repr\u00e8s les sortides quinzenals despr\u00e9s d&#8217;una breu parada per acabar el segon trimestre.<\/p>\n<p>En un dia preci\u00f3s, hem anat a la cala <strong>Sant Francesc<\/strong>. All\u00e0, hem fet classes d&#8217;orientaci\u00f3 en angl\u00e8s, <em>Land Art<\/em> imitant l&#8217;estil dels prehist\u00f2rics des de l&#8217;assignatura de Socials, mesures des de Matem\u00e0tiques i composici\u00f3 de la sorra des de Ci\u00e8ncies naturals.<\/p>\n<p><a href=\"https:\/\/agora.xtec.cat\/ins-sagulla\/wp-content\/uploads\/usu2114\/2021\/03\/IMG_4264.jpg\"><img loading=\"lazy\" decoding=\"async\" class=\"alignnone size-full wp-image-2468\" src=\"https:\/\/agora.xtec.cat\/ins-sagulla\/wp-content\/uploads\/usu2114\/2021\/03\/IMG_4264.jpg\" alt=\"\" width=\"1015\" height=\"827\" srcset=\"https:\/\/agora.xtec.cat\/ins-sagulla\/wp-content\/uploads\/usu2114\/2021\/03\/IMG_4264.jpg 1015w, https:\/\/agora.xtec.cat\/ins-sagulla\/wp-content\/uploads\/usu2114\/2021\/03\/IMG_4264-300x244.jpg 300w, https:\/\/agora.xtec.cat\/ins-sagulla\/wp-content\/uploads\/usu2114\/2021\/03\/IMG_4264-768x626.jpg 768w\" sizes=\"auto, (max-width: 1015px) 100vw, 1015px\" \/><\/a><\/p>\n<p>A banda, d&#8217;Educaci\u00f3 f\u00edsica s&#8217;han organitzats jocs cooperatius, s&#8217;ha practicat <em>plogging<\/em> (recollir deixalles al temps que fas activitat f\u00edsica, com caminar o c\u00f3rrer) i, des de Visual i Pl\u00e0stica, dibuix del paisatge com a bons <em>urban sketchers<\/em> de Blanes.<\/p>\n<p><a href=\"https:\/\/agora.xtec.cat\/ins-sagulla\/wp-content\/uploads\/usu2114\/2021\/03\/aoeris.png\"><img loading=\"lazy\" decoding=\"async\" class=\"alignnone size-large wp-image-2469\" src=\"https:\/\/agora.xtec.cat\/ins-sagulla\/wp-content\/uploads\/usu2114\/2021\/03\/aoeris-1024x764.png\" alt=\"\" width=\"1024\" height=\"764\" srcset=\"https:\/\/agora.xtec.cat\/ins-sagulla\/wp-content\/uploads\/usu2114\/2021\/03\/aoeris-1024x764.png 1024w, https:\/\/agora.xtec.cat\/ins-sagulla\/wp-content\/uploads\/usu2114\/2021\/03\/aoeris-300x224.png 300w, https:\/\/agora.xtec.cat\/ins-sagulla\/wp-content\/uploads\/usu2114\/2021\/03\/aoeris-768x573.png 768w, https:\/\/agora.xtec.cat\/ins-sagulla\/wp-content\/uploads\/usu2114\/2021\/03\/aoeris-200x150.png 200w, https:\/\/agora.xtec.cat\/ins-sagulla\/wp-content\/uploads\/usu2114\/2021\/03\/aoeris.png 1042w\" sizes=\"auto, (max-width: 1024px) 100vw, 1024px\" \/><\/a><\/p>\n<p><strong>Esmorzars saludables<\/strong><\/p>\n<p>Amb l&#8217;objectiu d&#8217;incentivar els bons h\u00e0bits, tamb\u00e9 des de l&#8217;alimentaci\u00f3, des dels primers cursos de l&#8217;ESO es convida i anima els nois i noies a esmorzar de manera saludable.<\/p>\n<p>Va ser una gran jornada! Aqu\u00ed teniu totes <a href=\"https:\/\/photos.app.goo.gl\/NSMzvCkpb9RTsCDN6\">les imatges.<\/a><\/p>\n<p>&nbsp;<\/p>\n","protected":false},"excerpt":{"rendered":"<p>Els alumnes de 1r d&#8217;ESO han repr\u00e8s les sortides quinzenals despr\u00e9s d&#8217;una breu parada per acabar el segon trimestre.<br \/>\nEn un dia preci\u00f3s, hem anat a la cala Sant Francesc. All\u00e0, hem fet classes d&#8217;orientaci\u00f3 en angl\u00e8s, Land Art imitant l&#8217;estil dels prehist\u00f2rics des de l&#8217;assignatura&hellip;  <a href=\"https:\/\/agora.xtec.cat\/ins-sagulla\/general\/canviem-les-aules-per-la-cala-sant-francesc\/\" title=\"Read Canviem les aules per la cala Sant Francesc!\">Llegeix m\u00e9s\u00bb<\/a><\/p>\n","protected":false},"author":62,"featured_media":2468,"comment_status":"open","ping_status":"closed","sticky":false,"template":"","format":"standard","meta":{"_bbp_topic_count":0,"_bbp_reply_count":0,"_bbp_total_topic_count":0,"_bbp_total_reply_count":0,"_bbp_voice_count":0,"_bbp_anonymous_reply_count":0,"_bbp_topic_count_hidden":0,"_bbp_reply_count_hidden":0,"_bbp_forum_subforum_count":0,"footnotes":""},"categories":[3,4,1,29],"tags":[199,253,463,465,464,462],"class_list":["post-2399","post","type-post","status-publish","format-standard","has-post-thumbnail","hentry","category-eso","category-eso-1","category-general","category-portada","tag-1r-deso","tag-blanes","tag-costa-brava","tag-educacio-per-la-salut","tag-mesures-covid","tag-sortides-quinzenals"],"post_mailing_queue_ids":[],"_links":{"self":[{"href":"https:\/\/agora.xtec.cat\/ins-sagulla\/wp-json\/wp\/v2\/posts\/2399","targetHints":{"allow":["GET"]}}],"collection":[{"href":"https:\/\/agora.xtec.cat\/ins-sagulla\/wp-json\/wp\/v2\/posts"}],"about":[{"href":"https:\/\/agora.xtec.cat\/ins-sagulla\/wp-json\/wp\/v2\/types\/post"}],"author":[{"embeddable":true,"href":"https:\/\/agora.xtec.cat\/ins-sagulla\/wp-json\/wp\/v2\/users\/62"}],"replies":[{"embeddable":true,"href":"https:\/\/agora.xtec.cat\/ins-sagulla\/wp-json\/wp\/v2\/comments?post=2399"}],"version-history":[{"count":3,"href":"https:\/\/agora.xtec.cat\/ins-sagulla\/wp-json\/wp\/v2\/posts\/2399\/revisions"}],"predecessor-version":[{"id":2479,"href":"https:\/\/agora.xtec.cat\/ins-sagulla\/wp-json\/wp\/v2\/posts\/2399\/revisions\/2479"}],"wp:featuredmedia":[{"embeddable":true,"href":"https:\/\/agora.xtec.cat\/ins-sagulla\/wp-json\/wp\/v2\/media\/2468"}],"wp:attachment":[{"href":"https:\/\/agora.xtec.cat\/ins-sagulla\/wp-json\/wp\/v2\/media?parent=2399"}],"wp:term":[{"taxonomy":"category","embeddable":true,"href":"https:\/\/agora.xtec.cat\/ins-sagulla\/wp-json\/wp\/v2\/categories?post=2399"},{"taxonomy":"post_tag","embeddable":true,"href":"https:\/\/agora.xtec.cat\/ins-sagulla\/wp-json\/wp\/v2\/tags?post=2399"}],"curies":[{"name":"wp","href":"https:\/\/api.w.org\/{rel}","templated":true}]}}