{"id":23888,"date":"2024-03-13T14:00:45","date_gmt":"2024-03-13T13:00:45","guid":{"rendered":"https:\/\/agora.xtec.cat\/ins-sagulla\/?p=23888"},"modified":"2024-03-13T14:31:52","modified_gmt":"2024-03-13T13:31:52","slug":"preinscripcio-i-matricula-1-deso","status":"publish","type":"post","link":"https:\/\/agora.xtec.cat\/ins-sagulla\/general\/preinscripcio-i-matricula-1-deso\/","title":{"rendered":"Presentaci\u00f3 fam\u00edlies 1r ESO"},"content":{"rendered":"<p>El dijous 29 de febrer ha tingut lloc, la <strong>xerrada informativa<\/strong> a c\u00e0rrec del director del centre, Josep Hern\u00e1ndez. Amb un aforament de 50 persones, el director ha presentat el centre i els estudis a les fam\u00edlies del futur alumnat de 1r d&#8217;ESO.<\/p>\n<p><em>Si no heu pogut assistir a la xerrada i voleu donar un d&#8217;ull a les presentacions, aqu\u00ed la teniu:<\/em><\/p>\n<p><a href=\"https:\/\/agora.xtec.cat\/ins-sagulla\/wp-content\/uploads\/usu2114\/2024\/03\/PREGUNTES-FREQUENTS-1r-ESO-24-25-1.pdf\">Presentaci\u00f3 1 d&#8217;ESO<\/a><a href=\"https:\/\/agora.xtec.cat\/ins-sagulla\/wp-content\/uploads\/usu2114\/2024\/03\/PREGUNTES-FREQUENTS-1r-ESO-24-25-1.pdf\"><img loading=\"lazy\" decoding=\"async\" class=\"size-medium wp-image-23910 aligncenter\" src=\"https:\/\/agora.xtec.cat\/ins-sagulla\/wp-content\/uploads\/usu2114\/2024\/03\/Captura-de-pantalla-2024-03-13-a-las-14.21.44-300x224.png\" alt=\"\" width=\"300\" height=\"224\" srcset=\"https:\/\/agora.xtec.cat\/ins-sagulla\/wp-content\/uploads\/usu2114\/2024\/03\/Captura-de-pantalla-2024-03-13-a-las-14.21.44-300x224.png 300w, https:\/\/agora.xtec.cat\/ins-sagulla\/wp-content\/uploads\/usu2114\/2024\/03\/Captura-de-pantalla-2024-03-13-a-las-14.21.44-1024x763.png 1024w, https:\/\/agora.xtec.cat\/ins-sagulla\/wp-content\/uploads\/usu2114\/2024\/03\/Captura-de-pantalla-2024-03-13-a-las-14.21.44-768x572.png 768w, https:\/\/agora.xtec.cat\/ins-sagulla\/wp-content\/uploads\/usu2114\/2024\/03\/Captura-de-pantalla-2024-03-13-a-las-14.21.44-200x150.png 200w, https:\/\/agora.xtec.cat\/ins-sagulla\/wp-content\/uploads\/usu2114\/2024\/03\/Captura-de-pantalla-2024-03-13-a-las-14.21.44.png 1200w\" sizes=\"auto, (max-width: 300px) 100vw, 300px\" \/><\/a><\/p>\n","protected":false},"excerpt":{"rendered":"<p>El dijous 29 de febrer ha tingut lloc, la xerrada informativa a c\u00e0rrec del director del centre, Josep Hern\u00e1ndez. Amb un aforament de 50 persones, el director ha presentat el centre i els estudis a les fam\u00edlies del futur alumnat de 1r d&#8217;ESO.<br \/>\nSi no heu&hellip;  <a href=\"https:\/\/agora.xtec.cat\/ins-sagulla\/general\/preinscripcio-i-matricula-1-deso\/\" title=\"Read Presentaci\u00f3 fam\u00edlies 1r ESO\">Llegeix m\u00e9s\u00bb<\/a><\/p>\n","protected":false},"author":1,"featured_media":23910,"comment_status":"open","ping_status":"closed","sticky":false,"template":"","format":"standard","meta":{"_bbp_topic_count":0,"_bbp_reply_count":0,"_bbp_total_topic_count":0,"_bbp_total_reply_count":0,"_bbp_voice_count":0,"_bbp_anonymous_reply_count":0,"_bbp_topic_count_hidden":0,"_bbp_reply_count_hidden":0,"_bbp_forum_subforum_count":0,"footnotes":""},"categories":[3,4,1,29],"tags":[253,1277,131],"class_list":["post-23888","post","type-post","status-publish","format-standard","has-post-thumbnail","hentry","category-eso","category-eso-1","category-general","category-portada","tag-blanes","tag-curs-2023-2024","tag-eso"],"post_mailing_queue_ids":[],"_links":{"self":[{"href":"https:\/\/agora.xtec.cat\/ins-sagulla\/wp-json\/wp\/v2\/posts\/23888","targetHints":{"allow":["GET"]}}],"collection":[{"href":"https:\/\/agora.xtec.cat\/ins-sagulla\/wp-json\/wp\/v2\/posts"}],"about":[{"href":"https:\/\/agora.xtec.cat\/ins-sagulla\/wp-json\/wp\/v2\/types\/post"}],"author":[{"embeddable":true,"href":"https:\/\/agora.xtec.cat\/ins-sagulla\/wp-json\/wp\/v2\/users\/1"}],"replies":[{"embeddable":true,"href":"https:\/\/agora.xtec.cat\/ins-sagulla\/wp-json\/wp\/v2\/comments?post=23888"}],"version-history":[{"count":6,"href":"https:\/\/agora.xtec.cat\/ins-sagulla\/wp-json\/wp\/v2\/posts\/23888\/revisions"}],"predecessor-version":[{"id":23917,"href":"https:\/\/agora.xtec.cat\/ins-sagulla\/wp-json\/wp\/v2\/posts\/23888\/revisions\/23917"}],"wp:featuredmedia":[{"embeddable":true,"href":"https:\/\/agora.xtec.cat\/ins-sagulla\/wp-json\/wp\/v2\/media\/23910"}],"wp:attachment":[{"href":"https:\/\/agora.xtec.cat\/ins-sagulla\/wp-json\/wp\/v2\/media?parent=23888"}],"wp:term":[{"taxonomy":"category","embeddable":true,"href":"https:\/\/agora.xtec.cat\/ins-sagulla\/wp-json\/wp\/v2\/categories?post=23888"},{"taxonomy":"post_tag","embeddable":true,"href":"https:\/\/agora.xtec.cat\/ins-sagulla\/wp-json\/wp\/v2\/tags?post=23888"}],"curies":[{"name":"wp","href":"https:\/\/api.w.org\/{rel}","templated":true}]}}