{"id":2381,"date":"2021-03-15T10:00:41","date_gmt":"2021-03-15T09:00:41","guid":{"rendered":"https:\/\/agora.xtec.cat\/ins-sagulla\/?p=2381"},"modified":"2021-03-16T10:40:59","modified_gmt":"2021-03-16T09:40:59","slug":"les-noves-jardineres-del-sagulla","status":"publish","type":"post","link":"https:\/\/agora.xtec.cat\/ins-sagulla\/general\/les-noves-jardineres-del-sagulla\/","title":{"rendered":"Les noves jardineres del S&#8217;Agulla"},"content":{"rendered":"<p>Al SIEI del S\u2019Agulla els alumnes participen en una optativa de Vida quotidiana, en la que aprenen i posen en pr\u00e0ctica habilitats que els han de facilitar la relaci\u00f3 amb l\u2019entorn, l\u2019autonomia personal i social.<\/p>\n<p>A l\u2019inici d\u2019aquest curs, ens vam embarcar en el projecte de reutilitzar uns palets de fusta per a convertir-los en jardineres.<\/p>\n<p><strong>Un projecte engrescador<\/strong><\/p>\n<p>El projecte ha estat llarg per\u00f2 molt engrescador per als nois i noies que s\u2019han ocupat de protegir la fusta amb oli de llinosa, trasplantar els testos, anar a buscar flors i bulbs al mercat municipal, revisar i regar setmanalment les plantes, elaborar r\u00e8tols per a respectar-les, realitzar un diari d\u2019observaci\u00f3 del creixement de les plantes i, finalment, dissenyar de forma digital un tr\u00edptic que els permet\u00e9s recordar i redactar el munt d\u2019accions i processos implicats en el projecte.<\/p>\n<p>Si voleu observar la seva feina nom\u00e9s us heu d\u2019acostar a l\u2019hort del S\u2019Agulla. Ara que s\u2019apropa la primavera, algunes plantes comencen a florir i les crasses estan m\u00e9s verdes que mai.<\/p>\n<p>Volem donar les gr\u00e0cies al Llu\u00eds, el nostre conserge, que ens va ajudar a muntar les jardineres a la tanca de l\u2019hort. Tamb\u00e9 a l\u2019Anna Giron\u00e8s, professora de Tecnologia, que el curs passat va tenir la iniciativa de reutilitzar els palets per\u00f2 que el confinament va impedir poder portar-la a terme. Gr\u00e0cies Anna per les teves idees!<\/p>\n<p>Aqu\u00ed us deixem un \u00e0lbum de fotografies per si voleu con\u00e8ixer amb m\u00e9s detall el projecte portat a terme:\u00a0<a href=\"https:\/\/photos.app.goo.gl\/XX6oDJCunXMoKWET6\">https:\/\/photos.app.goo.gl\/XX6oDJCunXMoKWET6<\/a><\/p>\n<p><a href=\"https:\/\/agora.xtec.cat\/ins-sagulla\/wp-content\/uploads\/usu2114\/2021\/03\/portada.jpg\"><img loading=\"lazy\" decoding=\"async\" class=\"alignnone size-large wp-image-2382\" src=\"https:\/\/agora.xtec.cat\/ins-sagulla\/wp-content\/uploads\/usu2114\/2021\/03\/portada-1024x768.jpg\" alt=\"\" width=\"1024\" height=\"768\" srcset=\"https:\/\/agora.xtec.cat\/ins-sagulla\/wp-content\/uploads\/usu2114\/2021\/03\/portada-1024x768.jpg 1024w, https:\/\/agora.xtec.cat\/ins-sagulla\/wp-content\/uploads\/usu2114\/2021\/03\/portada-300x225.jpg 300w, https:\/\/agora.xtec.cat\/ins-sagulla\/wp-content\/uploads\/usu2114\/2021\/03\/portada-768x576.jpg 768w, https:\/\/agora.xtec.cat\/ins-sagulla\/wp-content\/uploads\/usu2114\/2021\/03\/portada-200x150.jpg 200w, https:\/\/agora.xtec.cat\/ins-sagulla\/wp-content\/uploads\/usu2114\/2021\/03\/portada.jpg 2000w\" sizes=\"auto, (max-width: 1024px) 100vw, 1024px\" \/><\/a><\/p>\n<p><a href=\"https:\/\/agora.xtec.cat\/ins-sagulla\/wp-content\/uploads\/usu2114\/2021\/03\/8.jpeg\"><img loading=\"lazy\" decoding=\"async\" class=\"alignnone size-large wp-image-2495\" src=\"https:\/\/agora.xtec.cat\/ins-sagulla\/wp-content\/uploads\/usu2114\/2021\/03\/8-905x1024.jpeg\" alt=\"\" width=\"905\" height=\"1024\" srcset=\"https:\/\/agora.xtec.cat\/ins-sagulla\/wp-content\/uploads\/usu2114\/2021\/03\/8-905x1024.jpeg 905w, https:\/\/agora.xtec.cat\/ins-sagulla\/wp-content\/uploads\/usu2114\/2021\/03\/8-265x300.jpeg 265w, https:\/\/agora.xtec.cat\/ins-sagulla\/wp-content\/uploads\/usu2114\/2021\/03\/8-768x869.jpeg 768w, https:\/\/agora.xtec.cat\/ins-sagulla\/wp-content\/uploads\/usu2114\/2021\/03\/8.jpeg 1489w\" sizes=\"auto, (max-width: 905px) 100vw, 905px\" \/><\/a><\/p>\n<p>&nbsp;<\/p>\n","protected":false},"excerpt":{"rendered":"<p>Les jardineres-palets del S&#8217;Agulla&hellip;  <a href=\"https:\/\/agora.xtec.cat\/ins-sagulla\/general\/les-noves-jardineres-del-sagulla\/\" title=\"Read Les noves jardineres del S&#8217;Agulla\">Llegeix m\u00e9s\u00bb<\/a><\/p>\n","protected":false},"author":78,"featured_media":2382,"comment_status":"open","ping_status":"closed","sticky":false,"template":"","format":"standard","meta":{"_bbp_topic_count":0,"_bbp_reply_count":0,"_bbp_total_topic_count":0,"_bbp_total_reply_count":0,"_bbp_voice_count":0,"_bbp_anonymous_reply_count":0,"_bbp_topic_count_hidden":0,"_bbp_reply_count_hidden":0,"_bbp_forum_subforum_count":0,"footnotes":""},"categories":[3,322,1,321,29,129],"tags":[240,457,454,456,461,455],"class_list":["post-2381","post","type-post","status-publish","format-standard","has-post-thumbnail","hentry","category-eso","category-fotos","category-general","category-orientacio","category-portada","category-siei","tag-hort","tag-jardineres","tag-optativa","tag-projectes","tag-treball-dequip","tag-vida-quotidiana"],"post_mailing_queue_ids":[],"_links":{"self":[{"href":"https:\/\/agora.xtec.cat\/ins-sagulla\/wp-json\/wp\/v2\/posts\/2381","targetHints":{"allow":["GET"]}}],"collection":[{"href":"https:\/\/agora.xtec.cat\/ins-sagulla\/wp-json\/wp\/v2\/posts"}],"about":[{"href":"https:\/\/agora.xtec.cat\/ins-sagulla\/wp-json\/wp\/v2\/types\/post"}],"author":[{"embeddable":true,"href":"https:\/\/agora.xtec.cat\/ins-sagulla\/wp-json\/wp\/v2\/users\/78"}],"replies":[{"embeddable":true,"href":"https:\/\/agora.xtec.cat\/ins-sagulla\/wp-json\/wp\/v2\/comments?post=2381"}],"version-history":[{"count":3,"href":"https:\/\/agora.xtec.cat\/ins-sagulla\/wp-json\/wp\/v2\/posts\/2381\/revisions"}],"predecessor-version":[{"id":2497,"href":"https:\/\/agora.xtec.cat\/ins-sagulla\/wp-json\/wp\/v2\/posts\/2381\/revisions\/2497"}],"wp:featuredmedia":[{"embeddable":true,"href":"https:\/\/agora.xtec.cat\/ins-sagulla\/wp-json\/wp\/v2\/media\/2382"}],"wp:attachment":[{"href":"https:\/\/agora.xtec.cat\/ins-sagulla\/wp-json\/wp\/v2\/media?parent=2381"}],"wp:term":[{"taxonomy":"category","embeddable":true,"href":"https:\/\/agora.xtec.cat\/ins-sagulla\/wp-json\/wp\/v2\/categories?post=2381"},{"taxonomy":"post_tag","embeddable":true,"href":"https:\/\/agora.xtec.cat\/ins-sagulla\/wp-json\/wp\/v2\/tags?post=2381"}],"curies":[{"name":"wp","href":"https:\/\/api.w.org\/{rel}","templated":true}]}}