{"id":23796,"date":"2024-03-04T13:54:31","date_gmt":"2024-03-04T12:54:31","guid":{"rendered":"https:\/\/agora.xtec.cat\/ins-sagulla\/?p=23796"},"modified":"2024-03-04T13:54:31","modified_gmt":"2024-03-04T12:54:31","slug":"jornada-de-portes-obertes-2024","status":"publish","type":"post","link":"https:\/\/agora.xtec.cat\/ins-sagulla\/general\/jornada-de-portes-obertes-2024\/","title":{"rendered":"Jornada de Portes Obertes 2024"},"content":{"rendered":"<p>La\u00a0<strong>Jornada de Portes Obertes<\/strong> del S\u2019Agulla, tot un esdeveniment.<\/p>\n<p>Diumenge 3 de mar\u00e7 han tingut lloc les <strong>visites guiades<\/strong> adre\u00e7ades a les fam\u00edlies i al futur alumnat de 1r d\u2019ESO. Les sessions han comen\u00e7at a les 10 hores, amb torns de deu minuts per tal de donar cabuda a totes les fam\u00edlies que van anar venint. Les \u00faltimes visites van finalitzar a les 13 hores. Han estat un <strong>\u00e8xit<\/strong>, ja que vam poder fer grups redu\u00efts de fam\u00edlies per tal de poder explicar-los tots els espais de l&#8217;Institut.<\/p>\n<p>Voldria agrair a tots els<strong> nois i noies de 1r i 2n de Batxillerat<\/strong>, que han fet de<strong> guies entusiastes<\/strong>, i a tothom que ha fet possible la realitzaci\u00f3 d\u2019aquest mat\u00ed tan especial.<\/p>\n<p>Dijous 29 de febrer ha tingut lloc la <strong>xerrada informativa<\/strong> a c\u00e0rrec del director del centre, Josep Hern\u00e1ndez, que ha presentat el centre i els estudis a les fam\u00edlies del futur alumnat de 1r d\u2019ESO.<\/p>\n<p><a href=\"https:\/\/agora.xtec.cat\/ins-sagulla\/wp-content\/uploads\/usu2114\/2024\/03\/portes-obertes-foto4.jpg\"><img loading=\"lazy\" decoding=\"async\" class=\"alignnone wp-image-23797\" src=\"https:\/\/agora.xtec.cat\/ins-sagulla\/wp-content\/uploads\/usu2114\/2024\/03\/portes-obertes-foto4-1024x627.jpg\" alt=\"\" width=\"327\" height=\"200\" srcset=\"https:\/\/agora.xtec.cat\/ins-sagulla\/wp-content\/uploads\/usu2114\/2024\/03\/portes-obertes-foto4-1024x627.jpg 1024w, https:\/\/agora.xtec.cat\/ins-sagulla\/wp-content\/uploads\/usu2114\/2024\/03\/portes-obertes-foto4-300x184.jpg 300w, https:\/\/agora.xtec.cat\/ins-sagulla\/wp-content\/uploads\/usu2114\/2024\/03\/portes-obertes-foto4-768x471.jpg 768w, https:\/\/agora.xtec.cat\/ins-sagulla\/wp-content\/uploads\/usu2114\/2024\/03\/portes-obertes-foto4.jpg 1064w\" sizes=\"auto, (max-width: 327px) 100vw, 327px\" \/><\/a> <a href=\"https:\/\/agora.xtec.cat\/ins-sagulla\/wp-content\/uploads\/usu2114\/2024\/03\/portes-obertes-foto3.jpg\"><img loading=\"lazy\" decoding=\"async\" class=\"alignnone wp-image-23798\" src=\"https:\/\/agora.xtec.cat\/ins-sagulla\/wp-content\/uploads\/usu2114\/2024\/03\/portes-obertes-foto3-1024x563.jpg\" alt=\"\" width=\"360\" height=\"198\" srcset=\"https:\/\/agora.xtec.cat\/ins-sagulla\/wp-content\/uploads\/usu2114\/2024\/03\/portes-obertes-foto3-1024x563.jpg 1024w, https:\/\/agora.xtec.cat\/ins-sagulla\/wp-content\/uploads\/usu2114\/2024\/03\/portes-obertes-foto3-300x165.jpg 300w, https:\/\/agora.xtec.cat\/ins-sagulla\/wp-content\/uploads\/usu2114\/2024\/03\/portes-obertes-foto3-768x422.jpg 768w, https:\/\/agora.xtec.cat\/ins-sagulla\/wp-content\/uploads\/usu2114\/2024\/03\/portes-obertes-foto3.jpg 1052w\" sizes=\"auto, (max-width: 360px) 100vw, 360px\" \/><\/a><\/p>\n<p><a href=\"https:\/\/agora.xtec.cat\/ins-sagulla\/wp-content\/uploads\/usu2114\/2024\/03\/portes-obertes-foto2.jpg\"><img loading=\"lazy\" decoding=\"async\" class=\"alignnone wp-image-23799\" src=\"https:\/\/agora.xtec.cat\/ins-sagulla\/wp-content\/uploads\/usu2114\/2024\/03\/portes-obertes-foto2-1024x616.jpg\" alt=\"\" width=\"341\" height=\"205\" srcset=\"https:\/\/agora.xtec.cat\/ins-sagulla\/wp-content\/uploads\/usu2114\/2024\/03\/portes-obertes-foto2-1024x616.jpg 1024w, https:\/\/agora.xtec.cat\/ins-sagulla\/wp-content\/uploads\/usu2114\/2024\/03\/portes-obertes-foto2-300x181.jpg 300w, https:\/\/agora.xtec.cat\/ins-sagulla\/wp-content\/uploads\/usu2114\/2024\/03\/portes-obertes-foto2-768x462.jpg 768w, https:\/\/agora.xtec.cat\/ins-sagulla\/wp-content\/uploads\/usu2114\/2024\/03\/portes-obertes-foto2.jpg 1070w\" sizes=\"auto, (max-width: 341px) 100vw, 341px\" \/><\/a> <a href=\"https:\/\/agora.xtec.cat\/ins-sagulla\/wp-content\/uploads\/usu2114\/2024\/03\/portes-obertes-foto.jpg\"><img loading=\"lazy\" decoding=\"async\" class=\"alignnone wp-image-23800\" src=\"https:\/\/agora.xtec.cat\/ins-sagulla\/wp-content\/uploads\/usu2114\/2024\/03\/portes-obertes-foto.jpg\" alt=\"\" width=\"297\" height=\"204\" srcset=\"https:\/\/agora.xtec.cat\/ins-sagulla\/wp-content\/uploads\/usu2114\/2024\/03\/portes-obertes-foto.jpg 1009w, https:\/\/agora.xtec.cat\/ins-sagulla\/wp-content\/uploads\/usu2114\/2024\/03\/portes-obertes-foto-300x206.jpg 300w, https:\/\/agora.xtec.cat\/ins-sagulla\/wp-content\/uploads\/usu2114\/2024\/03\/portes-obertes-foto-768x528.jpg 768w\" sizes=\"auto, (max-width: 297px) 100vw, 297px\" \/><\/a><\/p>\n","protected":false},"excerpt":{"rendered":"<p>La\u00a0Jornada de Portes Obertes del S\u2019Agulla, tot un esdeveniment.<br \/>\nDiumenge 3 de mar\u00e7 han tingut lloc les visites guiades adre\u00e7ades a les fam\u00edlies i al futur alumnat de 1r d\u2019ESO. Les sessions han comen\u00e7at a les 10 hores, amb torns de deu minuts per tal de&hellip;  <a href=\"https:\/\/agora.xtec.cat\/ins-sagulla\/general\/jornada-de-portes-obertes-2024\/\" title=\"Read Jornada de Portes Obertes 2024\">Llegeix m\u00e9s\u00bb<\/a><\/p>\n","protected":false},"author":1,"featured_media":23797,"comment_status":"open","ping_status":"closed","sticky":false,"template":"","format":"standard","meta":{"_bbp_topic_count":0,"_bbp_reply_count":0,"_bbp_total_topic_count":0,"_bbp_total_reply_count":0,"_bbp_voice_count":0,"_bbp_anonymous_reply_count":0,"_bbp_topic_count_hidden":0,"_bbp_reply_count_hidden":0,"_bbp_forum_subforum_count":0,"footnotes":""},"categories":[8,3,1,29],"tags":[143,253,387,1277,131,132,106],"class_list":["post-23796","post","type-post","status-publish","format-standard","has-post-thumbnail","hentry","category-batxillerat","category-eso","category-general","category-portada","tag-batxillerat","tag-blanes","tag-cohesio-de-grup","tag-curs-2023-2024","tag-eso","tag-portes-obertes","tag-preinscripcio"],"post_mailing_queue_ids":[],"_links":{"self":[{"href":"https:\/\/agora.xtec.cat\/ins-sagulla\/wp-json\/wp\/v2\/posts\/23796","targetHints":{"allow":["GET"]}}],"collection":[{"href":"https:\/\/agora.xtec.cat\/ins-sagulla\/wp-json\/wp\/v2\/posts"}],"about":[{"href":"https:\/\/agora.xtec.cat\/ins-sagulla\/wp-json\/wp\/v2\/types\/post"}],"author":[{"embeddable":true,"href":"https:\/\/agora.xtec.cat\/ins-sagulla\/wp-json\/wp\/v2\/users\/1"}],"replies":[{"embeddable":true,"href":"https:\/\/agora.xtec.cat\/ins-sagulla\/wp-json\/wp\/v2\/comments?post=23796"}],"version-history":[{"count":3,"href":"https:\/\/agora.xtec.cat\/ins-sagulla\/wp-json\/wp\/v2\/posts\/23796\/revisions"}],"predecessor-version":[{"id":23803,"href":"https:\/\/agora.xtec.cat\/ins-sagulla\/wp-json\/wp\/v2\/posts\/23796\/revisions\/23803"}],"wp:featuredmedia":[{"embeddable":true,"href":"https:\/\/agora.xtec.cat\/ins-sagulla\/wp-json\/wp\/v2\/media\/23797"}],"wp:attachment":[{"href":"https:\/\/agora.xtec.cat\/ins-sagulla\/wp-json\/wp\/v2\/media?parent=23796"}],"wp:term":[{"taxonomy":"category","embeddable":true,"href":"https:\/\/agora.xtec.cat\/ins-sagulla\/wp-json\/wp\/v2\/categories?post=23796"},{"taxonomy":"post_tag","embeddable":true,"href":"https:\/\/agora.xtec.cat\/ins-sagulla\/wp-json\/wp\/v2\/tags?post=23796"}],"curies":[{"name":"wp","href":"https:\/\/api.w.org\/{rel}","templated":true}]}}