{"id":23783,"date":"2024-03-18T08:36:26","date_gmt":"2024-03-18T07:36:26","guid":{"rendered":"https:\/\/agora.xtec.cat\/ins-sagulla\/?p=23783"},"modified":"2025-03-19T17:09:21","modified_gmt":"2025-03-19T16:09:21","slug":"tercer-capitol-del-boligraf-del-coneixement","status":"publish","type":"post","link":"https:\/\/agora.xtec.cat\/ins-sagulla\/general\/tercer-capitol-del-boligraf-del-coneixement\/","title":{"rendered":"Tercer Cap\u00edtol del Bol\u00edgraf del Coneixement"},"content":{"rendered":"<p>Tercer programa de coneixement en catal\u00e0 &#8220;El Bol\u00edgraf del Coneixement&#8221;.<\/p>\n<p>Aqu\u00ed teniu l&#8217;enlla\u00e7 del <a href=\"https:\/\/youtu.be\/aG1D0jJU7vA\">Tercer cap\u00edtol Bol\u00edgraf del coneixement<\/a><\/p>\n<p>(Passar-ho b\u00e9)<\/p>\n","protected":false},"excerpt":{"rendered":"<p>Tercer programa de coneixement en catal\u00e0 &#8220;El Bol\u00edgraf del Coneixement&#8221;.<br \/>\nAqu\u00ed teniu l&#8217;enlla\u00e7 del <a href=\"https:\/\/youtu.be\/aG1D0jJU7vA\">Tercer cap\u00edtol Bol\u00edgraf del coneixement<\/a><br \/>\n(Passar-ho b\u00e9)<\/p>\n","protected":false},"author":1,"featured_media":0,"comment_status":"open","ping_status":"closed","sticky":false,"template":"","format":"standard","meta":{"_bbp_topic_count":0,"_bbp_reply_count":0,"_bbp_total_topic_count":0,"_bbp_total_reply_count":0,"_bbp_voice_count":0,"_bbp_anonymous_reply_count":0,"_bbp_topic_count_hidden":0,"_bbp_reply_count_hidden":0,"_bbp_forum_subforum_count":0,"footnotes":""},"categories":[337,8,1,29],"tags":[205,143,387,376,1277],"class_list":["post-23783","post","type-post","status-publish","format-standard","hentry","category-batx-1","category-batxillerat","category-general","category-portada","tag-ajuntament-de-blanes","tag-batxillerat","tag-cohesio-de-grup","tag-creativitat","tag-curs-2023-2024"],"post_mailing_queue_ids":[],"_links":{"self":[{"href":"https:\/\/agora.xtec.cat\/ins-sagulla\/wp-json\/wp\/v2\/posts\/23783","targetHints":{"allow":["GET"]}}],"collection":[{"href":"https:\/\/agora.xtec.cat\/ins-sagulla\/wp-json\/wp\/v2\/posts"}],"about":[{"href":"https:\/\/agora.xtec.cat\/ins-sagulla\/wp-json\/wp\/v2\/types\/post"}],"author":[{"embeddable":true,"href":"https:\/\/agora.xtec.cat\/ins-sagulla\/wp-json\/wp\/v2\/users\/1"}],"replies":[{"embeddable":true,"href":"https:\/\/agora.xtec.cat\/ins-sagulla\/wp-json\/wp\/v2\/comments?post=23783"}],"version-history":[{"count":1,"href":"https:\/\/agora.xtec.cat\/ins-sagulla\/wp-json\/wp\/v2\/posts\/23783\/revisions"}],"predecessor-version":[{"id":23784,"href":"https:\/\/agora.xtec.cat\/ins-sagulla\/wp-json\/wp\/v2\/posts\/23783\/revisions\/23784"}],"wp:attachment":[{"href":"https:\/\/agora.xtec.cat\/ins-sagulla\/wp-json\/wp\/v2\/media?parent=23783"}],"wp:term":[{"taxonomy":"category","embeddable":true,"href":"https:\/\/agora.xtec.cat\/ins-sagulla\/wp-json\/wp\/v2\/categories?post=23783"},{"taxonomy":"post_tag","embeddable":true,"href":"https:\/\/agora.xtec.cat\/ins-sagulla\/wp-json\/wp\/v2\/tags?post=23783"}],"curies":[{"name":"wp","href":"https:\/\/api.w.org\/{rel}","templated":true}]}}