{"id":23768,"date":"2024-02-26T11:34:23","date_gmt":"2024-02-26T10:34:23","guid":{"rendered":"https:\/\/agora.xtec.cat\/ins-sagulla\/?p=23768"},"modified":"2024-02-25T11:36:23","modified_gmt":"2024-02-25T10:36:23","slug":"assaig-uap-1-i-2-deso","status":"publish","type":"post","link":"https:\/\/agora.xtec.cat\/ins-sagulla\/general\/assaig-uap-1-i-2-deso\/","title":{"rendered":"Assaig UAP 1 i 2 d&#8217;ESO"},"content":{"rendered":"<p>Dilluns 18 de febrer els alumnes que han estat seleccionats per a participar al musical del projecte UAP que aquest any porta per t\u00edtol &#8221; Obre els ulls\u201d van anar al teatre de Lloret de mar a realitzar el primer dels dos assaigs que faran abans de l\u2019actuaci\u00f3 del dia 29. Van pujar a l\u2019escenari a interpretar les can\u00e7ons que han estat assajant i les seves coreografies. De ben segur que ser\u00e0 tot un \u00e8xit!<\/p>\n<p><a href=\"https:\/\/agora.xtec.cat\/ins-sagulla\/wp-content\/uploads\/usu2114\/2024\/02\/image0-2.jpeg\"><img loading=\"lazy\" decoding=\"async\" class=\"alignnone  wp-image-23770\" src=\"https:\/\/agora.xtec.cat\/ins-sagulla\/wp-content\/uploads\/usu2114\/2024\/02\/image0-2.jpeg\" alt=\"\" width=\"447\" height=\"335\" srcset=\"https:\/\/agora.xtec.cat\/ins-sagulla\/wp-content\/uploads\/usu2114\/2024\/02\/image0-2.jpeg 640w, https:\/\/agora.xtec.cat\/ins-sagulla\/wp-content\/uploads\/usu2114\/2024\/02\/image0-2-300x225.jpeg 300w, https:\/\/agora.xtec.cat\/ins-sagulla\/wp-content\/uploads\/usu2114\/2024\/02\/image0-2-200x150.jpeg 200w\" sizes=\"auto, (max-width: 447px) 100vw, 447px\" \/><\/a><a href=\"https:\/\/agora.xtec.cat\/ins-sagulla\/wp-content\/uploads\/usu2114\/2024\/02\/image1-2.jpeg\"><img loading=\"lazy\" decoding=\"async\" class=\"alignnone  wp-image-23769\" src=\"https:\/\/agora.xtec.cat\/ins-sagulla\/wp-content\/uploads\/usu2114\/2024\/02\/image1-2.jpeg\" alt=\"\" width=\"444\" height=\"333\" srcset=\"https:\/\/agora.xtec.cat\/ins-sagulla\/wp-content\/uploads\/usu2114\/2024\/02\/image1-2.jpeg 640w, https:\/\/agora.xtec.cat\/ins-sagulla\/wp-content\/uploads\/usu2114\/2024\/02\/image1-2-300x225.jpeg 300w, https:\/\/agora.xtec.cat\/ins-sagulla\/wp-content\/uploads\/usu2114\/2024\/02\/image1-2-200x150.jpeg 200w\" sizes=\"auto, (max-width: 444px) 100vw, 444px\" \/><\/a><\/p>\n","protected":false},"excerpt":{"rendered":"<p>Dilluns 18 de febrer els alumnes que han estat seleccionats per a participar al musical del projecte UAP que aquest any porta per t\u00edtol &#8221; Obre els ulls\u201d van anar al teatre de Lloret de mar a realitzar el primer dels dos assaigs que faran&hellip;  <a href=\"https:\/\/agora.xtec.cat\/ins-sagulla\/general\/assaig-uap-1-i-2-deso\/\" title=\"Read Assaig UAP 1 i 2 d&#8217;ESO\">Llegeix m\u00e9s\u00bb<\/a><\/p>\n","protected":false},"author":1,"featured_media":0,"comment_status":"open","ping_status":"closed","sticky":false,"template":"","format":"standard","meta":{"_bbp_topic_count":0,"_bbp_reply_count":0,"_bbp_total_topic_count":0,"_bbp_total_reply_count":0,"_bbp_voice_count":0,"_bbp_anonymous_reply_count":0,"_bbp_topic_count_hidden":0,"_bbp_reply_count_hidden":0,"_bbp_forum_subforum_count":0,"footnotes":""},"categories":[3,4,5,1,29],"tags":[205,387,329,1277,131,237],"class_list":["post-23768","post","type-post","status-publish","format-standard","hentry","category-eso","category-eso-1","category-eso-2","category-general","category-portada","tag-ajuntament-de-blanes","tag-cohesio-de-grup","tag-concurs","tag-curs-2023-2024","tag-eso","tag-sortida"],"post_mailing_queue_ids":[],"_links":{"self":[{"href":"https:\/\/agora.xtec.cat\/ins-sagulla\/wp-json\/wp\/v2\/posts\/23768","targetHints":{"allow":["GET"]}}],"collection":[{"href":"https:\/\/agora.xtec.cat\/ins-sagulla\/wp-json\/wp\/v2\/posts"}],"about":[{"href":"https:\/\/agora.xtec.cat\/ins-sagulla\/wp-json\/wp\/v2\/types\/post"}],"author":[{"embeddable":true,"href":"https:\/\/agora.xtec.cat\/ins-sagulla\/wp-json\/wp\/v2\/users\/1"}],"replies":[{"embeddable":true,"href":"https:\/\/agora.xtec.cat\/ins-sagulla\/wp-json\/wp\/v2\/comments?post=23768"}],"version-history":[{"count":1,"href":"https:\/\/agora.xtec.cat\/ins-sagulla\/wp-json\/wp\/v2\/posts\/23768\/revisions"}],"predecessor-version":[{"id":23771,"href":"https:\/\/agora.xtec.cat\/ins-sagulla\/wp-json\/wp\/v2\/posts\/23768\/revisions\/23771"}],"wp:attachment":[{"href":"https:\/\/agora.xtec.cat\/ins-sagulla\/wp-json\/wp\/v2\/media?parent=23768"}],"wp:term":[{"taxonomy":"category","embeddable":true,"href":"https:\/\/agora.xtec.cat\/ins-sagulla\/wp-json\/wp\/v2\/categories?post=23768"},{"taxonomy":"post_tag","embeddable":true,"href":"https:\/\/agora.xtec.cat\/ins-sagulla\/wp-json\/wp\/v2\/tags?post=23768"}],"curies":[{"name":"wp","href":"https:\/\/api.w.org\/{rel}","templated":true}]}}