{"id":23704,"date":"2024-02-08T08:28:08","date_gmt":"2024-02-08T07:28:08","guid":{"rendered":"https:\/\/agora.xtec.cat\/ins-sagulla\/?p=23704"},"modified":"2024-02-06T12:33:42","modified_gmt":"2024-02-06T11:33:42","slug":"refugiats-per-que","status":"publish","type":"post","link":"https:\/\/agora.xtec.cat\/ins-sagulla\/general\/refugiats-per-que\/","title":{"rendered":"REFUGIATS per qu\u00e8?"},"content":{"rendered":"<div>El divendres 26 de gener, l&#8217;alumnat de 4t d&#8217;ESO va visitar una exposici\u00f3 a la Biblioteca Comarcal: REFUGIATS per qu\u00e8?<\/div>\n<div>Aquesta exposici\u00f3 itinerant de la m\u00e0 de Fundi Pau vol contribuir a fomentar la reflexi\u00f3 sobre dues principals causes que hi ha darrere la crisi de refugiats dels \u00faltims anys: l&#8217;armamentisme i la guerra.<\/div>\n<div>.<\/div>\n<div><a href=\"https:\/\/agora.xtec.cat\/ins-sagulla\/wp-content\/uploads\/usu2114\/2024\/02\/1706703952554-scaled.jpg\"><img loading=\"lazy\" decoding=\"async\" class=\"alignnone  wp-image-23705\" src=\"https:\/\/agora.xtec.cat\/ins-sagulla\/wp-content\/uploads\/usu2114\/2024\/02\/1706703952554-462x1024.jpg\" alt=\"\" width=\"168\" height=\"372\" srcset=\"https:\/\/agora.xtec.cat\/ins-sagulla\/wp-content\/uploads\/usu2114\/2024\/02\/1706703952554-462x1024.jpg 462w, https:\/\/agora.xtec.cat\/ins-sagulla\/wp-content\/uploads\/usu2114\/2024\/02\/1706703952554-135x300.jpg 135w, https:\/\/agora.xtec.cat\/ins-sagulla\/wp-content\/uploads\/usu2114\/2024\/02\/1706703952554-768x1703.jpg 768w, https:\/\/agora.xtec.cat\/ins-sagulla\/wp-content\/uploads\/usu2114\/2024\/02\/1706703952554-693x1536.jpg 693w, https:\/\/agora.xtec.cat\/ins-sagulla\/wp-content\/uploads\/usu2114\/2024\/02\/1706703952554-924x2048.jpg 924w, https:\/\/agora.xtec.cat\/ins-sagulla\/wp-content\/uploads\/usu2114\/2024\/02\/1706703952554-scaled.jpg 1155w\" sizes=\"auto, (max-width: 168px) 100vw, 168px\" \/><\/a> \u00a0 \u00a0 <a href=\"https:\/\/agora.xtec.cat\/ins-sagulla\/wp-content\/uploads\/usu2114\/2024\/02\/1706703935316-scaled.jpg\"><img loading=\"lazy\" decoding=\"async\" class=\"alignnone  wp-image-23706\" src=\"https:\/\/agora.xtec.cat\/ins-sagulla\/wp-content\/uploads\/usu2114\/2024\/02\/1706703935316-498x1024.jpg\" alt=\"\" width=\"182\" height=\"375\" srcset=\"https:\/\/agora.xtec.cat\/ins-sagulla\/wp-content\/uploads\/usu2114\/2024\/02\/1706703935316-498x1024.jpg 498w, https:\/\/agora.xtec.cat\/ins-sagulla\/wp-content\/uploads\/usu2114\/2024\/02\/1706703935316-146x300.jpg 146w, https:\/\/agora.xtec.cat\/ins-sagulla\/wp-content\/uploads\/usu2114\/2024\/02\/1706703935316-768x1580.jpg 768w, https:\/\/agora.xtec.cat\/ins-sagulla\/wp-content\/uploads\/usu2114\/2024\/02\/1706703935316-746x1536.jpg 746w, https:\/\/agora.xtec.cat\/ins-sagulla\/wp-content\/uploads\/usu2114\/2024\/02\/1706703935316-995x2048.jpg 995w, https:\/\/agora.xtec.cat\/ins-sagulla\/wp-content\/uploads\/usu2114\/2024\/02\/1706703935316-scaled.jpg 1244w\" sizes=\"auto, (max-width: 182px) 100vw, 182px\" \/><\/a><a href=\"https:\/\/agora.xtec.cat\/ins-sagulla\/wp-content\/uploads\/usu2114\/2024\/02\/1706703977935-scaled.jpg\">\u00a0 \u00a0 <img loading=\"lazy\" decoding=\"async\" class=\"alignnone  wp-image-23707\" src=\"https:\/\/agora.xtec.cat\/ins-sagulla\/wp-content\/uploads\/usu2114\/2024\/02\/1706703977935-460x1024.jpg\" alt=\"\" width=\"168\" height=\"374\" srcset=\"https:\/\/agora.xtec.cat\/ins-sagulla\/wp-content\/uploads\/usu2114\/2024\/02\/1706703977935-460x1024.jpg 460w, https:\/\/agora.xtec.cat\/ins-sagulla\/wp-content\/uploads\/usu2114\/2024\/02\/1706703977935-135x300.jpg 135w, https:\/\/agora.xtec.cat\/ins-sagulla\/wp-content\/uploads\/usu2114\/2024\/02\/1706703977935-768x1709.jpg 768w, https:\/\/agora.xtec.cat\/ins-sagulla\/wp-content\/uploads\/usu2114\/2024\/02\/1706703977935-690x1536.jpg 690w, https:\/\/agora.xtec.cat\/ins-sagulla\/wp-content\/uploads\/usu2114\/2024\/02\/1706703977935-920x2048.jpg 920w, https:\/\/agora.xtec.cat\/ins-sagulla\/wp-content\/uploads\/usu2114\/2024\/02\/1706703977935-scaled.jpg 1150w\" sizes=\"auto, (max-width: 168px) 100vw, 168px\" \/><\/a><\/div>\n","protected":false},"excerpt":{"rendered":"<p>El divendres 26 de gener, l&#8217;alumnat de 4t d&#8217;ESO va visitar una exposici\u00f3 a la Biblioteca Comarcal: REFUGIATS per qu\u00e8?<br \/>\nAquesta exposici\u00f3 itinerant de la m\u00e0 de Fundi Pau vol contribuir a fomentar la reflexi\u00f3 sobre dues principals causes que hi ha darrere la crisi de&hellip;  <a href=\"https:\/\/agora.xtec.cat\/ins-sagulla\/general\/refugiats-per-que\/\" title=\"Read REFUGIATS per qu\u00e8?\">Llegeix m\u00e9s\u00bb<\/a><\/p>\n","protected":false},"author":1,"featured_media":23707,"comment_status":"open","ping_status":"closed","sticky":false,"template":"","format":"standard","meta":{"_bbp_topic_count":0,"_bbp_reply_count":0,"_bbp_total_topic_count":0,"_bbp_total_reply_count":0,"_bbp_voice_count":0,"_bbp_anonymous_reply_count":0,"_bbp_topic_count_hidden":0,"_bbp_reply_count_hidden":0,"_bbp_forum_subforum_count":0,"footnotes":""},"categories":[3,7,1,29],"tags":[205,1035,253,1277,131,237,177],"class_list":["post-23704","post","type-post","status-publish","format-standard","has-post-thumbnail","hentry","category-eso","category-eso-4","category-general","category-portada","tag-ajuntament-de-blanes","tag-biblioteca","tag-blanes","tag-curs-2023-2024","tag-eso","tag-sortida","tag-tutoria"],"post_mailing_queue_ids":[],"_links":{"self":[{"href":"https:\/\/agora.xtec.cat\/ins-sagulla\/wp-json\/wp\/v2\/posts\/23704","targetHints":{"allow":["GET"]}}],"collection":[{"href":"https:\/\/agora.xtec.cat\/ins-sagulla\/wp-json\/wp\/v2\/posts"}],"about":[{"href":"https:\/\/agora.xtec.cat\/ins-sagulla\/wp-json\/wp\/v2\/types\/post"}],"author":[{"embeddable":true,"href":"https:\/\/agora.xtec.cat\/ins-sagulla\/wp-json\/wp\/v2\/users\/1"}],"replies":[{"embeddable":true,"href":"https:\/\/agora.xtec.cat\/ins-sagulla\/wp-json\/wp\/v2\/comments?post=23704"}],"version-history":[{"count":2,"href":"https:\/\/agora.xtec.cat\/ins-sagulla\/wp-json\/wp\/v2\/posts\/23704\/revisions"}],"predecessor-version":[{"id":23709,"href":"https:\/\/agora.xtec.cat\/ins-sagulla\/wp-json\/wp\/v2\/posts\/23704\/revisions\/23709"}],"wp:featuredmedia":[{"embeddable":true,"href":"https:\/\/agora.xtec.cat\/ins-sagulla\/wp-json\/wp\/v2\/media\/23707"}],"wp:attachment":[{"href":"https:\/\/agora.xtec.cat\/ins-sagulla\/wp-json\/wp\/v2\/media?parent=23704"}],"wp:term":[{"taxonomy":"category","embeddable":true,"href":"https:\/\/agora.xtec.cat\/ins-sagulla\/wp-json\/wp\/v2\/categories?post=23704"},{"taxonomy":"post_tag","embeddable":true,"href":"https:\/\/agora.xtec.cat\/ins-sagulla\/wp-json\/wp\/v2\/tags?post=23704"}],"curies":[{"name":"wp","href":"https:\/\/api.w.org\/{rel}","templated":true}]}}